{"id":8467,"date":"2012-12-09T13:03:32","date_gmt":"2012-12-09T16:03:32","guid":{"rendered":"http:\/\/www.24baires.com\/?p=8467"},"modified":"2012-12-09T13:03:32","modified_gmt":"2012-12-09T16:03:32","slug":"operativo-sol-2013-piden-precisiones-sobre-las-contratacion-de-efectivos","status":"publish","type":"post","link":"https:\/\/www.24baires.com\/?p=8467","title":{"rendered":"Operativo Sol 2013: piden precisiones sobre las contrataci\u00f3n de efectivos"},"content":{"rendered":"<p>La presidente del bloque Uni\u00f3n Celeste y Blanco, M\u00f3nica L\u00f3pez, present\u00f3 un pedido de informes sobre la modalidad de contrataci\u00f3n del personal asignado al Operativo Sol 2013.<!--more--><\/p>\n<p>La legisladora denarvaista solicit\u00f3 informes sobre la cantidad de personal que se prev\u00e9 contratar para el Operativo Sol, la funci\u00f3n a desarrollar y si estos se encuentran habilitados para la prestaci\u00f3n de servicios de seguridad privada.<\/p>\n<p>El ministro de Justicia y Seguridad bonaerense, Ricardo Casal, afirm\u00f3 que un millar de trabajadores de agencias de seguridad privadas bonaerenses se sumar\u00e1n al Operativo Sol 2013 para actuar en la prevenci\u00f3n del delito junto a siete mil polic\u00edas y otros 800 agentes del Servicio Penitenciario Bonaerense que se distribuir\u00e1n en la costa atl\u00e1ntica y las principales ciudades tur\u00edsticas de la provincia.<\/p>\n<p>\u201cEs necesario conocer de fuentes oficiales qu\u00e9 empresas de seguridad privada prestar\u00e1n servicios en el marco del Operativo Sol durante el verano 2013. Por eso, es necesario precisar si estas agencias se encuentran habilitadas, cual es su forma de contrataci\u00f3n, la cantidad de personal asignado y los gastos en que se ha incurrido para contratarlas con el fin de garantizar la seguridad en los principales centros tur\u00edsticos bonaerenses\u201d, explic\u00f3 la diputada.<\/p>\n","protected":false},"excerpt":{"rendered":"<p>La presidente del bloque Uni\u00f3n Celeste y Blanco, M\u00f3nica L\u00f3pez, present\u00f3 un pedido de informes sobre la modalidad de contrataci\u00f3n del personal asignado al Operativo Sol 2013.<\/p>\n","protected":false},"author":4,"featured_media":0,"comment_status":"open","ping_status":"open","sticky":false,"template":"","format":"standard","meta":{"_jetpack_newsletter_access":"","_jetpack_dont_email_post_to_subs":false,"_jetpack_newsletter_tier_id":0,"_jetpack_memberships_contains_paywalled_content":false,"_jetpack_memberships_contains_paid_content":false,"footnotes":""},"categories":[1],"tags":[],"class_list":["post-8467","post","type-post","status-publish","format-standard","hentry","category-sociedad"],"jetpack_featured_media_url":"","jetpack_shortlink":"https:\/\/wp.me\/p2JWE0-2cz","jetpack-related-posts":[{"id":117019,"url":"https:\/\/www.24baires.com\/?p=117019","url_meta":{"origin":8467,"position":0},"title":"Provincia anunci\u00f3 aumentos para polic\u00edas y penitenciarios","author":"GB","date":"14\/01\/2021","format":false,"excerpt":"Tras las tensiones entre el gobierno bonaerense y las fuerzas de seguridad, este jueves se conoci\u00f3 que se aplicar\u00e1 un aumento adicional en los salarios del 6,8% promedio respecto a diciembre de 2019, retroactivo al mes de diciembre de 2020 Luego de cuatro meses de malestar de las polic\u00eda bonaerense\u2026","rel":"","context":"En \u00abProvincia\u00bb","block_context":{"text":"Provincia","link":"https:\/\/www.24baires.com\/?cat=40"},"img":{"alt_text":"","src":"https:\/\/i0.wp.com\/www.24baires.com\/wp-content\/uploads\/2020\/04\/berni-policias.jpg?resize=350%2C200","width":350,"height":200,"srcset":"https:\/\/i0.wp.com\/www.24baires.com\/wp-content\/uploads\/2020\/04\/berni-policias.jpg?resize=350%2C200 1x, https:\/\/i0.wp.com\/www.24baires.com\/wp-content\/uploads\/2020\/04\/berni-policias.jpg?resize=525%2C300 1.5x"},"classes":[]},{"id":101161,"url":"https:\/\/www.24baires.com\/?p=101161","url_meta":{"origin":8467,"position":1},"title":"La Renga: el Concejo reclama a la Provincia que garantice el operativo de seguridad","author":"GB","date":"20\/03\/2018","format":false,"excerpt":"MAR DEL PLATA-El pedido fue elevado por los presidentes de los bloques de concejales a trav\u00e9s de un proyecto de comunicaci\u00f3n El Concejo Deliberante reclam\u00f3 al Ministerio de Seguridad bonaerense que garantice el operativo de seguridad para que se realice el recital de la banda de rock La Renga, previsto\u2026","rel":"","context":"En \u00abMunicipios\u00bb","block_context":{"text":"Municipios","link":"https:\/\/www.24baires.com\/?cat=44"},"img":{"alt_text":"","src":"https:\/\/i0.wp.com\/www.24baires.com\/wp-content\/uploads\/2018\/03\/recital-la-renga.jpg?resize=350%2C200","width":350,"height":200,"srcset":"https:\/\/i0.wp.com\/www.24baires.com\/wp-content\/uploads\/2018\/03\/recital-la-renga.jpg?resize=350%2C200 1x, https:\/\/i0.wp.com\/www.24baires.com\/wp-content\/uploads\/2018\/03\/recital-la-renga.jpg?resize=525%2C300 1.5x"},"classes":[]},{"id":9056,"url":"https:\/\/www.24baires.com\/?p=9056","url_meta":{"origin":8467,"position":2},"title":"Empresas de Seguridad Privada \u00abcolaborar\u00e1n\u00bb en el Operativo Sol","author":"Grupo Sierra","date":"14\/12\/2012","format":false,"excerpt":"LA PLATA - El ministro de Justicia y Seguridad, Ricardo Casal, firm\u00f3 ayer un acuerdo con las c\u00e1maras de empresas de seguridad privada para sumar a los vigiladores a las actividades de prevenci\u00f3n en el marco del Operativo Sol, y destac\u00f3 que \u201cla uni\u00f3n de sectores privados representa el compromiso\u2026","rel":"","context":"En \u00abProvincia\u00bb","block_context":{"text":"Provincia","link":"https:\/\/www.24baires.com\/?cat=40"},"img":{"alt_text":"Casal-camaras","src":"https:\/\/i0.wp.com\/www.24baires.com\/wp-content\/uploads\/2012\/12\/Casal-camaras.jpg?resize=350%2C200","width":350,"height":200,"srcset":"https:\/\/i0.wp.com\/www.24baires.com\/wp-content\/uploads\/2012\/12\/Casal-camaras.jpg?resize=350%2C200 1x, https:\/\/i0.wp.com\/www.24baires.com\/wp-content\/uploads\/2012\/12\/Casal-camaras.jpg?resize=525%2C300 1.5x"},"classes":[]},{"id":87492,"url":"https:\/\/www.24baires.com\/?p=87492","url_meta":{"origin":8467,"position":3},"title":"Casi el 80% de las empresas no piensa contratar personal en lo que resta del a\u00f1o","author":"GB","date":"13\/09\/2016","format":false,"excerpt":"Seg\u00fan una encuesta, el 8% admiti\u00f3 que tiene prevista despedir trabajadores de ac\u00e1 a fin de a\u00f1o. El 77% de los empleadores no espera contratar m\u00e1s trabajadores durante el \u00faltimo trimestre de 2016, aunque hay \"signos de recuperaci\u00f3n\" en el mercado laboral, de acuerdo con un informe privado difundido este\u2026","rel":"","context":"En \u00abPol\u00edtica\u00bb","block_context":{"text":"Pol\u00edtica","link":"https:\/\/www.24baires.com\/?cat=51"},"img":{"alt_text":"","src":"","width":0,"height":0},"classes":[]},{"id":101246,"url":"https:\/\/www.24baires.com\/?p=101246","url_meta":{"origin":8467,"position":4},"title":"Incautan m\u00e1s de 80 armas cortantes y psicof\u00e1rmacos en la c\u00e1rcel de Florencio Varela","author":"AF","date":"23\/03\/2018","format":false,"excerpt":"M\u00e1s de 80 cuchillos y facas, varios tel\u00e9fonos celulares, psicof\u00e1rmacos y prendas de vestir de mujer y de guardiac\u00e1rceles fueron incautados esta madrugada durante una requisa sorpresiva en el penal 23 de Florencio Varela, y se investiga si los internos planeaban una fuga, informaron fuentes del Servicio Penitenciario Bonaerense (SPB).\u2026","rel":"","context":"En \u00abLocales\u00bb","block_context":{"text":"Locales","link":"https:\/\/www.24baires.com\/?cat=38"},"img":{"alt_text":"","src":"https:\/\/i0.wp.com\/www.24baires.com\/wp-content\/uploads\/2014\/03\/c%C3%A1rcel.jpeg?resize=350%2C200","width":350,"height":200,"srcset":"https:\/\/i0.wp.com\/www.24baires.com\/wp-content\/uploads\/2014\/03\/c%C3%A1rcel.jpeg?resize=350%2C200 1x, https:\/\/i0.wp.com\/www.24baires.com\/wp-content\/uploads\/2014\/03\/c%C3%A1rcel.jpeg?resize=525%2C300 1.5x"},"classes":[]},{"id":9992,"url":"https:\/\/www.24baires.com\/?p=9992","url_meta":{"origin":8467,"position":5},"title":"Lanzan el cl\u00e1sico Operativo Sol en los mayores centros tur\u00edsticos de la Provincia","author":"AF","date":"21\/12\/2012","format":false,"excerpt":"Involucra a 8.000 polic\u00edas, 600 patrulleros, m\u00e1s de 500 motocicletas, 2 helic\u00f3pteros, ambulancias y bomberos. El Gobierno bonaerense lanza este viernes el Operativo Sol en el que estar\u00e1n involucrados 8.000 polic\u00edas dedicados a la prevenci\u00f3n de la seguridad, entre los cuales hay un millar que pertenece a agencias privadas. Se\u2026","rel":"","context":"En \u00abSociedad\u00bb","block_context":{"text":"Sociedad","link":"https:\/\/www.24baires.com\/?cat=1"},"img":{"alt_text":"operativo sol","src":"https:\/\/i0.wp.com\/www.24baires.com\/wp-content\/uploads\/2012\/12\/operativo-sol.jpg?resize=350%2C200","width":350,"height":200,"srcset":"https:\/\/i0.wp.com\/www.24baires.com\/wp-content\/uploads\/2012\/12\/operativo-sol.jpg?resize=350%2C200 1x, https:\/\/i0.wp.com\/www.24baires.com\/wp-content\/uploads\/2012\/12\/operativo-sol.jpg?resize=525%2C300 1.5x"},"classes":[]}],"jetpack_sharing_enabled":true,"jetpack_likes_enabled":true,"_links":{"self":[{"href":"https:\/\/www.24baires.com\/index.php?rest_route=\/wp\/v2\/posts\/8467","targetHints":{"allow":["GET"]}}],"collection":[{"href":"https:\/\/www.24baires.com\/index.php?rest_route=\/wp\/v2\/posts"}],"about":[{"href":"https:\/\/www.24baires.com\/index.php?rest_route=\/wp\/v2\/types\/post"}],"author":[{"embeddable":true,"href":"https:\/\/www.24baires.com\/index.php?rest_route=\/wp\/v2\/users\/4"}],"replies":[{"embeddable":true,"href":"https:\/\/www.24baires.com\/index.php?rest_route=%2Fwp%2Fv2%2Fcomments&post=8467"}],"version-history":[{"count":1,"href":"https:\/\/www.24baires.com\/index.php?rest_route=\/wp\/v2\/posts\/8467\/revisions"}],"predecessor-version":[{"id":8469,"href":"https:\/\/www.24baires.com\/index.php?rest_route=\/wp\/v2\/posts\/8467\/revisions\/8469"}],"wp:attachment":[{"href":"https:\/\/www.24baires.com\/index.php?rest_route=%2Fwp%2Fv2%2Fmedia&parent=8467"}],"wp:term":[{"taxonomy":"category","embeddable":true,"href":"https:\/\/www.24baires.com\/index.php?rest_route=%2Fwp%2Fv2%2Fcategories&post=8467"},{"taxonomy":"post_tag","embeddable":true,"href":"https:\/\/www.24baires.com\/index.php?rest_route=%2Fwp%2Fv2%2Ftags&post=8467"}],"curies":[{"name":"wp","href":"https:\/\/api.w.org\/{rel}","templated":true}]}}