{"id":8465,"date":"2012-12-09T12:05:54","date_gmt":"2012-12-09T15:05:54","guid":{"rendered":"http:\/\/www.24baires.com\/?p=8465"},"modified":"2012-12-09T12:33:03","modified_gmt":"2012-12-09T15:33:03","slug":"este-verano-la-estadia-promedio-en-la-costa-sera-de-cinco-dias","status":"publish","type":"post","link":"https:\/\/www.24baires.com\/?p=8465","title":{"rendered":"Este verano, la estad\u00eda promedio en la Costa ser\u00e1 de cinco d\u00edas"},"content":{"rendered":"<p>Esta temporada de vacaciones de verano, gran parte de los turistas optar\u00e1n por tomarse descansos m\u00e1s breves, especialmente los fines de semana. As\u00ed, se prev\u00e9 que en la Costa, la cantidad de viajeros crezca s\u00e1bado y domingo y baje en la semana.<!--more--><\/p>\n<p>La decisi\u00f3n de tomarse vacaciones de menor extensi\u00f3n es un nuevo paso en una tendencia de acortamiento del periodo vacacional que viene registr\u00e1ndose desde hace al menos una d\u00e9cada. As\u00ed, el mes completo de vacaciones dej\u00f3 lugar a la quincena y luego a la semana o el fin de semana (un fin de semana extendido, que puede comenzar el jueves o el viernes al mediod\u00eda).<\/p>\n<p>\u00abEsto es una modalidad mundial\u00bb, se\u00f1ala Oscar Ghezzi, presidente de la C\u00e1mara Argentina de Turismo (CAT). \u00abHace muchos a\u00f1os, la gente sal\u00eda de vacaciones no antes del 2 de enero para pasar las Fiestas en casa con la familia. Hoy es al rev\u00e9s: muchos eligen pasar Navidad y A\u00f1o Nuevo en otro destino, y vuelven el 2 \u00f3 3 de enero. Y despu\u00e9s hacen miniescapadas el resto del verano\u00bb, a\u00f1ade.<\/p>\n<p>En Mar del Plata, el promedio de estad\u00eda para esta temporada es de cinco d\u00edas, seg\u00fan estimaron desde el sector inmobiliario y hotelero. En 2010, la media de estad\u00eda fueron siete d\u00edas; el promedio viene en baja en los \u00faltimos cinco a\u00f1os.<\/p>\n<p>\u00abCada a\u00f1o preparamos propuestas de siete d\u00edas y cada vez con m\u00e1s servicios, pero hay un porcentaje importante de clientela que sigue eligiendo cuatro o cinco d\u00edas con el fin de semana incluido\u00bb, apuntaron desde el hotel Sheraton de Mar del Plata.<\/p>\n<p>Del mismo modo, en el rubro inmobiliario dijeron tener que armar \u00abverdaderos rompecabezas\u00bb para poder hacer frente a una demanda fragmentada de la forma m\u00e1s satisfactoria.<\/p>\n<p>En este sentido, Eduardo Palena, directivo de la Asociaci\u00f3n Hotelera Gastron\u00f3mica de Mar del Plata, dijo: \u00abLas estadas de semana completa son menos habituales y en su gran mayor\u00eda responden a grupos cerrados que vienen con paquetes tur\u00edsticos contratados\u00bb en lo que respecta a hoteles de dos o tres estrellas.<\/p>\n<p>La nueva modalidad de vacaciones corresponde, seg\u00fan los operadores tur\u00edsticos, a turistas que viajan pocos d\u00edas, pero m\u00e1s de una vez por temporada, al mismo destino o a diferentes. Esta \u00faltima posibilidad es uno de los atractivos principales de las \u00abminivacaciones\u00bb.<\/p>\n<p>La nueva moda en vacaciones de pocos d\u00edas tambi\u00e9n puede haber cuestiones de salud, ya que varios expertos recomiendan distribuir peque\u00f1os descansos a lo largo del a\u00f1o para no llegar agotados a fin de a\u00f1o. La inclusi\u00f3n de nuevos feriados a partir de 2010 en este sentido facilita tomarse minivacaciones en distintos momentos del a\u00f1o.<\/p>\n","protected":false},"excerpt":{"rendered":"<p>Esta temporada de vacaciones de verano, gran parte de los turistas optar\u00e1n por tomarse descansos m\u00e1s breves, especialmente los fines de semana. As\u00ed, se prev\u00e9 que en la Costa, la cantidad de viajeros crezca s\u00e1bado y domingo y baje en la semana.<\/p>\n","protected":false},"author":4,"featured_media":0,"comment_status":"open","ping_status":"open","sticky":false,"template":"","format":"standard","meta":{"_jetpack_newsletter_access":"","_jetpack_dont_email_post_to_subs":false,"_jetpack_newsletter_tier_id":0,"_jetpack_memberships_contains_paywalled_content":false,"_jetpack_memberships_contains_paid_content":false,"footnotes":""},"categories":[1],"tags":[],"class_list":["post-8465","post","type-post","status-publish","format-standard","hentry","category-sociedad"],"jetpack_featured_media_url":"","jetpack_shortlink":"https:\/\/wp.me\/p2JWE0-2cx","jetpack-related-posts":[{"id":14711,"url":"https:\/\/www.24baires.com\/?p=14711","url_meta":{"origin":8465,"position":0},"title":"Ignacio Crotto: \u00abEl pr\u00f3ximo fin de semana largo ser\u00e1 muy importante para el turismo\u00bb","author":"AF","date":"05\/02\/2013","format":false,"excerpt":"El Secretario de Turismo de la Provincia, Ignacio Crotto, destac\u00f3 la relevancia de los feriados por carnaval, y asegur\u00f3 que \u201csi bien el clima no acompa\u00f1\u00f3 y eso ha afectado a algunos sectores, la temporada est\u00e1 siendo buena\u201d. El funcionario, en di\u00e1logo con Radio La Plata, destac\u00f3 que en el\u2026","rel":"","context":"En \u00abProvincia\u00bb","block_context":{"text":"Provincia","link":"https:\/\/www.24baires.com\/?cat=40"},"img":{"alt_text":"","src":"","width":0,"height":0},"classes":[]},{"id":89518,"url":"https:\/\/www.24baires.com\/?p=89518","url_meta":{"origin":8465,"position":1},"title":"Estiman que s\u00f3lo el 18% de los argentinos viajar\u00e1 al exterior en vacaciones","author":"GB","date":"05\/11\/2016","format":false,"excerpt":"El 18% de los argentinos viajar\u00e1 al exterior durante la temporada 2017, mientras que el resto buscar\u00e1 opciones m\u00e1s \"gasoleras\" en el pa\u00eds. El aumento de los precios de los alimentos, de las tarifas de los servicios p\u00fablicos y la incertidumbre sobre el futuro de la econom\u00eda influyen a la\u2026","rel":"","context":"En \u00abTurismo\u00bb","block_context":{"text":"Turismo","link":"https:\/\/www.24baires.com\/?cat=69"},"img":{"alt_text":"avion reynar","src":"https:\/\/i0.wp.com\/www.24baires.com\/wp-content\/uploads\/2016\/06\/avion-reynar.jpg?resize=350%2C200","width":350,"height":200,"srcset":"https:\/\/i0.wp.com\/www.24baires.com\/wp-content\/uploads\/2016\/06\/avion-reynar.jpg?resize=350%2C200 1x, https:\/\/i0.wp.com\/www.24baires.com\/wp-content\/uploads\/2016\/06\/avion-reynar.jpg?resize=525%2C300 1.5x"},"classes":[]},{"id":116835,"url":"https:\/\/www.24baires.com\/?p=116835","url_meta":{"origin":8465,"position":2},"title":"M\u00e1s de medio mill\u00f3n de argentinos de vacaciones por el fin de semana XXL","author":"GB","date":"07\/12\/2020","format":false,"excerpt":"La cifra la inform\u00f3 el Ministerio de Turismo y Deportes de la Naci\u00f3n. Entre los destinos m\u00e1s elegidos se destacan los de la Costa Atl\u00e1ntica. M\u00e1s de medio mill\u00f3n de argentinos se trasladaron a distintos puntos tur\u00edsticos del pa\u00eds, en el marco del primer fin de semana largo habilitado para\u2026","rel":"","context":"En \u00abSociedad\u00bb","block_context":{"text":"Sociedad","link":"https:\/\/www.24baires.com\/?cat=1"},"img":{"alt_text":"","src":"https:\/\/i0.wp.com\/www.24baires.com\/wp-content\/uploads\/2020\/12\/20201207094458_los-protocolos-seran-aplicados-la-costa-atlantica-bonaerense-y-la-patagonica.jpg?resize=350%2C200","width":350,"height":200,"srcset":"https:\/\/i0.wp.com\/www.24baires.com\/wp-content\/uploads\/2020\/12\/20201207094458_los-protocolos-seran-aplicados-la-costa-atlantica-bonaerense-y-la-patagonica.jpg?resize=350%2C200 1x, https:\/\/i0.wp.com\/www.24baires.com\/wp-content\/uploads\/2020\/12\/20201207094458_los-protocolos-seran-aplicados-la-costa-atlantica-bonaerense-y-la-patagonica.jpg?resize=525%2C300 1.5x"},"classes":[]},{"id":122840,"url":"https:\/\/www.24baires.com\/?p=122840","url_meta":{"origin":8465,"position":3},"title":"Menos turistas, estad\u00edas m\u00e1s cortas y fuerte ca\u00edda del consumo en la temporada de verano","author":"GB","date":"29\/01\/2026","format":false,"excerpt":"Seg\u00fan datos presentados por el ministro Augusto Costa, la temporada registra menos visitantes, estad\u00edas m\u00e1s cortas y una ca\u00edda del 25% en el consumo tur\u00edstico. La temporada de verano en la provincia de Buenos Aires muestra se\u00f1ales claras de retroceso en comparaci\u00f3n con a\u00f1os anteriores, con menos visitantes, estad\u00edas m\u00e1s\u2026","rel":"","context":"En \u00abTurismo\u00bb","block_context":{"text":"Turismo","link":"https:\/\/www.24baires.com\/?cat=69"},"img":{"alt_text":"","src":"https:\/\/i0.wp.com\/www.24baires.com\/wp-content\/uploads\/2026\/01\/laguna-puan-turismopuanjpg-5.jpg?resize=350%2C200","width":350,"height":200,"srcset":"https:\/\/i0.wp.com\/www.24baires.com\/wp-content\/uploads\/2026\/01\/laguna-puan-turismopuanjpg-5.jpg?resize=350%2C200 1x, https:\/\/i0.wp.com\/www.24baires.com\/wp-content\/uploads\/2026\/01\/laguna-puan-turismopuanjpg-5.jpg?resize=525%2C300 1.5x, https:\/\/i0.wp.com\/www.24baires.com\/wp-content\/uploads\/2026\/01\/laguna-puan-turismopuanjpg-5.jpg?resize=700%2C400 2x"},"classes":[]},{"id":33496,"url":"https:\/\/www.24baires.com\/?p=33496","url_meta":{"origin":8465,"position":4},"title":"Aseguran que los turistas gastaron m\u00e1s de 750 millones de pesos","author":"GB","date":"13\/10\/2013","format":false,"excerpt":"Unos 896.000 turistas aprovecharon este quinto fin de semana largo del a\u00f1o para viajar por el pa\u00eds y gastaron 751 millones de pesos que benefician a las econom\u00edas regionales, de acuerdo con un informe de la Confederaci\u00f3n Argentina de la Mediana Empresa. Seg\u00fan CAME, creci\u00f3 8,5 por ciento la cantidad\u2026","rel":"","context":"En \u00abSociedad\u00bb","block_context":{"text":"Sociedad","link":"https:\/\/www.24baires.com\/?cat=1"},"img":{"alt_text":"","src":"","width":0,"height":0},"classes":[]},{"id":106557,"url":"https:\/\/www.24baires.com\/?p=106557","url_meta":{"origin":8465,"position":5},"title":"Macri, otra vez de vacaciones: ahora, descansa en Chapadmalal","author":"AF","date":"26\/01\/2019","format":false,"excerpt":"El presidente Mauricio Macri lleg\u00f3 el viernes despu\u00e9s de las 20 a Chapadmalal, a 23 kil\u00f3metros de Mar del Plata, para pasar el fin de semana en el complejo tur\u00edstico oficial y retomar\u00e1 su agenda el lunes en la ciudad balnearia. El jefe de Estado arrib\u00f3 a la localidad de\u2026","rel":"","context":"En \u00abPol\u00edtica\u00bb","block_context":{"text":"Pol\u00edtica","link":"https:\/\/www.24baires.com\/?cat=51"},"img":{"alt_text":"","src":"https:\/\/i0.wp.com\/www.24baires.com\/wp-content\/uploads\/2018\/12\/macri-playa.jpg?resize=350%2C200","width":350,"height":200,"srcset":"https:\/\/i0.wp.com\/www.24baires.com\/wp-content\/uploads\/2018\/12\/macri-playa.jpg?resize=350%2C200 1x, https:\/\/i0.wp.com\/www.24baires.com\/wp-content\/uploads\/2018\/12\/macri-playa.jpg?resize=525%2C300 1.5x"},"classes":[]}],"jetpack_sharing_enabled":true,"jetpack_likes_enabled":true,"_links":{"self":[{"href":"https:\/\/www.24baires.com\/index.php?rest_route=\/wp\/v2\/posts\/8465","targetHints":{"allow":["GET"]}}],"collection":[{"href":"https:\/\/www.24baires.com\/index.php?rest_route=\/wp\/v2\/posts"}],"about":[{"href":"https:\/\/www.24baires.com\/index.php?rest_route=\/wp\/v2\/types\/post"}],"author":[{"embeddable":true,"href":"https:\/\/www.24baires.com\/index.php?rest_route=\/wp\/v2\/users\/4"}],"replies":[{"embeddable":true,"href":"https:\/\/www.24baires.com\/index.php?rest_route=%2Fwp%2Fv2%2Fcomments&post=8465"}],"version-history":[{"count":1,"href":"https:\/\/www.24baires.com\/index.php?rest_route=\/wp\/v2\/posts\/8465\/revisions"}],"predecessor-version":[{"id":8466,"href":"https:\/\/www.24baires.com\/index.php?rest_route=\/wp\/v2\/posts\/8465\/revisions\/8466"}],"wp:attachment":[{"href":"https:\/\/www.24baires.com\/index.php?rest_route=%2Fwp%2Fv2%2Fmedia&parent=8465"}],"wp:term":[{"taxonomy":"category","embeddable":true,"href":"https:\/\/www.24baires.com\/index.php?rest_route=%2Fwp%2Fv2%2Fcategories&post=8465"},{"taxonomy":"post_tag","embeddable":true,"href":"https:\/\/www.24baires.com\/index.php?rest_route=%2Fwp%2Fv2%2Ftags&post=8465"}],"curies":[{"name":"wp","href":"https:\/\/api.w.org\/{rel}","templated":true}]}}