{"id":84365,"date":"2016-06-29T19:30:59","date_gmt":"2016-06-29T22:30:59","guid":{"rendered":"http:\/\/www.24baires.com\/?p=84365"},"modified":"2016-06-29T16:36:25","modified_gmt":"2016-06-29T19:36:25","slug":"matias-ale-tuvo-otro-brote-e-hirio-a-su-hermano-con-una-espada-samurai","status":"publish","type":"post","link":"https:\/\/www.24baires.com\/?p=84365","title":{"rendered":"Mat\u00edas Al\u00e9 tuvo otro brote e hiri\u00f3 a su hermano con una espada samur\u00e1i"},"content":{"rendered":"<p><img data-recalc-dims=\"1\" loading=\"lazy\" decoding=\"async\" src=\"https:\/\/i0.wp.com\/www.24baires.com\/wp-content\/uploads\/2015\/11\/mat%C3%ADas-al%C3%A9.jpg?resize=560%2C361\" alt=\"mat\u00edas al\u00e9\" width=\"560\" height=\"361\" class=\"aligncenter size-full wp-image-74534\" srcset=\"https:\/\/i0.wp.com\/www.24baires.com\/wp-content\/uploads\/2015\/11\/mat%C3%ADas-al%C3%A9.jpg?w=560&amp;ssl=1 560w, https:\/\/i0.wp.com\/www.24baires.com\/wp-content\/uploads\/2015\/11\/mat%C3%ADas-al%C3%A9.jpg?resize=300%2C193&amp;ssl=1 300w\" sizes=\"auto, (max-width: 560px) 100vw, 560px\" \/>Mat\u00edas Al\u00e9 sufri\u00f3 un nuevo brote psic\u00f3tico este mi\u00e9rcoles al mediod\u00eda cuando se encontraba en la casa de su hermano El\u00edas, en San Isidro.<!--more--><\/p>\n<p>Nota Relacionada: Mat\u00edas Al\u00e9 tuvo una reca\u00edda: habr\u00eda agredido a su hermano<br \/>\nSeg\u00fan revelaron en C5N, el actor hiri\u00f3 a su hermano con una espada samur\u00e1i. \u00abVengan que hay una persona con alteraciones psiqui\u00e1tricas\u00bb, fueron las palabras del vecino que llam\u00f3 al 911. En el lugar intervino la Comisar\u00eda 4ta de San Isidro y al llegar descubrieron que Al\u00e9 hab\u00eda sufrido un brote psic\u00f3tico. Se solicit\u00f3 asistencia policial para contenci\u00f3n hasta que llegara la ambulancia, detallaron.<\/p>\n","protected":false},"excerpt":{"rendered":"<p>Mat\u00edas Al\u00e9 sufri\u00f3 un nuevo brote psic\u00f3tico este mi\u00e9rcoles al mediod\u00eda cuando se encontraba en la casa de su hermano El\u00edas, en San Isidro.<\/p>\n","protected":false},"author":8,"featured_media":0,"comment_status":"open","ping_status":"open","sticky":false,"template":"","format":"standard","meta":{"_jetpack_newsletter_access":"","_jetpack_dont_email_post_to_subs":false,"_jetpack_newsletter_tier_id":0,"_jetpack_memberships_contains_paywalled_content":false,"_jetpack_memberships_contains_paid_content":false,"footnotes":""},"categories":[41],"tags":[],"class_list":["post-84365","post","type-post","status-publish","format-standard","hentry","category-espectaculos"],"jetpack_featured_media_url":"","jetpack_shortlink":"https:\/\/wp.me\/p2JWE0-lWJ","jetpack-related-posts":[{"id":65587,"url":"https:\/\/www.24baires.com\/?p=65587","url_meta":{"origin":84365,"position":0},"title":"Mat\u00edas Al\u00e9 y su nueva conquista","author":"GB","date":"08\/05\/2015","format":false,"excerpt":"El actor confirm\u00f3 que conoci\u00f3 a una rubia muy bella en Villa Carlos Paz y habl\u00f3 de la relaci\u00f3n que los une. Luego de su ruptura con Sabrina Ravelli, mucho se habl\u00f3 de los affaires y la situaci\u00f3n sentimental de Mat\u00edas Al\u00e9. Se trata de Mar\u00eda del Mar, una joven\u2026","rel":"","context":"En \u00abEspectaculos\u00bb","block_context":{"text":"Espectaculos","link":"https:\/\/www.24baires.com\/?cat=41"},"img":{"alt_text":"matias al","src":"https:\/\/i0.wp.com\/www.24baires.com\/wp-content\/uploads\/2015\/05\/matias-al.jpg?resize=350%2C200","width":350,"height":200,"srcset":"https:\/\/i0.wp.com\/www.24baires.com\/wp-content\/uploads\/2015\/05\/matias-al.jpg?resize=350%2C200 1x, https:\/\/i0.wp.com\/www.24baires.com\/wp-content\/uploads\/2015\/05\/matias-al.jpg?resize=525%2C300 1.5x"},"classes":[]},{"id":61750,"url":"https:\/\/www.24baires.com\/?p=61750","url_meta":{"origin":84365,"position":1},"title":"La trat\u00f3 de \u00abgato\u00bb y ahora se le viene el juicio","author":"Grupo Sierra","date":"14\/02\/2015","format":false,"excerpt":"Rit\u00f3 se fue de boca y ahora la llevan a tribunales. \"Que diga lo que hac\u00eda en un departamento de Palermo\", hab\u00eda disparado. La escandalosa pelea entre Mar\u00eda Eugenia Rit\u00f3 y Sabrina Ravelli, quienes comparten elenco teatral en Mar del Plata con \"Tu cola me suena\", se desat\u00f3 cuando la\u2026","rel":"","context":"En \u00abEspectaculos\u00bb","block_context":{"text":"Espectaculos","link":"https:\/\/www.24baires.com\/?cat=41"},"img":{"alt_text":"maria_eugenia_rito","src":"https:\/\/i0.wp.com\/www.24baires.com\/wp-content\/uploads\/2015\/02\/maria_eugenia_rito.jpg?resize=350%2C200","width":350,"height":200,"srcset":"https:\/\/i0.wp.com\/www.24baires.com\/wp-content\/uploads\/2015\/02\/maria_eugenia_rito.jpg?resize=350%2C200 1x, https:\/\/i0.wp.com\/www.24baires.com\/wp-content\/uploads\/2015\/02\/maria_eugenia_rito.jpg?resize=525%2C300 1.5x"},"classes":[]},{"id":56652,"url":"https:\/\/www.24baires.com\/?p=56652","url_meta":{"origin":84365,"position":2},"title":"El \u00abClan Ale\u00bb, vinculado con la desaparici\u00f3n de Marita Ver\u00f3n, bajo proceso","author":"Grupo Sierra","date":"05\/11\/2014","format":false,"excerpt":"Siete miembros del \"Clan Ale\" fueron procesados por el titular del Juzgado Federal 2 de Tucum\u00e1n, Fernando Povi\u00f1a, como presuntos integrantes de una asociaci\u00f3n dedicada al lavado de activos provenientes de actividades il\u00edcitas. El magistrado consider\u00f3 que, a partir de los testimonios recogidos durante la investigaci\u00f3n, \"emergieron serios indicios que\u2026","rel":"","context":"En \u00abJUDICIALES\u00bb","block_context":{"text":"JUDICIALES","link":"https:\/\/www.24baires.com\/?cat=68"},"img":{"alt_text":"14394_chancha_ale","src":"https:\/\/i0.wp.com\/www.24baires.com\/wp-content\/uploads\/2013\/12\/14394_chancha_ale.jpg?resize=350%2C200","width":350,"height":200,"srcset":"https:\/\/i0.wp.com\/www.24baires.com\/wp-content\/uploads\/2013\/12\/14394_chancha_ale.jpg?resize=350%2C200 1x, https:\/\/i0.wp.com\/www.24baires.com\/wp-content\/uploads\/2013\/12\/14394_chancha_ale.jpg?resize=525%2C300 1.5x"},"classes":[]},{"id":74533,"url":"https:\/\/www.24baires.com\/?p=74533","url_meta":{"origin":84365,"position":3},"title":"Detuvieron a Mat\u00edas Al\u00e9 por agredir a su esposa y a su suegra","author":"AF","date":"03\/11\/2015","format":false,"excerpt":"El medi\u00e1tico fue detenido hoy tras protagonizar una violenta discusi\u00f3n con su flamante esposa y su suegra en el barrio porte\u00f1o de Palermo, seg\u00fan informaron fuentes policiales. El hecho ocurri\u00f3 pasadas las dos de la madrugada en un departamento del sexto piso de un edificio ubicado en la calle Rep\u00fablica\u2026","rel":"","context":"En \u00abPoliciales\u00bb","block_context":{"text":"Policiales","link":"https:\/\/www.24baires.com\/?cat=49"},"img":{"alt_text":"mat\u00edas al\u00e9","src":"https:\/\/i0.wp.com\/www.24baires.com\/wp-content\/uploads\/2015\/11\/mat%C3%ADas-al%C3%A9.jpg?resize=350%2C200","width":350,"height":200,"srcset":"https:\/\/i0.wp.com\/www.24baires.com\/wp-content\/uploads\/2015\/11\/mat%C3%ADas-al%C3%A9.jpg?resize=350%2C200 1x, https:\/\/i0.wp.com\/www.24baires.com\/wp-content\/uploads\/2015\/11\/mat%C3%ADas-al%C3%A9.jpg?resize=525%2C300 1.5x"},"classes":[]},{"id":3262,"url":"https:\/\/www.24baires.com\/?p=3262","url_meta":{"origin":84365,"position":4},"title":"El Ogro Fabbiani confes\u00f3 tener fantas\u00edas nocturnas con Silvina Escudero","author":"AF","date":"25\/10\/2012","format":false,"excerpt":"El futbolista, ex de Amalia Granata, revel\u00f3 sus sentimientos hacia la morocha jurado de \"ShowMatch\". Cristian \"el Ogro\" Fabbiani tiene un \u00fanico amor en su vida, y es su peque\u00f1a hija Uma, fruto de su relaci\u00f3n con la modelo Amalia Granata. Pero el jugador de Independiente de Rivadavia parece tener\u2026","rel":"","context":"En \u00abEspectaculos\u00bb","block_context":{"text":"Espectaculos","link":"https:\/\/www.24baires.com\/?cat=41"},"img":{"alt_text":"","src":"https:\/\/i0.wp.com\/www.24baires.com\/wp-content\/uploads\/2012\/10\/escudero-silvina.jpg?resize=350%2C200","width":350,"height":200},"classes":[]},{"id":59133,"url":"https:\/\/www.24baires.com\/?p=59133","url_meta":{"origin":84365,"position":5},"title":"Un implicado en la causa de Marita Ver\u00f3n fue beneficiado con domiciliaria","author":"Grupo Sierra","date":"24\/12\/2014","format":false,"excerpt":"La C\u00e1mara Federal de Apelaciones de Tucum\u00e1n hizo lugar al pedido de los abogados y le otorg\u00f3 a Rub\u00e9n \"La Chancha\" Ale, implicado en la desaparici\u00f3n de Marita Ver\u00f3n, el beneficio de la prisi\u00f3n domiciliaria en otra causa por liderar una supuesta asociaci\u00f3n il\u00edcita dedicada al lavado de dinero. La\u2026","rel":"","context":"En \u00abJUDICIALES\u00bb","block_context":{"text":"JUDICIALES","link":"https:\/\/www.24baires.com\/?cat=68"},"img":{"alt_text":"14394_chancha_ale","src":"https:\/\/i0.wp.com\/www.24baires.com\/wp-content\/uploads\/2013\/12\/14394_chancha_ale.jpg?resize=350%2C200","width":350,"height":200,"srcset":"https:\/\/i0.wp.com\/www.24baires.com\/wp-content\/uploads\/2013\/12\/14394_chancha_ale.jpg?resize=350%2C200 1x, https:\/\/i0.wp.com\/www.24baires.com\/wp-content\/uploads\/2013\/12\/14394_chancha_ale.jpg?resize=525%2C300 1.5x"},"classes":[]}],"jetpack_sharing_enabled":true,"jetpack_likes_enabled":true,"_links":{"self":[{"href":"https:\/\/www.24baires.com\/index.php?rest_route=\/wp\/v2\/posts\/84365","targetHints":{"allow":["GET"]}}],"collection":[{"href":"https:\/\/www.24baires.com\/index.php?rest_route=\/wp\/v2\/posts"}],"about":[{"href":"https:\/\/www.24baires.com\/index.php?rest_route=\/wp\/v2\/types\/post"}],"author":[{"embeddable":true,"href":"https:\/\/www.24baires.com\/index.php?rest_route=\/wp\/v2\/users\/8"}],"replies":[{"embeddable":true,"href":"https:\/\/www.24baires.com\/index.php?rest_route=%2Fwp%2Fv2%2Fcomments&post=84365"}],"version-history":[{"count":1,"href":"https:\/\/www.24baires.com\/index.php?rest_route=\/wp\/v2\/posts\/84365\/revisions"}],"predecessor-version":[{"id":84366,"href":"https:\/\/www.24baires.com\/index.php?rest_route=\/wp\/v2\/posts\/84365\/revisions\/84366"}],"wp:attachment":[{"href":"https:\/\/www.24baires.com\/index.php?rest_route=%2Fwp%2Fv2%2Fmedia&parent=84365"}],"wp:term":[{"taxonomy":"category","embeddable":true,"href":"https:\/\/www.24baires.com\/index.php?rest_route=%2Fwp%2Fv2%2Fcategories&post=84365"},{"taxonomy":"post_tag","embeddable":true,"href":"https:\/\/www.24baires.com\/index.php?rest_route=%2Fwp%2Fv2%2Ftags&post=84365"}],"curies":[{"name":"wp","href":"https:\/\/api.w.org\/{rel}","templated":true}]}}