{"id":84305,"date":"2016-06-28T19:00:46","date_gmt":"2016-06-28T22:00:46","guid":{"rendered":"http:\/\/www.24baires.com\/?p=84305"},"modified":"2016-06-28T17:06:17","modified_gmt":"2016-06-28T20:06:17","slug":"babasonicos-tocara-en-mar-del-plata","status":"publish","type":"post","link":"https:\/\/www.24baires.com\/?p=84305","title":{"rendered":"Babas\u00f3nicos tocar\u00e1 en Mar del Plata"},"content":{"rendered":"<p><img data-recalc-dims=\"1\" loading=\"lazy\" decoding=\"async\" src=\"https:\/\/i0.wp.com\/www.24baires.com\/wp-content\/uploads\/2016\/06\/babasonicos.jpg?resize=560%2C315\" alt=\"babasonicos\" width=\"560\" height=\"315\" class=\"aligncenter size-full wp-image-84306\" srcset=\"https:\/\/i0.wp.com\/www.24baires.com\/wp-content\/uploads\/2016\/06\/babasonicos.jpg?w=560&amp;ssl=1 560w, https:\/\/i0.wp.com\/www.24baires.com\/wp-content\/uploads\/2016\/06\/babasonicos.jpg?resize=300%2C169&amp;ssl=1 300w\" sizes=\"auto, (max-width: 560px) 100vw, 560px\" \/>La banda, que celebra 25 a\u00f1os, se presentar\u00e1 el 15 de octubre en el Teatro Radio City con un nuevo formato de show. Los detalles<!--more--><\/p>\n<p>Luego de estrenar su nuevo formato de show, Babas\u00f3nicos llega a Mar del Plata para presentar su \u00faltimo trabajo, \u201cImpuesto de fe\u201d. La presentaci\u00f3n ser\u00e1 el 15 de octubre en el Teatro Radio City, San Luis 1750.<\/p>\n<p>La banda rompe estructuras y apuesta a un nuevo formato de show, m\u00e1s \u00edntimo y con una multiplataforma al que llamaron \u201cDesde adentro\u201d. El show en la ciudad forma parte de una gran gira que realizan por distintos puntos de la Argentina.<\/p>\n<p>Adem\u00e1s, es una celebraci\u00f3n de los 25 a\u00f1os de la carrera de Babas\u00f3nicos que muestra a la banda visto desde una nueva dimensi\u00f3n, una puesta en escena y un viaje al interior de su universo.<\/p>\n<p>\u201cImpuesto de fe (Desde adentro)\u201d es una grabaci\u00f3n en vivo que hace un recorrido por la obra de la banda con una selecci\u00f3n de temas reversionados, grandes cl\u00e1sicos de la agrupaci\u00f3n, m\u00e1s dos canciones in\u00e9ditas. Fue filmado en los Quarry Studios, en el sur de la Ciudad de M\u00e9xico, con una calidad \u00fanica de producci\u00f3n de audio y video.<\/p>\n<p>Se presenta como un show multiplaforma en el que la obra de la banda es vista desde una nueva perspectiva y en diferentes pantallas. El espectador podr\u00e1 disfrutar de la banda como si estuviese efectivamente desde adentro de la obra.<\/p>\n<p>Antes de su llegada a la ciudad, la banda liderada por Adri\u00e1n Dargelos se presentar\u00e1 en Tandil el 13 de octubre y el 16 brindar\u00e1 un show en Olavarr\u00eda.<\/p>\n","protected":false},"excerpt":{"rendered":"<p>La banda, que celebra 25 a\u00f1os, se presentar\u00e1 el 15 de octubre en el Teatro Radio City con un nuevo formato de show. Los detalles<\/p>\n","protected":false},"author":8,"featured_media":0,"comment_status":"open","ping_status":"open","sticky":false,"template":"","format":"standard","meta":{"_jetpack_newsletter_access":"","_jetpack_dont_email_post_to_subs":false,"_jetpack_newsletter_tier_id":0,"_jetpack_memberships_contains_paywalled_content":false,"_jetpack_memberships_contains_paid_content":false,"footnotes":""},"categories":[41],"tags":[],"class_list":["post-84305","post","type-post","status-publish","format-standard","hentry","category-espectaculos"],"jetpack_featured_media_url":"","jetpack_shortlink":"https:\/\/wp.me\/p2JWE0-lVL","jetpack-related-posts":[{"id":60333,"url":"https:\/\/www.24baires.com\/?p=60333","url_meta":{"origin":84305,"position":0},"title":"Foo Fighters hizo vibrar a 30 mil fan\u00e1ticos en La Plata","author":"GB","date":"19\/01\/2015","format":false,"excerpt":"La banda estadounidense present\u00f3 su \u00faltimo disco Sonic Highways y cant\u00f3 sus cl\u00e1sicos ante un estadio lleno. En su regreso a la Argentina, la banda estadounidense Foo Fighters hizo delirar la noche del domingo a 30 mil fan\u00e1ticos en el estadio \u00danico Ciudad de La Plata, en el marco de\u2026","rel":"","context":"En \u00abEspectaculos\u00bb","block_context":{"text":"Espectaculos","link":"https:\/\/www.24baires.com\/?cat=41"},"img":{"alt_text":"ff","src":"https:\/\/i0.wp.com\/www.24baires.com\/wp-content\/uploads\/2015\/01\/ff.jpg?resize=350%2C200","width":350,"height":200,"srcset":"https:\/\/i0.wp.com\/www.24baires.com\/wp-content\/uploads\/2015\/01\/ff.jpg?resize=350%2C200 1x, https:\/\/i0.wp.com\/www.24baires.com\/wp-content\/uploads\/2015\/01\/ff.jpg?resize=525%2C300 1.5x"},"classes":[]},{"id":101225,"url":"https:\/\/www.24baires.com\/?p=101225","url_meta":{"origin":84305,"position":1},"title":"La Renga debi\u00f3 cancelar su show en Mar del Plata","author":"AF","date":"22\/03\/2018","format":false,"excerpt":"Finalmente la puja entre los productores y el Gobierno de la Provincia, quienes desde un primer momento pusieron trabas para que no se realice el espect\u00e1culo, decant\u00f3 en que la banda no pueda presentarse en 'La Feliz'. Seg\u00fan pudo averiguar el Suplemento NO SE, la fecha se mantiene y se\u2026","rel":"","context":"En \u00abSociedad\u00bb","block_context":{"text":"Sociedad","link":"https:\/\/www.24baires.com\/?cat=1"},"img":{"alt_text":"","src":"https:\/\/i0.wp.com\/www.24baires.com\/wp-content\/uploads\/2018\/03\/renga.jpg?resize=350%2C200","width":350,"height":200,"srcset":"https:\/\/i0.wp.com\/www.24baires.com\/wp-content\/uploads\/2018\/03\/renga.jpg?resize=350%2C200 1x, https:\/\/i0.wp.com\/www.24baires.com\/wp-content\/uploads\/2018\/03\/renga.jpg?resize=525%2C300 1.5x"},"classes":[]},{"id":47089,"url":"https:\/\/www.24baires.com\/?p=47089","url_meta":{"origin":84305,"position":2},"title":"Los Rolling Stones podr\u00edan hacer un show en Mar del Plata","author":"GB","date":"31\/05\/2014","format":false,"excerpt":"Grinbank anticipa que el proyecto con los Rolling Stones es que den tres recitales (o m\u00e1s) en el primer cuatrimestre de 2015. \"\u00bfD\u00f3nde? No vamos a producir en ning\u00fan estadio de f\u00fatbol, porque el tema de las barras es excluyente. Pas\u00f3 en River con Roger Waters: les cost\u00f3 5 mil\u2026","rel":"","context":"En \u00abEspectaculos\u00bb","block_context":{"text":"Espectaculos","link":"https:\/\/www.24baires.com\/?cat=41"},"img":{"alt_text":"The Rolling Stones on the Pyramid stage","src":"https:\/\/i0.wp.com\/www.24baires.com\/wp-content\/uploads\/2014\/05\/rolling.jpg?resize=350%2C200","width":350,"height":200,"srcset":"https:\/\/i0.wp.com\/www.24baires.com\/wp-content\/uploads\/2014\/05\/rolling.jpg?resize=350%2C200 1x, https:\/\/i0.wp.com\/www.24baires.com\/wp-content\/uploads\/2014\/05\/rolling.jpg?resize=525%2C300 1.5x"},"classes":[]},{"id":47984,"url":"https:\/\/www.24baires.com\/?p=47984","url_meta":{"origin":84305,"position":3},"title":"Nonpalidece vuelve con el reggae a Mar del Plata y presenta Activistas","author":"Grupo Sierra","date":"13\/06\/2014","format":false,"excerpt":"En una entrevista exclusiva con 24 Baires, la banda relat\u00f3 con detalles c\u00f3mo ser\u00e1 su show en la ciudad el pr\u00f3ximo s\u00e1bado, con la presentaci\u00f3n oficial de su reciente disco y un p\u00fablico que crece cada vez m\u00e1s. Nonpalidece llega con todo el ritmo a Mar del Plata, en medio\u2026","rel":"","context":"En \u00abEspectaculos\u00bb","block_context":{"text":"Espectaculos","link":"https:\/\/www.24baires.com\/?cat=41"},"img":{"alt_text":"nonpa (1)","src":"https:\/\/i0.wp.com\/www.24baires.com\/wp-content\/uploads\/2014\/06\/nonpa-1.jpg?resize=350%2C200","width":350,"height":200,"srcset":"https:\/\/i0.wp.com\/www.24baires.com\/wp-content\/uploads\/2014\/06\/nonpa-1.jpg?resize=350%2C200 1x, https:\/\/i0.wp.com\/www.24baires.com\/wp-content\/uploads\/2014\/06\/nonpa-1.jpg?resize=525%2C300 1.5x"},"classes":[]},{"id":45731,"url":"https:\/\/www.24baires.com\/?p=45731","url_meta":{"origin":84305,"position":4},"title":"City Bell festeja sus 100 a\u00f1os con un show a todo color","author":"Grupo Sierra","date":"11\/05\/2014","format":false,"excerpt":"Durante la jornada del s\u00e1bado se desarrollaron diversos shows art\u00edsticos en cada una de las esquinas de la calle peatonal Cantilo, como parte de los festejos que organiza la Municipalidad de La Plata por el 100\u00ba Aniversario de la localidad. Hoy domingo los festejos se retoman a las 11 de\u2026","rel":"","context":"En \u00abLocales\u00bb","block_context":{"text":"Locales","link":"https:\/\/www.24baires.com\/?cat=38"},"img":{"alt_text":"autenticos decadentes","src":"https:\/\/i0.wp.com\/www.24baires.com\/wp-content\/uploads\/2014\/05\/autenticos-decadentes.jpg?resize=350%2C200","width":350,"height":200,"srcset":"https:\/\/i0.wp.com\/www.24baires.com\/wp-content\/uploads\/2014\/05\/autenticos-decadentes.jpg?resize=350%2C200 1x, https:\/\/i0.wp.com\/www.24baires.com\/wp-content\/uploads\/2014\/05\/autenticos-decadentes.jpg?resize=525%2C300 1.5x"},"classes":[]},{"id":101218,"url":"https:\/\/www.24baires.com\/?p=101218","url_meta":{"origin":84305,"position":5},"title":"A tan solo 16 d\u00edas del show, suspenden el recital de La Renga en Mar del Plata","author":"GB","date":"22\/03\/2018","format":false,"excerpt":"Con m\u00e1s de 36 mil entradas vendidas del show previsto para el pr\u00f3ximo 7 de abril en el estadio Jos\u00e9 Mar\u00eda Minella, la productora de la banda de Matadero anunci\u00f3 su suspensi\u00f3n y que el show se realizar\u00e1 en la provincia de San Luis. C\u00f3mo y d\u00f3nde recuperar las entradas,\u2026","rel":"","context":"En \u00abEspectaculos\u00bb","block_context":{"text":"Espectaculos","link":"https:\/\/www.24baires.com\/?cat=41"},"img":{"alt_text":"","src":"https:\/\/i0.wp.com\/www.24baires.com\/wp-content\/uploads\/2018\/03\/recital-la-renga.jpg?resize=350%2C200","width":350,"height":200,"srcset":"https:\/\/i0.wp.com\/www.24baires.com\/wp-content\/uploads\/2018\/03\/recital-la-renga.jpg?resize=350%2C200 1x, https:\/\/i0.wp.com\/www.24baires.com\/wp-content\/uploads\/2018\/03\/recital-la-renga.jpg?resize=525%2C300 1.5x"},"classes":[]}],"jetpack_sharing_enabled":true,"jetpack_likes_enabled":true,"_links":{"self":[{"href":"https:\/\/www.24baires.com\/index.php?rest_route=\/wp\/v2\/posts\/84305","targetHints":{"allow":["GET"]}}],"collection":[{"href":"https:\/\/www.24baires.com\/index.php?rest_route=\/wp\/v2\/posts"}],"about":[{"href":"https:\/\/www.24baires.com\/index.php?rest_route=\/wp\/v2\/types\/post"}],"author":[{"embeddable":true,"href":"https:\/\/www.24baires.com\/index.php?rest_route=\/wp\/v2\/users\/8"}],"replies":[{"embeddable":true,"href":"https:\/\/www.24baires.com\/index.php?rest_route=%2Fwp%2Fv2%2Fcomments&post=84305"}],"version-history":[{"count":1,"href":"https:\/\/www.24baires.com\/index.php?rest_route=\/wp\/v2\/posts\/84305\/revisions"}],"predecessor-version":[{"id":84307,"href":"https:\/\/www.24baires.com\/index.php?rest_route=\/wp\/v2\/posts\/84305\/revisions\/84307"}],"wp:attachment":[{"href":"https:\/\/www.24baires.com\/index.php?rest_route=%2Fwp%2Fv2%2Fmedia&parent=84305"}],"wp:term":[{"taxonomy":"category","embeddable":true,"href":"https:\/\/www.24baires.com\/index.php?rest_route=%2Fwp%2Fv2%2Fcategories&post=84305"},{"taxonomy":"post_tag","embeddable":true,"href":"https:\/\/www.24baires.com\/index.php?rest_route=%2Fwp%2Fv2%2Ftags&post=84305"}],"curies":[{"name":"wp","href":"https:\/\/api.w.org\/{rel}","templated":true}]}}