{"id":84244,"date":"2016-06-27T16:30:02","date_gmt":"2016-06-27T19:30:02","guid":{"rendered":"http:\/\/www.24baires.com\/?p=84244"},"modified":"2016-06-27T16:00:07","modified_gmt":"2016-06-27T19:00:07","slug":"messi-es-asado","status":"publish","type":"post","link":"https:\/\/www.24baires.com\/?p=84244","title":{"rendered":"Messi es asado"},"content":{"rendered":"<p><img data-recalc-dims=\"1\" loading=\"lazy\" decoding=\"async\" src=\"https:\/\/i0.wp.com\/www.24baires.com\/wp-content\/uploads\/2016\/06\/messi-2.jpg?resize=560%2C313\" alt=\"messi 2\" width=\"560\" height=\"313\" class=\"aligncenter size-full wp-image-84245\" srcset=\"https:\/\/i0.wp.com\/www.24baires.com\/wp-content\/uploads\/2016\/06\/messi-2.jpg?w=560&amp;ssl=1 560w, https:\/\/i0.wp.com\/www.24baires.com\/wp-content\/uploads\/2016\/06\/messi-2.jpg?resize=300%2C168&amp;ssl=1 300w\" sizes=\"auto, (max-width: 560px) 100vw, 560px\" \/>Messi es asado. Asado gratis, \u00bfme explico? A SA DO. Qu\u00e9 s\u00e9 yo. A mi me encanta el asado y me encanta Messi. Y Lionel siempre me pareci\u00f3 eso: una conjunci\u00f3n de cosas que me encantan. Porque juntarse a comer un asado no s\u00f3lo se trata del simple acto de comer en s\u00ed, sino de compartir, de disfrutar. Y encima me lo regalan: me invitan, no me piden nada, me sirven el manjar. Un asado completo, eso es para m\u00ed ver jugar a Messi.<!--more--><\/p>\n<p>Porque me llena los ojos, me asombra, me sorprende, me deleita y me da alegr\u00eda. \u00bfEntend\u00e9s? Me da alegr\u00eda. \u00bfCu\u00e1nta gente te hace feliz sin pedirte nada a cambio? Mejor aun: \u00bfCu\u00e1nta gente te hace feliz? Est\u00e1 claro: tu familia, tus amigos, ya s\u00e9. Pero Messi es otra cosa. Messi ni te conoce. Ni sabe, ni sabr\u00e1 de tus cr\u00edticas ego\u00edstas ni de tu agradecimiento eterno. Nada de eso. Ni un extremo ni el otro. Es como el asado que no sabe de tu disfrute.<br \/>\nY Messi es asado.<br \/>\nPero. Porque hay un pero gigante: te invitan a un asado completo, que no podr\u00edas pagar, peeeero, no te gusta el punto de la carne, y lo despreci\u00e1s. Aunque es gratis, delicioso, no te alcanza. Te parece malo, fr\u00edo, escaso, aunque abunde por todos lados. En fin, a m\u00ed no me interesa que el asado me cante el himno.<br \/>\nY no despreci\u00e1s al que hace que no puedas pagar esa comilona, el que aument\u00f3 la carne que m\u00e1s nos gusta. No. No le exig\u00eds felicidad a ellos. A los que elegiste con tu voto. Porque cuando te dejan sin trabajo o te llega la boleta de gas, supongo que ya sabr\u00e1s que no es culpa de Messi. No. Lo despreci\u00e1s a \u00e9l, que no te pidi\u00f3 nada, que te regala todo lo que es. Ni siquiera le exig\u00eds lo mismo a los que est\u00e1n alrededor suyo, que no te llenan los ojos, ni te dan alegr\u00edas. Ni ganan nada con la camiseta de Argentina, tampoco.<br \/>\nUna vez este 10 disput\u00f3 una Final del Mundo. Sali\u00f3 mejor jugador del torneo, aun perdiendo la final en suplementario, luego de haber llevado a la Argentina hasta ese lugar. Y no acept\u00f3 recibir ese premio. Y dijo que hab\u00eda venido a ganar algo para su pa\u00eds, no para \u00e9l. Y despreciaste eso, que es una ense\u00f1anza que trasciende el f\u00fatbol, que invita a pensar en el trabajo en equipo, en los objetivos colectivos, en intentar, en buscar ser mejores juntos, no cada uno por su cuenta, aunque al final de la pierna izquierda tengas el pie m\u00e1s hermoso del planeta.<br \/>\nPero no aprendemos de eso, de hecho le ense\u00f1amos a nuestros hijos que s\u00f3lo vale ganar, que es lo \u00fanico que queda, que es lo \u00fanico que sirve. Y que si no gan\u00e1s, te ten\u00e9s que ir, porque sos horrible, porque no importa el esfuerzo, el laburo, la entrega. Porque perdiste y eso hace que seas despreciable, aunque seas el mejor. Porque no podemos disfrutar de lo bueno, aunque sea un regalo, aunque no exija nada a cambio. No nos permitimos disfrutar de lo bueno, si es que no termina en victoria. Y para m\u00ed la victoria es otra cosa. Muy distinta.<br \/>\nSer\u00e1 que soy de Racing, de Quilmes de Mar del Plata y socialista, entonces, para m\u00ed, el triunfo siempre ha sido esquivo, y tuve que aprender de las derrotas. Y eso me ense\u00f1\u00f3, por fortuna, a ver la victoria en otras cosas, no s\u00f3lo en levantar una copa o ganar una elecci\u00f3n. Para m\u00ed la victoria es que, despu\u00e9s de que el f\u00fatbol de tu pa\u00eds te haya negado la posibilidad de hacer en tu tierra lo que te gusta y sab\u00e9s, -porque parece que no crec\u00e9s bien-, hayas invertido toda tu voluntad y te hayas convertido en el mejor. Vaya triunfo, \u00e9se. Porque Messi se fue a Espa\u00f1a porque dos clubes de Argentina no lo quisieron, como ya sabemos.<br \/>\nPara m\u00ed la victoria es buscar el beneficio de todos, no la comodidad propia. Y Messi, por las cr\u00edticas permanentes de los argentinos, siempre juega inc\u00f3modo. Como si nos debiera algo, porque depositamos en \u00e9l las frustraciones que nada tienen que ver con el f\u00fatbol, pero como somos f\u00fatbol, le exigimos a \u00e9l cosas que nosotros no podr\u00edamos hacer as\u00ed vivi\u00e9ramos mil a\u00f1os. Nosotros, los mismos que, quiz\u00e1, en una medida infinitamente menor, cuando tenemos la oportunidad de hacer algo por alguien que lo necesita, miramos para otro lado y escondemos la cabeza bajo tierra. Desde ah\u00ed le decimos fracasado al mejor.<br \/>\nNo somos hip\u00f3critas, porque la hipocres\u00eda necesita saber esto, necesita un grado de cinismo que ni siquiera entra en las cuentas. Somos algo peor, somos ignorantes.<br \/>\nEl tipo est\u00e1 ah\u00ed arriba, donde sus millones no lo abrigan del fr\u00edo del desprecio, est\u00e1 ah\u00ed, tratando de hacerlo bien, no por \u00e9l solamente. Porque quiere que vos festejes lo que, justamente, vos no podr\u00edas conseguir. Pero \u00e9l s\u00ed podr\u00eda, y lo sabe. Y no le exigimos que, por ser quien es, lo intente aunque pierda, le exigimos que si no gana, no vuelva. La lecci\u00f3n m\u00e1s horrible que podr\u00edamos impartir en nuestra vida.<br \/>\nLa mesa puesta, el olorcito de la carne, los amigos al rededor, el vino en las \u00fanicas copas importantes de la vida, esas que pueden chocarse con la gente que uno quiere. Todo para vos, pero no te alcanza.<br \/>\nDespreciamos el asado. Cuando tenemos hambre, fam\u00e9licos, despreciamos el asado que nos regalan. Es loco, no lo entiendo. Qu\u00e9 s\u00e9 yo. No s\u00e9 nada. S\u00f3lo que Messi es asado, y a m\u00ed el asado me va a gustar siempre. Tanto como intentar, aunque no gane. <\/p>\n","protected":false},"excerpt":{"rendered":"<p>Messi es asado. Asado gratis, \u00bfme explico? A SA DO. Qu\u00e9 s\u00e9 yo. A mi me encanta el asado y me encanta Messi. Y Lionel siempre me pareci\u00f3 eso: una conjunci\u00f3n de cosas que me encantan. Porque juntarse a comer un asado no s\u00f3lo se trata del simple acto de comer en s\u00ed, sino de compartir, de disfrutar. Y encima [&#8230;]<\/p>\n","protected":false},"author":8,"featured_media":0,"comment_status":"open","ping_status":"open","sticky":false,"template":"","format":"standard","meta":{"_jetpack_newsletter_access":"","_jetpack_dont_email_post_to_subs":false,"_jetpack_newsletter_tier_id":0,"_jetpack_memberships_contains_paywalled_content":false,"_jetpack_memberships_contains_paid_content":false,"footnotes":""},"categories":[64],"tags":[],"class_list":["post-84244","post","type-post","status-publish","format-standard","hentry","category-opinion"],"jetpack_featured_media_url":"","jetpack_shortlink":"https:\/\/wp.me\/p2JWE0-lUM","jetpack-related-posts":[{"id":120421,"url":"https:\/\/www.24baires.com\/?p=120421","url_meta":{"origin":84244,"position":0},"title":"Con aumentos del 30%, renovaron el Precios Justos Carne","author":"GB","date":"30\/08\/2023","format":false,"excerpt":"La Secretar\u00eda de Comercio lleg\u00f3 a un acuerdo con supermercados, carnicer\u00edas y empresas exportadoras para renovar el programa Precios Justos Carne. Secretar\u00eda de Comercio de la Naci\u00f3n cerr\u00f3 un acuerdo sectorial para actualizar el programa Precios Justos de la carne. Los siete cortes incluidos en el esquema lanzado por primera\u2026","rel":"","context":"En \u00abConsumidores\u00bb","block_context":{"text":"Consumidores","link":"https:\/\/www.24baires.com\/?cat=78"},"img":{"alt_text":"","src":"https:\/\/i0.wp.com\/www.24baires.com\/wp-content\/uploads\/2016\/02\/carnicer%C3%ADa.jpg?resize=350%2C200","width":350,"height":200,"srcset":"https:\/\/i0.wp.com\/www.24baires.com\/wp-content\/uploads\/2016\/02\/carnicer%C3%ADa.jpg?resize=350%2C200 1x, https:\/\/i0.wp.com\/www.24baires.com\/wp-content\/uploads\/2016\/02\/carnicer%C3%ADa.jpg?resize=525%2C300 1.5x, https:\/\/i0.wp.com\/www.24baires.com\/wp-content\/uploads\/2016\/02\/carnicer%C3%ADa.jpg?resize=700%2C400 2x"},"classes":[]},{"id":116845,"url":"https:\/\/www.24baires.com\/?p=116845","url_meta":{"origin":84244,"position":1},"title":"El gobierno cerr\u00f3 acuerdos con los frigor\u00edficos para bajar el precio de algunos cortes de carne","author":"GB","date":"09\/12\/2020","format":false,"excerpt":"La medida ser\u00e1 anunciada este mi\u00e9rcoles, y busca mitigar el fuerte aumento que sufri\u00f3 la carne en el \u00faltimo a\u00f1o. Todav\u00eda no hubo precisiones sobre los precios a los que se ofrecer\u00e1n el asado, el vac\u00edo y el matambre. Este mi\u00e9rcoles el gobierno nacional anunciar\u00e1 un acuerdo con el Consorcio\u2026","rel":"","context":"En \u00abConsumidores\u00bb","block_context":{"text":"Consumidores","link":"https:\/\/www.24baires.com\/?cat=78"},"img":{"alt_text":"","src":"https:\/\/i0.wp.com\/www.24baires.com\/wp-content\/uploads\/2016\/07\/carne.jpg?resize=350%2C200","width":350,"height":200,"srcset":"https:\/\/i0.wp.com\/www.24baires.com\/wp-content\/uploads\/2016\/07\/carne.jpg?resize=350%2C200 1x, https:\/\/i0.wp.com\/www.24baires.com\/wp-content\/uploads\/2016\/07\/carne.jpg?resize=525%2C300 1.5x"},"classes":[]},{"id":117541,"url":"https:\/\/www.24baires.com\/?p=117541","url_meta":{"origin":84244,"position":2},"title":"El Gobierno anuncia un acuerdo para vender el kilo de asado a $359","author":"AF","date":"07\/05\/2021","format":false,"excerpt":"Va a estar disponible todos los d\u00edas, de lunes a viernes, en supermercacos. Mantiene los precios fijados en enero para la carne y el asado baja de $399 a $359. El ministro de Desarrollo Productivo, Mat\u00edas Kulfas, anunci\u00f3 este viernes que el pr\u00f3ximo martes entrar\u00e1 en vigencia el nuevo acuerdo\u2026","rel":"","context":"En \u00abSociedad\u00bb","block_context":{"text":"Sociedad","link":"https:\/\/www.24baires.com\/?cat=1"},"img":{"alt_text":"","src":"https:\/\/i0.wp.com\/www.24baires.com\/wp-content\/uploads\/2016\/07\/carne.jpg?resize=350%2C200","width":350,"height":200,"srcset":"https:\/\/i0.wp.com\/www.24baires.com\/wp-content\/uploads\/2016\/07\/carne.jpg?resize=350%2C200 1x, https:\/\/i0.wp.com\/www.24baires.com\/wp-content\/uploads\/2016\/07\/carne.jpg?resize=525%2C300 1.5x"},"classes":[]},{"id":117121,"url":"https:\/\/www.24baires.com\/?p=117121","url_meta":{"origin":84244,"position":3},"title":"Comienzan a vender los cortes de carnes con precios cuidados","author":"GB","date":"03\/02\/2021","format":false,"excerpt":"Con un volumen de oferta de 6 mil toneladas por mes, los cortes estar\u00e1n disponibles en las grandes cadenas de supermercados en todo el pa\u00eds. Rigen los cortes de carne a precios populares que acord\u00f3 el Gobierno nacional con los frigor\u00edficos exportadores. Se trata de ocho cortes con bajas de\u2026","rel":"","context":"En \u00abConsumidores\u00bb","block_context":{"text":"Consumidores","link":"https:\/\/www.24baires.com\/?cat=78"},"img":{"alt_text":"","src":"https:\/\/i0.wp.com\/www.24baires.com\/wp-content\/uploads\/2016\/07\/carne.jpg?resize=350%2C200","width":350,"height":200,"srcset":"https:\/\/i0.wp.com\/www.24baires.com\/wp-content\/uploads\/2016\/07\/carne.jpg?resize=350%2C200 1x, https:\/\/i0.wp.com\/www.24baires.com\/wp-content\/uploads\/2016\/07\/carne.jpg?resize=525%2C300 1.5x"},"classes":[]},{"id":121984,"url":"https:\/\/www.24baires.com\/?p=121984","url_meta":{"origin":84244,"position":4},"title":"Diciembre cierra con una inflaci\u00f3n del 2,7%","author":"GB","date":"15\/01\/2025","format":false,"excerpt":"El Indec inform\u00f3 que la inflaci\u00f3n de diciembre fue del 2,7%, acumulando un 117,8% en 2024. Los precios se mantuvieron estables por tercer mes consecutivo. El Instituto Nacional de Estad\u00edstica y Censos (Indec) inform\u00f3 que el \u00cdndice de Precios al Consumidor (IPC) correspondiente a diciembre de 2024 se ubic\u00f3 en\u2026","rel":"","context":"En \u00abEconom\u00eda\u00bb","block_context":{"text":"Econom\u00eda","link":"https:\/\/www.24baires.com\/?cat=45"},"img":{"alt_text":"","src":"https:\/\/i0.wp.com\/www.24baires.com\/wp-content\/uploads\/2018\/08\/supermercado.jpg?resize=350%2C200","width":350,"height":200,"srcset":"https:\/\/i0.wp.com\/www.24baires.com\/wp-content\/uploads\/2018\/08\/supermercado.jpg?resize=350%2C200 1x, https:\/\/i0.wp.com\/www.24baires.com\/wp-content\/uploads\/2018\/08\/supermercado.jpg?resize=525%2C300 1.5x, https:\/\/i0.wp.com\/www.24baires.com\/wp-content\/uploads\/2018\/08\/supermercado.jpg?resize=700%2C400 2x"},"classes":[]},{"id":117073,"url":"https:\/\/www.24baires.com\/?p=117073","url_meta":{"origin":84244,"position":5},"title":"Anuncian una rebaja de hasta 30% en los precios 10 cortes de carne","author":"GB","date":"26\/01\/2021","format":false,"excerpt":"En los supermercados, las ofertas estar\u00e1n disponible los fines de semana y los mi\u00e9rcoles de las primeras tres semanas de cada mes; mientras que en el Mercado Central, todos los d\u00edas. La rebaja de hasta 30% en los precios comprender\u00e1 a los cortes m\u00e1s representativos de carne vacuna, entre los\u2026","rel":"","context":"En \u00abConsumidores\u00bb","block_context":{"text":"Consumidores","link":"https:\/\/www.24baires.com\/?cat=78"},"img":{"alt_text":"","src":"https:\/\/i0.wp.com\/www.24baires.com\/wp-content\/uploads\/2016\/02\/carnicer%C3%ADa.jpg?resize=350%2C200","width":350,"height":200,"srcset":"https:\/\/i0.wp.com\/www.24baires.com\/wp-content\/uploads\/2016\/02\/carnicer%C3%ADa.jpg?resize=350%2C200 1x, https:\/\/i0.wp.com\/www.24baires.com\/wp-content\/uploads\/2016\/02\/carnicer%C3%ADa.jpg?resize=525%2C300 1.5x"},"classes":[]}],"jetpack_sharing_enabled":true,"jetpack_likes_enabled":true,"_links":{"self":[{"href":"https:\/\/www.24baires.com\/index.php?rest_route=\/wp\/v2\/posts\/84244","targetHints":{"allow":["GET"]}}],"collection":[{"href":"https:\/\/www.24baires.com\/index.php?rest_route=\/wp\/v2\/posts"}],"about":[{"href":"https:\/\/www.24baires.com\/index.php?rest_route=\/wp\/v2\/types\/post"}],"author":[{"embeddable":true,"href":"https:\/\/www.24baires.com\/index.php?rest_route=\/wp\/v2\/users\/8"}],"replies":[{"embeddable":true,"href":"https:\/\/www.24baires.com\/index.php?rest_route=%2Fwp%2Fv2%2Fcomments&post=84244"}],"version-history":[{"count":1,"href":"https:\/\/www.24baires.com\/index.php?rest_route=\/wp\/v2\/posts\/84244\/revisions"}],"predecessor-version":[{"id":84246,"href":"https:\/\/www.24baires.com\/index.php?rest_route=\/wp\/v2\/posts\/84244\/revisions\/84246"}],"wp:attachment":[{"href":"https:\/\/www.24baires.com\/index.php?rest_route=%2Fwp%2Fv2%2Fmedia&parent=84244"}],"wp:term":[{"taxonomy":"category","embeddable":true,"href":"https:\/\/www.24baires.com\/index.php?rest_route=%2Fwp%2Fv2%2Fcategories&post=84244"},{"taxonomy":"post_tag","embeddable":true,"href":"https:\/\/www.24baires.com\/index.php?rest_route=%2Fwp%2Fv2%2Ftags&post=84244"}],"curies":[{"name":"wp","href":"https:\/\/api.w.org\/{rel}","templated":true}]}}