{"id":8404,"date":"2012-12-08T22:14:24","date_gmt":"2012-12-09T01:14:24","guid":{"rendered":"http:\/\/www.24baires.com\/?p=8404"},"modified":"2012-12-08T22:14:24","modified_gmt":"2012-12-09T01:14:24","slug":"todo-listo-para-la-fiesta-popular-en-la-plaza-de-mayo","status":"publish","type":"post","link":"https:\/\/www.24baires.com\/?p=8404","title":{"rendered":"Todo listo para la Fiesta Popular en la Plaza de Mayo"},"content":{"rendered":"<p><img data-recalc-dims=\"1\" loading=\"lazy\" decoding=\"async\" class=\"aligncenter size-full wp-image-8405\" title=\"fiesta democracia y ddhh\" src=\"https:\/\/i0.wp.com\/www.24baires.com\/wp-content\/uploads\/2012\/12\/fiesta-democracia-y-ddhh.jpg?resize=560%2C373\" alt=\"\" width=\"560\" height=\"373\" srcset=\"https:\/\/i0.wp.com\/www.24baires.com\/wp-content\/uploads\/2012\/12\/fiesta-democracia-y-ddhh.jpg?w=560&amp;ssl=1 560w, https:\/\/i0.wp.com\/www.24baires.com\/wp-content\/uploads\/2012\/12\/fiesta-democracia-y-ddhh.jpg?resize=300%2C199&amp;ssl=1 300w\" sizes=\"auto, (max-width: 560px) 100vw, 560px\" \/><\/p>\n<p>El aniversario por el <strong>D\u00eda de la Democracia y los Derechos Humanos<\/strong> se conmemorar\u00e1 este domingo a partir de las 15 en la Plaza de Mayo, en el marco de un festival denominado \u00abFiesta Patria Popular\u00bb.<!--more--><\/p>\n<p>Los preparativos comenzaron el viernes por la tarde en cercan\u00edas de Casa de Casa de Gobierno.<\/p>\n<p>En ese contexto, ya se restringi\u00f3 el tr\u00e1nsito vehicular en el radio delimitado por las avenidas 9 de julio, Corrientes, Leandro N. Alem, Paseo Col\u00f3n y Belgrano.<\/p>\n<p>El festival es organizado por el gobierno nacional \u00abpara esperar el inicio del D\u00eda de la Democracia y los Derechos Humanos, el 10 de diciembre, a 29 a\u00f1os de retorno de la democracia\u00bb, se\u00f1alaron las fuentes.<\/p>\n<p>En la celebraci\u00f3n actuar\u00e1n artistas de la talla de Charly Garc\u00eda, Fito P\u00e1ez, el colombiano Carlos Vives, V\u00edctor Heredia, Teresa Parodi, Illya Kuryaqui, La Bomba De Tiempo y el Choque Urbano, entre otros, y adem\u00e1s habr\u00e1 muestras regionales en Avenida de Mayo.<\/p>\n<p>De acuerdo con el cronograma de actividades, a partir de las 15 se podr\u00e1n recorrer puestos de colectividades en avenida de Mayo, y stands de diferentes carteras del gobierno nacional sobre diagonal norte y sur.<\/p>\n<p>Como ejemplo, en Diagonal Norte, entre Suipacha y Esmeralda, se expondr\u00e1n las pol\u00edticas p\u00fablicas de inclusi\u00f3n social y promoci\u00f3n de la Memoria, la Verdad y la Justicia.<\/p>\n<p>Frente a la Casa de Gobierno, de cara hacia la plaza, ser\u00e1 ubicado el escenario del festival en el que ofrecer\u00e1n los recitales los mencionados artistas, y esta tarde contin\u00faan los trabajos para su puesta a punto.<\/p>\n<p>Est\u00e1 previsto, asimismo, que toquen bandas en vivo hasta las 24, momento en que se realizar\u00e1 un show de fuegos artificiales.<br \/>\nDebido a la afluencia de medios que est\u00e1 prevista, el gobierno montar\u00e1 una carpa del lado izquierdo de la Casa Rosada, sobre\u00a0Hip\u00f3lito Yrigoyen, donde los periodistas acreditados podr\u00e1n seguir las alternativas por pantalla gigante.<\/p>\n<p>&nbsp;<\/p>\n<p>&nbsp;<\/p>\n<p>&nbsp;<\/p>\n<p>&nbsp;<\/p>\n<p>&nbsp;<\/p>\n<p>&nbsp;<\/p>\n","protected":false},"excerpt":{"rendered":"<p>El aniversario por el D\u00eda de la Democracia y los Derechos Humanos se conmemorar\u00e1 este domingo a partir de las 15 en la Plaza de Mayo, en el marco de un festival denominado \u00abFiesta Patria Popular\u00bb.<\/p>\n","protected":false},"author":11,"featured_media":0,"comment_status":"open","ping_status":"open","sticky":false,"template":"","format":"standard","meta":{"_jetpack_newsletter_access":"","_jetpack_dont_email_post_to_subs":false,"_jetpack_newsletter_tier_id":0,"_jetpack_memberships_contains_paywalled_content":false,"_jetpack_memberships_contains_paid_content":false,"footnotes":""},"categories":[1],"tags":[],"class_list":["post-8404","post","type-post","status-publish","format-standard","hentry","category-sociedad"],"jetpack_featured_media_url":"","jetpack_shortlink":"https:\/\/wp.me\/p2JWE0-2by","jetpack-related-posts":[{"id":8472,"url":"https:\/\/www.24baires.com\/?p=8472","url_meta":{"origin":8404,"position":0},"title":"Hubo una multitud en Plaza de Mayo disfrutando de la Fiesta de la Democracia","author":"AF","date":"09\/12\/2012","format":false,"excerpt":"Miles de personas se encuentraron en la Plaza de Mayo, donde Ignacio Copani abri\u00f3 a las 18.15 la \u201cFiesta Patria Popular\u201d por el D\u00eda de la Democracia de los Derechos Humanos. El cantautor Ignacio Copani, due\u00f1o de una palabra comprometida con su tiempo social, inaugur\u00f3 hoy el multitudinario \"Festival Patria\u2026","rel":"","context":"En \u00abPol\u00edtica\u00bb","block_context":{"text":"Pol\u00edtica","link":"https:\/\/www.24baires.com\/?cat=51"},"img":{"alt_text":"","src":"https:\/\/i0.wp.com\/www.24baires.com\/wp-content\/uploads\/2012\/12\/fiesta-popular1.jpg?resize=350%2C200","width":350,"height":200,"srcset":"https:\/\/i0.wp.com\/www.24baires.com\/wp-content\/uploads\/2012\/12\/fiesta-popular1.jpg?resize=350%2C200 1x, https:\/\/i0.wp.com\/www.24baires.com\/wp-content\/uploads\/2012\/12\/fiesta-popular1.jpg?resize=525%2C300 1.5x"},"classes":[]},{"id":36519,"url":"https:\/\/www.24baires.com\/?p=36519","url_meta":{"origin":8404,"position":1},"title":"El d\u00eda lleg\u00f3: se celebra hoy la gran fiesta de la democracia","author":"Grupo Sierra","date":"10\/12\/2013","format":false,"excerpt":"El Gobierno nacional celebrar\u00e1 este martes el 30 aniverario del retorno de la democracia con un festival en la Plaza de Mayo y un acto en la Casa de Gobierno al que invit\u00f3 a ex presidentes constitucionales, aunque s\u00f3lo Adolfo Rodr\u00edguez Sa\u00e1 confirm\u00f3 su asistencia. El 10 de diciembre, elegido\u2026","rel":"","context":"En \u00abSociedad\u00bb","block_context":{"text":"Sociedad","link":"https:\/\/www.24baires.com\/?cat=1"},"img":{"alt_text":"acto democracia","src":"https:\/\/i0.wp.com\/www.24baires.com\/wp-content\/uploads\/2013\/12\/acto-democracia-300x199.jpg?resize=350%2C200","width":350,"height":200},"classes":[]},{"id":58537,"url":"https:\/\/www.24baires.com\/?p=58537","url_meta":{"origin":8404,"position":2},"title":"La Plaza de Mayo ser\u00e1 sede de la fiesta por los 31 a\u00f1os de democracia","author":"GB","date":"12\/12\/2014","format":false,"excerpt":"Bajo el lema \"Argentina celebra en la Plaza\", la jornada comenzar\u00e1 a partir de las 14, mientras que el discurso de la Presidenta est\u00e1 previsto aproximadamente para las 20. Los 31 a\u00f1os de democracia ininterrumpida y el D\u00eda Internacional de los Derechos Humanos ser\u00e1n celebrados ma\u00f1ana en la Plaza de\u2026","rel":"","context":"En \u00abSociedad\u00bb","block_context":{"text":"Sociedad","link":"https:\/\/www.24baires.com\/?cat=1"},"img":{"alt_text":"plaza de mayo","src":"https:\/\/i0.wp.com\/www.24baires.com\/wp-content\/uploads\/2014\/12\/plaza-de-mayo.jpg?resize=350%2C200","width":350,"height":200,"srcset":"https:\/\/i0.wp.com\/www.24baires.com\/wp-content\/uploads\/2014\/12\/plaza-de-mayo.jpg?resize=350%2C200 1x, https:\/\/i0.wp.com\/www.24baires.com\/wp-content\/uploads\/2014\/12\/plaza-de-mayo.jpg?resize=525%2C300 1.5x"},"classes":[]},{"id":8510,"url":"https:\/\/www.24baires.com\/?p=8510","url_meta":{"origin":8404,"position":3},"title":"\u201cDemandamos mayor democratizaci\u00f3n en los tres poderes del Estado\u201d reclam\u00f3 Cristina","author":"Grupo Sierra","date":"09\/12\/2012","format":false,"excerpt":"La Presidenta Cristina Fern\u00e1ndez de Kirchner habl\u00f3 por cadena nacional desde una Plaza de Mayo repleta de gente, organizaciones sociales y pol\u00edticas que festejaron el D\u00eda de la Democracia y los Derechos Humanos en un clima de fiesta popular. La presidenta Cristina Fern\u00e1ndez de Kirchner afirm\u00f3 esta noche que \"estamos\u2026","rel":"","context":"En \u00abPol\u00edtica\u00bb","block_context":{"text":"Pol\u00edtica","link":"https:\/\/www.24baires.com\/?cat=51"},"img":{"alt_text":"","src":"https:\/\/i0.wp.com\/www.24baires.com\/wp-content\/uploads\/2012\/12\/cristina-fiesta-popular.jpg?resize=350%2C200","width":350,"height":200,"srcset":"https:\/\/i0.wp.com\/www.24baires.com\/wp-content\/uploads\/2012\/12\/cristina-fiesta-popular.jpg?resize=350%2C200 1x, https:\/\/i0.wp.com\/www.24baires.com\/wp-content\/uploads\/2012\/12\/cristina-fiesta-popular.jpg?resize=525%2C300 1.5x"},"classes":[]},{"id":118317,"url":"https:\/\/www.24baires.com\/?p=118317","url_meta":{"origin":8404,"position":4},"title":"Festejos en Plaza de Mayo y Transporte gratuito","author":"GB","date":"10\/12\/2021","format":false,"excerpt":"Para conmemorar el Dia de la Restauraci\u00f3n de la Democracia, desde el Gobierno realizar\u00e1n actividades en Plaza de Mayo y decretaron que el servicio de transporte p\u00fablico nacional ser\u00e1 gratuito. El Gobierno festejar\u00e1 este D\u00eda de la Democracia en la Plaza de Mayo, con un acto en el que estar\u00e1n\u2026","rel":"","context":"En \u00abPol\u00edtica\u00bb","block_context":{"text":"Pol\u00edtica","link":"https:\/\/www.24baires.com\/?cat=51"},"img":{"alt_text":"","src":"https:\/\/i0.wp.com\/www.24baires.com\/wp-content\/uploads\/2021\/12\/lula_cristina_y_alberto.jpg_1756841869.jpg?resize=350%2C200","width":350,"height":200,"srcset":"https:\/\/i0.wp.com\/www.24baires.com\/wp-content\/uploads\/2021\/12\/lula_cristina_y_alberto.jpg_1756841869.jpg?resize=350%2C200 1x, https:\/\/i0.wp.com\/www.24baires.com\/wp-content\/uploads\/2021\/12\/lula_cristina_y_alberto.jpg_1756841869.jpg?resize=525%2C300 1.5x"},"classes":[]},{"id":36371,"url":"https:\/\/www.24baires.com\/?p=36371","url_meta":{"origin":8404,"position":5},"title":"Este martes llega \u00abDemocracia para todos\u00bb a la Plaza de Mayo","author":"AF","date":"07\/12\/2013","format":false,"excerpt":"La fiesta popular \"Democracia para Siempre\" se realizar\u00e1 el pr\u00f3ximo martes a partir de las 15.30 en la Plaza de Mayo, organizada por el gobierno nacional, y con la presencia de numerosos artistas de primer nivel. El objetivo \"es festejar 30 a\u00f1os de democracia, de derechos para todos, de libertad\u2026","rel":"","context":"En \u00abSociedad\u00bb","block_context":{"text":"Sociedad","link":"https:\/\/www.24baires.com\/?cat=1"},"img":{"alt_text":"democracia para siempre","src":"https:\/\/i0.wp.com\/www.24baires.com\/wp-content\/uploads\/2013\/12\/democracia-para-siempre-300x199.jpg?resize=350%2C200","width":350,"height":200},"classes":[]}],"jetpack_sharing_enabled":true,"jetpack_likes_enabled":true,"_links":{"self":[{"href":"https:\/\/www.24baires.com\/index.php?rest_route=\/wp\/v2\/posts\/8404","targetHints":{"allow":["GET"]}}],"collection":[{"href":"https:\/\/www.24baires.com\/index.php?rest_route=\/wp\/v2\/posts"}],"about":[{"href":"https:\/\/www.24baires.com\/index.php?rest_route=\/wp\/v2\/types\/post"}],"author":[{"embeddable":true,"href":"https:\/\/www.24baires.com\/index.php?rest_route=\/wp\/v2\/users\/11"}],"replies":[{"embeddable":true,"href":"https:\/\/www.24baires.com\/index.php?rest_route=%2Fwp%2Fv2%2Fcomments&post=8404"}],"version-history":[{"count":2,"href":"https:\/\/www.24baires.com\/index.php?rest_route=\/wp\/v2\/posts\/8404\/revisions"}],"predecessor-version":[{"id":8407,"href":"https:\/\/www.24baires.com\/index.php?rest_route=\/wp\/v2\/posts\/8404\/revisions\/8407"}],"wp:attachment":[{"href":"https:\/\/www.24baires.com\/index.php?rest_route=%2Fwp%2Fv2%2Fmedia&parent=8404"}],"wp:term":[{"taxonomy":"category","embeddable":true,"href":"https:\/\/www.24baires.com\/index.php?rest_route=%2Fwp%2Fv2%2Fcategories&post=8404"},{"taxonomy":"post_tag","embeddable":true,"href":"https:\/\/www.24baires.com\/index.php?rest_route=%2Fwp%2Fv2%2Ftags&post=8404"}],"curies":[{"name":"wp","href":"https:\/\/api.w.org\/{rel}","templated":true}]}}