{"id":8384,"date":"2012-12-08T20:00:20","date_gmt":"2012-12-08T23:00:20","guid":{"rendered":"http:\/\/www.24baires.com\/?p=8384"},"modified":"2012-12-09T13:34:45","modified_gmt":"2012-12-09T16:34:45","slug":"docentes-vs-scioli-y-funcionarios-a-donde-vayan-los-iran-a-buscar","status":"publish","type":"post","link":"https:\/\/www.24baires.com\/?p=8384","title":{"rendered":"Docentes vs. Scioli y funcionarios: A donde vayan los ir\u00e1n a buscar"},"content":{"rendered":"<p>No se trata de escraches sino de presencia en los distritos hasta donde lleguen los funcionarios de la Provincia, particularmente la titular del \u00e1rea, Nora de Luc\u00eda y el propio gobernador Scioli. Lo dijo <strong>Ra\u00fal Calamante, de Suteba<\/strong>. Los docentes los seguir\u00e1n, para \u00abmantener\u00bb el reclamo.<!--more--><br \/>\nAs\u00ed inform\u00f3 esta tarde el portal de noticias Infocielo. \u201cLa inminencia del fin del ciclo lectivo, alent\u00f3 en un sector de los docentes una nueva modalidad de protesta que prometen mantener hasta llegar a un acuerdo en la tensa relaci\u00f3n con el Gobierno bonaerense. Sin clases no hay paro posible. Pero como las quejas subsisten y la decisi\u00f3n de mantenerlas en la agenda tambi\u00e9n, un sector de los docentes nucleados en Suteba resolvi\u00f3 que ir\u00e1n a \u2018buscar\u2019 al gobernador bonaerense Daniel Scioli hasta donde se mueva en el interior de la Provincia\u201d, consign\u00f3 ese medio platense.<\/p>\n<p>\u201cEn Suteba nunca utilizamos la pol\u00edtica de escrache. Cuando hemos participado ha sido contra represores, no contra funcionarios\u201d, explic\u00f3 a Infocielo Ra\u00fal Calamante. Se trata de tener \u201cpresencia en los distritos hasta donde lleguen los funcionarios de la Provincia, particularmente la titular del \u00e1rea, Nora de Luc\u00eda y el propio gobernador Scioli\u201d, a\u00f1adi\u00f3<\/p>\n<p>\u201cEl 3 diciembre \u00faltimo, la nueva modalidad de protesta se puso en pr\u00e1ctica en Mar del Plata. Hasta all\u00ed ten\u00eda previsto llegar la Directora General de Cultura y Educaci\u00f3n provincial, Nora de Luc\u00eda aunque finalmente peg\u00f3 el faltazo. Los docentes de varios distritos vecinos de la Feliz, sin embargo, llegaron hasta la ciudad para hacer sentir sus reclamos\u201d, a\u00f1adi\u00f3 Infocielo.<\/p>\n<p>\u201cEn efecto, en Rojas fue Scioli el recibido por los docentes con la misma modalidad: varios y de distritos vecinos al lugar de visita de los funcionarios, haci\u00e9ndole saber su malestar. El gobernador visit\u00f3 ese distrito la semana \u00faltima. Lleg\u00f3, con la excusa de una actividad solidaria, para jugar un partido de f\u00fatbol con su equipo de La \u00d1ata contra un combinado del intendente local\u201d, a\u00f1adi\u00f3 el portal platense.<\/p>\n<p>&nbsp;<\/p>\n<p>&nbsp;<\/p>\n","protected":false},"excerpt":{"rendered":"<p>No se trata de escraches sino de presencia en los distritos hasta donde lleguen los funcionarios de la Provincia, particularmente la titular del \u00e1rea, Nora de Luc\u00eda y el propio gobernador Scioli. Lo dijo Ra\u00fal Calamante, de Suteba. Los docentes los seguir\u00e1n, para \u00abmantener\u00bb el reclamo.<\/p>\n","protected":false},"author":11,"featured_media":0,"comment_status":"open","ping_status":"open","sticky":false,"template":"","format":"standard","meta":{"_jetpack_newsletter_access":"","_jetpack_dont_email_post_to_subs":false,"_jetpack_newsletter_tier_id":0,"_jetpack_memberships_contains_paywalled_content":false,"_jetpack_memberships_contains_paid_content":false,"footnotes":""},"categories":[40],"tags":[],"class_list":["post-8384","post","type-post","status-publish","format-standard","hentry","category-provincia"],"jetpack_featured_media_url":"","jetpack_shortlink":"https:\/\/wp.me\/p2JWE0-2be","jetpack-related-posts":[{"id":100134,"url":"https:\/\/www.24baires.com\/?p=100134","url_meta":{"origin":8384,"position":0},"title":"La Provincia prev\u00e9 una dura negociaci\u00f3n con los gremios docentes","author":"GB","date":"24\/01\/2018","format":false,"excerpt":"En el gobierno bonaerense afirman que \"no hay ni piso ni techo\" para la paritaria; avanzan en la \"depuraci\u00f3n\" de las afiliaciones de los sindicatos que agrupan a maestros y profesores Volvi\u00f3 descansada y feliz de Villa La Angostura. Ya de regreso en su despacho, Mar\u00eda Eugenia Vidal se pondr\u00e1\u2026","rel":"","context":"En \u00abProvincia\u00bb","block_context":{"text":"Provincia","link":"https:\/\/www.24baires.com\/?cat=40"},"img":{"alt_text":"","src":"https:\/\/i0.wp.com\/www.24baires.com\/wp-content\/uploads\/2017\/11\/docentes.jpg?resize=350%2C200","width":350,"height":200,"srcset":"https:\/\/i0.wp.com\/www.24baires.com\/wp-content\/uploads\/2017\/11\/docentes.jpg?resize=350%2C200 1x, https:\/\/i0.wp.com\/www.24baires.com\/wp-content\/uploads\/2017\/11\/docentes.jpg?resize=525%2C300 1.5x"},"classes":[]},{"id":113592,"url":"https:\/\/www.24baires.com\/?p=113592","url_meta":{"origin":8384,"position":1},"title":"Kicillof se reuni\u00f3 con docentes antes de la negociaci\u00f3n paritaria","author":"AF","date":"26\/12\/2019","format":false,"excerpt":"Los docentes valoraron haber sido recibidos por primera en cuatro a\u00f1os en la Gobernaci\u00f3n bonaerense. Esperan poder discutir pol\u00edticas educativas, cuestiones salariales y la infraestructura escolar. El gobernador de la provincia de Buenos Aires, Axel Kicillof, y su ministra de Educaci\u00f3n, Agustina Vila, recibieron este jueves a los representantes del\u2026","rel":"","context":"En \u00abSociedad\u00bb","block_context":{"text":"Sociedad","link":"https:\/\/www.24baires.com\/?cat=1"},"img":{"alt_text":"","src":"https:\/\/i0.wp.com\/www.24baires.com\/wp-content\/uploads\/2019\/11\/kicillof.jpg?resize=350%2C200","width":350,"height":200,"srcset":"https:\/\/i0.wp.com\/www.24baires.com\/wp-content\/uploads\/2019\/11\/kicillof.jpg?resize=350%2C200 1x, https:\/\/i0.wp.com\/www.24baires.com\/wp-content\/uploads\/2019\/11\/kicillof.jpg?resize=525%2C300 1.5x"},"classes":[]},{"id":17558,"url":"https:\/\/www.24baires.com\/?p=17558","url_meta":{"origin":8384,"position":2},"title":"Este jueves vuelven a la mesa de negociaci\u00f3n salarial docentes y estatales bonaerense","author":"AF","date":"05\/03\/2013","format":false,"excerpt":"Fueron convocados por el ministro de Trabajo, Oscar Cuartango, en la segunda jornada de medidas de fuerza de ambos sectores. A los maestros, que piden un 30 por ciento, Scioli ya les adelant\u00f3 que ofrecer\u00e1 un 22 de aumento, cifra que los gremios rechazaron de plano. Los trabajadores de ATE,\u2026","rel":"","context":"En \u00abSociedad\u00bb","block_context":{"text":"Sociedad","link":"https:\/\/www.24baires.com\/?cat=1"},"img":{"alt_text":"de luc\u00eda docentes","src":"https:\/\/i0.wp.com\/www.24baires.com\/wp-content\/uploads\/2013\/03\/de-luc%C3%ADa-docentes.jpg?resize=350%2C200","width":350,"height":200,"srcset":"https:\/\/i0.wp.com\/www.24baires.com\/wp-content\/uploads\/2013\/03\/de-luc%C3%ADa-docentes.jpg?resize=350%2C200 1x, https:\/\/i0.wp.com\/www.24baires.com\/wp-content\/uploads\/2013\/03\/de-luc%C3%ADa-docentes.jpg?resize=525%2C300 1.5x"},"classes":[]},{"id":58221,"url":"https:\/\/www.24baires.com\/?p=58221","url_meta":{"origin":8384,"position":3},"title":"Scioli convoc\u00f3 a docentes a discutir las paritarias 2015","author":"GB","date":"06\/12\/2014","format":false,"excerpt":"El gobernador de la provincia de Buenos Aires llam\u00f3 a un encuentro para el pr\u00f3ximo martes en el Ministerio de Trabajo. \"Fue una buena decisi\u00f3n\", sostuvo el titular de Suteba, Roberto Baradel. El gobernador de la provincia de Buenos Aires convoc\u00f3 para este martes a los docentes con el fin\u2026","rel":"","context":"En \u00abPol\u00edtica\u00bb","block_context":{"text":"Pol\u00edtica","link":"https:\/\/www.24baires.com\/?cat=51"},"img":{"alt_text":"Scioli2","src":"https:\/\/i0.wp.com\/www.24baires.com\/wp-content\/uploads\/2014\/05\/Scioli2.jpg?resize=350%2C200","width":350,"height":200,"srcset":"https:\/\/i0.wp.com\/www.24baires.com\/wp-content\/uploads\/2014\/05\/Scioli2.jpg?resize=350%2C200 1x, https:\/\/i0.wp.com\/www.24baires.com\/wp-content\/uploads\/2014\/05\/Scioli2.jpg?resize=525%2C300 1.5x"},"classes":[]},{"id":100804,"url":"https:\/\/www.24baires.com\/?p=100804","url_meta":{"origin":8384,"position":4},"title":"Vidal abre las sesiones ordinarias con el conflicto docente en puerta","author":"GB","date":"01\/03\/2018","format":false,"excerpt":"Una vez m\u00e1s, la mandataria vuelve al Congreso en una disputa con los gremios docentes. En su discurso del a\u00f1o pasado puso como eje central a la educaci\u00f3n La gobernadora de la provincia de Buenos Aires, Mar\u00eda Eugenia Vidal, abrir\u00e1 las sesiones legislativas ordinarias de este a\u00f1o y brindar\u00e1 el\u2026","rel":"","context":"En \u00abProvincia\u00bb","block_context":{"text":"Provincia","link":"https:\/\/www.24baires.com\/?cat=40"},"img":{"alt_text":"","src":"https:\/\/i0.wp.com\/www.24baires.com\/wp-content\/uploads\/2018\/01\/vidal-anuncios.jpg?resize=350%2C200","width":350,"height":200,"srcset":"https:\/\/i0.wp.com\/www.24baires.com\/wp-content\/uploads\/2018\/01\/vidal-anuncios.jpg?resize=350%2C200 1x, https:\/\/i0.wp.com\/www.24baires.com\/wp-content\/uploads\/2018\/01\/vidal-anuncios.jpg?resize=525%2C300 1.5x"},"classes":[]},{"id":51129,"url":"https:\/\/www.24baires.com\/?p=51129","url_meta":{"origin":8384,"position":5},"title":"Scioli sobre el paro docente: \u00abBuscamos que los chicos est\u00e9n en las aulas\u00bb","author":"GB","date":"04\/08\/2014","format":false,"excerpt":"El Gobernador bonaerense pidi\u00f3 a los docentes \"una contribuci\u00f3n\" en medio de la medida de fuerza que llevan adelante y que afecta a tres millones de alumnos. El gobernador provincial se refiri\u00f3 al paro que los gremios docentes llevan adelante, este lunes y martes, con posibilidades de extenderlo tambi\u00e9n al\u2026","rel":"","context":"En \u00abPol\u00edtica\u00bb","block_context":{"text":"Pol\u00edtica","link":"https:\/\/www.24baires.com\/?cat=51"},"img":{"alt_text":"scioli operativo sol","src":"https:\/\/i0.wp.com\/www.24baires.com\/wp-content\/uploads\/2013\/12\/scioli-operativo-sol.jpg?resize=350%2C200","width":350,"height":200,"srcset":"https:\/\/i0.wp.com\/www.24baires.com\/wp-content\/uploads\/2013\/12\/scioli-operativo-sol.jpg?resize=350%2C200 1x, https:\/\/i0.wp.com\/www.24baires.com\/wp-content\/uploads\/2013\/12\/scioli-operativo-sol.jpg?resize=525%2C300 1.5x"},"classes":[]}],"jetpack_sharing_enabled":true,"jetpack_likes_enabled":true,"_links":{"self":[{"href":"https:\/\/www.24baires.com\/index.php?rest_route=\/wp\/v2\/posts\/8384","targetHints":{"allow":["GET"]}}],"collection":[{"href":"https:\/\/www.24baires.com\/index.php?rest_route=\/wp\/v2\/posts"}],"about":[{"href":"https:\/\/www.24baires.com\/index.php?rest_route=\/wp\/v2\/types\/post"}],"author":[{"embeddable":true,"href":"https:\/\/www.24baires.com\/index.php?rest_route=\/wp\/v2\/users\/11"}],"replies":[{"embeddable":true,"href":"https:\/\/www.24baires.com\/index.php?rest_route=%2Fwp%2Fv2%2Fcomments&post=8384"}],"version-history":[{"count":3,"href":"https:\/\/www.24baires.com\/index.php?rest_route=\/wp\/v2\/posts\/8384\/revisions"}],"predecessor-version":[{"id":8386,"href":"https:\/\/www.24baires.com\/index.php?rest_route=\/wp\/v2\/posts\/8384\/revisions\/8386"}],"wp:attachment":[{"href":"https:\/\/www.24baires.com\/index.php?rest_route=%2Fwp%2Fv2%2Fmedia&parent=8384"}],"wp:term":[{"taxonomy":"category","embeddable":true,"href":"https:\/\/www.24baires.com\/index.php?rest_route=%2Fwp%2Fv2%2Fcategories&post=8384"},{"taxonomy":"post_tag","embeddable":true,"href":"https:\/\/www.24baires.com\/index.php?rest_route=%2Fwp%2Fv2%2Ftags&post=8384"}],"curies":[{"name":"wp","href":"https:\/\/api.w.org\/{rel}","templated":true}]}}