{"id":83617,"date":"2016-06-09T18:15:13","date_gmt":"2016-06-09T21:15:13","guid":{"rendered":"http:\/\/www.24baires.com\/?p=83617"},"modified":"2016-06-09T16:51:59","modified_gmt":"2016-06-09T19:51:59","slug":"aseguran-que-peligra-la-temporada-2017-en-mar-del-plata-por-los-tarifazos","status":"publish","type":"post","link":"https:\/\/www.24baires.com\/?p=83617","title":{"rendered":"Aseguran que peligra la temporada 2017 en Mar del Plata por los tarifazos"},"content":{"rendered":"<p><img data-recalc-dims=\"1\" loading=\"lazy\" decoding=\"async\" src=\"https:\/\/i0.wp.com\/www.24baires.com\/wp-content\/uploads\/2016\/06\/teatro-mdp.jpg?resize=560%2C313\" alt=\"teatro mdp\" width=\"560\" height=\"313\" class=\"aligncenter size-full wp-image-83618\" srcset=\"https:\/\/i0.wp.com\/www.24baires.com\/wp-content\/uploads\/2016\/06\/teatro-mdp.jpg?w=560&amp;ssl=1 560w, https:\/\/i0.wp.com\/www.24baires.com\/wp-content\/uploads\/2016\/06\/teatro-mdp.jpg?resize=300%2C168&amp;ssl=1 300w\" sizes=\"auto, (max-width: 560px) 100vw, 560px\" \/>Algunos teatros sufrieron subas de hasta un 500% en las tarifas de luz que tienen que sostener durante todo el a\u00f1o para abrir sus puertas durante el verano. \u00abMantener un teatro cerrado para trabajar s\u00f3lo dos meses se est\u00e1 tornando imposible\u00bb, aseguraron.<!--more--><\/p>\n<p>El productor y diputado provincial, Javier Faroni, sostuvo que algunos teatros tuvieron hasta un 500% de aumento en la luz por lo que de persistir esta situaci\u00f3n, algunos podr\u00edan cerrar.<\/p>\n<p>\u00abHay que ver qu\u00e9 sala va a aguantar estar diez meses cerrada pagando los impuestos y los servicios para llegar al verano y no saber qu\u00e9 va a pasar durante dos meses\u00bb, advirti\u00f3 Faroni.<\/p>\n<p>\u00abLas salas de Mar del Plata se toparon con un incremento de hasta el 500% en la tarifa de luz\u00bb, explic\u00f3 el diputado y dijo que hay teatros que est\u00e1n cerrados y pagan entre 15 y 20 mil pesos por este servicio. <\/p>\n<p>En este sentido, Faroni se\u00f1al\u00f3 que \u00ablos due\u00f1os de los teatros est\u00e1n sumamente preocupados, porque hoy les cuesta aproximadamente entre 80 y 100 mil pesos por mes mantener cerradas las salas y van a llegar al verano con una p\u00e9rdida muy grande\u00bb.<br \/>\nEl productor, que ya tiene programadas tres obras para el pr\u00f3ximo verano en la ciudad, consider\u00f3 que \u00abmantener un teatro durante diez meses cerrado para trabajar s\u00f3lo durante dos meses se est\u00e1 tornando imposible\u00bb.<\/p>\n<p>\u00abEsto es lo preocupante para Mar del Plata\u00bb, resalt\u00f3 Faroni y dej\u00f3 en claro que estos incrementos que sufrieron las distintas salas \u00abno se pueden trasladar al costo de la entrada porque para la gente ya est\u00e1 casi inaccesible ir al teatro\u00bb.<\/p>\n","protected":false},"excerpt":{"rendered":"<p>Algunos teatros sufrieron subas de hasta un 500% en las tarifas de luz que tienen que sostener durante todo el a\u00f1o para abrir sus puertas durante el verano. \u00abMantener un teatro cerrado para trabajar s\u00f3lo dos meses se est\u00e1 tornando imposible\u00bb, aseguraron.<\/p>\n","protected":false},"author":8,"featured_media":0,"comment_status":"open","ping_status":"open","sticky":false,"template":"","format":"standard","meta":{"_jetpack_newsletter_access":"","_jetpack_dont_email_post_to_subs":false,"_jetpack_newsletter_tier_id":0,"_jetpack_memberships_contains_paywalled_content":false,"_jetpack_memberships_contains_paid_content":false,"footnotes":""},"categories":[45,41],"tags":[],"class_list":["post-83617","post","type-post","status-publish","format-standard","hentry","category-economia","category-espectaculos"],"jetpack_featured_media_url":"","jetpack_shortlink":"https:\/\/wp.me\/p2JWE0-lKF","jetpack-related-posts":[{"id":16517,"url":"https:\/\/www.24baires.com\/?p=16517","url_meta":{"origin":83617,"position":0},"title":"F\u00e1tima Florez elegida como nueva Reina de la comunidad gay de Mar del Plata","author":"Grupo Sierra","date":"23\/02\/2013","format":false,"excerpt":"Primero fue Moria Cas\u00e1n, luego Carmen Barbieri, y este verano la elegida fue la actriz y humorista F\u00e1tima Florez,\u00a0\u00a0por una conocida disco de Mar del Plata, como la Reina de la comunidad Gay. \u00a0 La humorista d\u00eda a d\u00eda crece en popularidad y su espect\u00e1culo \"F\u00e1tima Florez es \u00danica.... La\u2026","rel":"","context":"En \u00abSociedad\u00bb","block_context":{"text":"Sociedad","link":"https:\/\/www.24baires.com\/?cat=1"},"img":{"alt_text":"fatima_ya.jpg_1103405957","src":"https:\/\/i0.wp.com\/www.24baires.com\/wp-content\/uploads\/2013\/02\/fatima_ya.jpg_1103405957-300x224.jpg?resize=350%2C200","width":350,"height":200},"classes":[]},{"id":26,"url":"https:\/\/www.24baires.com\/?p=26","url_meta":{"origin":83617,"position":1},"title":"Se va conformando la cartelera teatral del verano","author":"Grupo Sierra","date":"17\/09\/2012","format":false,"excerpt":"Las obras \u201cLa dama de negro\u201d, con Fabi\u00e1n Gianola y Nicol\u00e1s Scarpino; \u201cEscandalosas\u201d, con Carmen Barbieri y Moria Cas\u00e1n; \u201cEn el aire\u201d, con Facundo Arana; \u201cDivine\u201d, con An\u00edbal Pachano; y \u201cConversaciones con mam\u00e1\u201d, con Pepe Soriano y Luis Brandoni son algunos de los espect\u00e1culos confirmados para la temporada teatral veraniega\u2026","rel":"","context":"En \u00abEspectaculos\u00bb","block_context":{"text":"Espectaculos","link":"https:\/\/www.24baires.com\/?cat=41"},"img":{"alt_text":"","src":"https:\/\/i0.wp.com\/static.0223.com.ar\/2012\/09\/pe1.jpg?resize=350%2C200","width":350,"height":200},"classes":[]},{"id":82827,"url":"https:\/\/www.24baires.com\/?p=82827","url_meta":{"origin":83617,"position":2},"title":"Faroni advierte que \u00absin una tarifa social muchas entidades pueden desaparecer\u00bb","author":"AF","date":"18\/05\/2016","format":false,"excerpt":"El diputado provincial Javier Faroni (Frente Renovador) pidi\u00f3 beneficiar con \u201ctarifas sociales\u201d a las entidades con fines comunitarios y promovi\u00f3 la aplicaci\u00f3n de una tarifa diferenciada para los servicios p\u00fablicos de clubes de barrio y pueblos, reglamentando la adhesi\u00f3n a una ley nacional. \u201cAs\u00ed como debe haber tarifa social para\u2026","rel":"","context":"En \u00abSociedad\u00bb","block_context":{"text":"Sociedad","link":"https:\/\/www.24baires.com\/?cat=1"},"img":{"alt_text":"faroni","src":"https:\/\/i0.wp.com\/www.24baires.com\/wp-content\/uploads\/2016\/05\/faroni.jpg?resize=350%2C200","width":350,"height":200,"srcset":"https:\/\/i0.wp.com\/www.24baires.com\/wp-content\/uploads\/2016\/05\/faroni.jpg?resize=350%2C200 1x, https:\/\/i0.wp.com\/www.24baires.com\/wp-content\/uploads\/2016\/05\/faroni.jpg?resize=525%2C300 1.5x"},"classes":[]},{"id":59515,"url":"https:\/\/www.24baires.com\/?p=59515","url_meta":{"origin":83617,"position":3},"title":"Massa reuni\u00f3 a sus &#8216;sub 45&#8217; en Pinamar y lanza en febrero la candidatura","author":"Grupo Sierra","date":"03\/01\/2015","format":false,"excerpt":"El jefe del Frente Renovador, Sergio Massa, reuni\u00f3 en la localidad de Pinamar a sus dirigentes m\u00e1s j\u00f3venes, a quienes pidi\u00f3 que \"no se dejen correr\" por quienes critican la diversidad en las filas de su espacio, en tanto esboz\u00f3 que \"el primer fin de semana de febrero\" ser\u00e1 el\u2026","rel":"","context":"En \u00abElecciones 2015\u00bb","block_context":{"text":"Elecciones 2015","link":"https:\/\/www.24baires.com\/?cat=74"},"img":{"alt_text":"massa mate","src":"https:\/\/i0.wp.com\/www.24baires.com\/wp-content\/uploads\/2015\/01\/massa-mate.jpg?resize=350%2C200","width":350,"height":200,"srcset":"https:\/\/i0.wp.com\/www.24baires.com\/wp-content\/uploads\/2015\/01\/massa-mate.jpg?resize=350%2C200 1x, https:\/\/i0.wp.com\/www.24baires.com\/wp-content\/uploads\/2015\/01\/massa-mate.jpg?resize=525%2C300 1.5x"},"classes":[]},{"id":82983,"url":"https:\/\/www.24baires.com\/?p=82983","url_meta":{"origin":83617,"position":4},"title":"Teatros organizan un \u00abapag\u00f3n cultural\u00bb contra los tarifazos","author":"GB","date":"20\/05\/2016","format":false,"excerpt":"Cerca de 800 teatros, centros culturales y clubes de m\u00fasica interrumpir\u00e1n por un minuto sus actividades en rechazo de los aumentos de hasta 700 por ciento en los servicios. Cerca de 800 teatros independientes, centros culturales , clubes de m\u00fasica, pe\u00f1as y milongas se sumar\u00e1n este s\u00e1bado al \"apag\u00f3n cultura\"\u2026","rel":"","context":"En \u00abSociedad\u00bb","block_context":{"text":"Sociedad","link":"https:\/\/www.24baires.com\/?cat=1"},"img":{"alt_text":"teatro","src":"https:\/\/i0.wp.com\/www.24baires.com\/wp-content\/uploads\/2014\/03\/teatro.jpg?resize=350%2C200","width":350,"height":200},"classes":[]},{"id":108667,"url":"https:\/\/www.24baires.com\/?p=108667","url_meta":{"origin":83617,"position":5},"title":"Proponen que los servicios de agua, luz y gas sean derechos b\u00e1sicos","author":"AF","date":"10\/06\/2019","format":false,"excerpt":"La Red de Multisectoriales, integrada por pymes, clubes de barrio y organizaciones sociales, denunci\u00f3 que el \"el precio de las tarifas es un dibujo\". Las audiencias realizadas en distintas regiones del pa\u00eds hacen visibles las consecuencias de los aumentos. Las Audiencias P\u00fablicas contra los Tarifazos son una propuesta de encuentro\u2026","rel":"","context":"En \u00abSociedad\u00bb","block_context":{"text":"Sociedad","link":"https:\/\/www.24baires.com\/?cat=1"},"img":{"alt_text":"","src":"https:\/\/i0.wp.com\/www.24baires.com\/wp-content\/uploads\/2016\/04\/luz-agua-gas.jpg?resize=350%2C200","width":350,"height":200,"srcset":"https:\/\/i0.wp.com\/www.24baires.com\/wp-content\/uploads\/2016\/04\/luz-agua-gas.jpg?resize=350%2C200 1x, https:\/\/i0.wp.com\/www.24baires.com\/wp-content\/uploads\/2016\/04\/luz-agua-gas.jpg?resize=525%2C300 1.5x"},"classes":[]}],"jetpack_sharing_enabled":true,"jetpack_likes_enabled":true,"_links":{"self":[{"href":"https:\/\/www.24baires.com\/index.php?rest_route=\/wp\/v2\/posts\/83617","targetHints":{"allow":["GET"]}}],"collection":[{"href":"https:\/\/www.24baires.com\/index.php?rest_route=\/wp\/v2\/posts"}],"about":[{"href":"https:\/\/www.24baires.com\/index.php?rest_route=\/wp\/v2\/types\/post"}],"author":[{"embeddable":true,"href":"https:\/\/www.24baires.com\/index.php?rest_route=\/wp\/v2\/users\/8"}],"replies":[{"embeddable":true,"href":"https:\/\/www.24baires.com\/index.php?rest_route=%2Fwp%2Fv2%2Fcomments&post=83617"}],"version-history":[{"count":1,"href":"https:\/\/www.24baires.com\/index.php?rest_route=\/wp\/v2\/posts\/83617\/revisions"}],"predecessor-version":[{"id":83619,"href":"https:\/\/www.24baires.com\/index.php?rest_route=\/wp\/v2\/posts\/83617\/revisions\/83619"}],"wp:attachment":[{"href":"https:\/\/www.24baires.com\/index.php?rest_route=%2Fwp%2Fv2%2Fmedia&parent=83617"}],"wp:term":[{"taxonomy":"category","embeddable":true,"href":"https:\/\/www.24baires.com\/index.php?rest_route=%2Fwp%2Fv2%2Fcategories&post=83617"},{"taxonomy":"post_tag","embeddable":true,"href":"https:\/\/www.24baires.com\/index.php?rest_route=%2Fwp%2Fv2%2Ftags&post=83617"}],"curies":[{"name":"wp","href":"https:\/\/api.w.org\/{rel}","templated":true}]}}