{"id":8349,"date":"2012-12-08T15:00:21","date_gmt":"2012-12-08T18:00:21","guid":{"rendered":"http:\/\/www.24baires.com\/?p=8349"},"modified":"2012-12-08T11:12:43","modified_gmt":"2012-12-08T14:12:43","slug":"en-temperley-vecinos-piden-que-reabran-un-destacamento","status":"publish","type":"post","link":"https:\/\/www.24baires.com\/?p=8349","title":{"rendered":"En Temperley vecinos piden que reabran un destacamento"},"content":{"rendered":"<p><img data-recalc-dims=\"1\" loading=\"lazy\" decoding=\"async\" class=\"alignleft size-medium wp-image-8350\" title=\"temperley destacamento\" src=\"https:\/\/i0.wp.com\/www.24baires.com\/wp-content\/uploads\/2012\/12\/temperley-destacamento.jpg?resize=300%2C180\" alt=\"\" width=\"300\" height=\"180\" srcset=\"https:\/\/i0.wp.com\/www.24baires.com\/wp-content\/uploads\/2012\/12\/temperley-destacamento.jpg?resize=300%2C180&amp;ssl=1 300w, https:\/\/i0.wp.com\/www.24baires.com\/wp-content\/uploads\/2012\/12\/temperley-destacamento.jpg?w=500&amp;ssl=1 500w\" sizes=\"auto, (max-width: 300px) 100vw, 300px\" \/>Era una dependencia que hab\u00eda sido abierta en el cruce de las calles Soler y Fern\u00e1ndez, luego de que se juntaran m\u00e1s de 600 firmas en el marco de un pedido de mayor seguridad, y que fue cerrada hace d\u00edas. Los vecinos pidieron su re-apertura y se quejaron porque consideran que han sido \u00abolvidados\u00bb.<!--more--><\/p>\n<p>&nbsp;<\/p>\n<p>&nbsp;<\/p>\n<p>Vecinos de Temperley Oeste denuncian que el destacamento policial ubicado en el cruce de la calle Soler con la avenida Fern\u00e1ndez contin\u00faa cerrado y piden que vuelva a funcionar por que seg\u00fan sostienen, volvi\u00f3 la inseguridad al barrio. Consideran, entonces, que Temperley es en Lomas de Zamora \u201cel \u00faltimo orej\u00f3n del tarro\u201d y exigen una respuesta por parte de la Comuna.<\/p>\n<p>Seg\u00fan explicaron en di\u00e1logo con Info Regi\u00f3n, \u201cel destacamento policial hab\u00eda sido abierto en 2009, luego de que la gente del lugar juntara alrededor de 600 firmas para exigir que la Comuna instalase una dependencia policial en la zona para combatir los hechos de inseguridad que se produc\u00edan\u201d.<\/p>\n<p>La iniciativa de los vecinos, impulsada por el Foro de Seguridad de Temperley, logr\u00f3 que se colocara en Soler y Fern\u00e1ndez un tr\u00e1iler con personal policial que vigilaba el barrio. Pasados unos meses, las autoridades decidieron \u201cconstruir un edificio de dos plantas para que funcione el nuevo destacamento, que contaba con un patrullero de la polic\u00eda bonaerense y uno del Centro de Protecci\u00f3n Urbana del distrito\u201d, aseguraron desde la agrupaci\u00f3n vecinal<\/p>\n<p>Sin embargo, luego de m\u00e1s dos a\u00f1os de presencia en la Plaza Algodonera de Temperley, \u201cla dependencia fue cerrada y los agentes que trabajaban en la misma dejaron de vigilar la zona. \u201cA partir de que cerr\u00f3 el destacamento en la plaza empezaron a proliferar vendedores de droga\u201d, se\u00f1al\u00f3 Eduardo Fuentes, presidente del Foro.<\/p>\n<p>Fuentes consider\u00f3 que \u201cayudar\u00eda much\u00edsimo\u201d la reapertura del lugar y el patrullaje de los agentes. \u201cEs una necesidad; en la zona hay muchos comercios, escuelas, un jard\u00edn, que no se pueden cuidar con un solo m\u00f3vil de la polic\u00eda\u201d, remarc\u00f3. Y se quejo de \u201cla distancia que tiene la comisar\u00eda local con respecto a esta zona\u201d, hecho que el destacamento compensaba.<\/p>\n<p>Un vecino del lugar que colabora con el Foro, Jos\u00e9 Roque, sostuvo, en di\u00e1logo con este medio, que \u201csi no hay nadie ah\u00ed, hacen lo que quieren, porque la zona es una boca de lobo\u201d. \u201cAl d\u00eda siguiente que cerr\u00f3 el destacamento, asaltaron una carnicer\u00eda sobre la calle Garibaldi. Los vecinos estamos muy molestos con este tema, es como si Temperley fuera el \u00faltimo orej\u00f3n del tarro\u201d, se quej\u00f3.<\/p>\n<p>En el predio en donde funcionaba la dependencia estaba proyectada la construcci\u00f3n del nuevo edificio de la escuela especial 503, obra que se inici\u00f3 en 2006 y que est\u00e1 paralizada, mientras los alumnos asisten a clases en un espacio de dimensiones reducidas. Esto, seg\u00fan los vecinos, tambi\u00e9n perjudica la seguridad de la zona, porque es un predio inhabitado por donde los delincuentes \u201cpasan hacia los fondos de las casas linderas\u201d.<\/p>\n<p>&nbsp;<\/p>\n<p>&nbsp;<\/p>\n<p>&nbsp;<\/p>\n<p>&nbsp;<\/p>\n<p>&nbsp;<\/p>\n<p>&nbsp;<\/p>\n<p>&nbsp;<\/p>\n<p>&nbsp;<\/p>\n<p>&nbsp;<\/p>\n<p>&nbsp;<\/p>\n","protected":false},"excerpt":{"rendered":"<p>Era una dependencia que hab\u00eda sido abierta en el cruce de las calles Soler y Fern\u00e1ndez, luego de que se juntaran m\u00e1s de 600 firmas en el marco de un pedido de mayor seguridad, y que fue cerrada hace d\u00edas. Los vecinos pidieron su re-apertura y se quejaron porque consideran que han sido \u00abolvidados\u00bb.<\/p>\n","protected":false},"author":11,"featured_media":0,"comment_status":"open","ping_status":"open","sticky":false,"template":"","format":"standard","meta":{"_jetpack_newsletter_access":"","_jetpack_dont_email_post_to_subs":false,"_jetpack_newsletter_tier_id":0,"_jetpack_memberships_contains_paywalled_content":false,"_jetpack_memberships_contains_paid_content":false,"footnotes":""},"categories":[1],"tags":[],"class_list":["post-8349","post","type-post","status-publish","format-standard","hentry","category-sociedad"],"jetpack_featured_media_url":"","jetpack_shortlink":"https:\/\/wp.me\/p2JWE0-2aF","jetpack-related-posts":[{"id":106972,"url":"https:\/\/www.24baires.com\/?p=106972","url_meta":{"origin":8349,"position":0},"title":"Protesta por corte de luz gener\u00f3 una pueblada y el incendio de un destacamento policial","author":"GB","date":"25\/02\/2019","format":false,"excerpt":"ENSENADA-Por los incidentes hubo seis detenidos y dos polic\u00edas heridos. El conflicto se expandi\u00f3 por seis manzanas. Barricadas de fuego, corridas y disparos antitumultos, iluminaron una noche t\u00e9trica. La seccional de 10 y Almirante Brown result\u00f3 con da\u00f1os totales. Antes, robaron escritorios, sillas y otros objetos de valor Vecinos desesperados\u2026","rel":"","context":"En \u00abMunicipios\u00bb","block_context":{"text":"Municipios","link":"https:\/\/www.24baires.com\/?cat=44"},"img":{"alt_text":"","src":"https:\/\/i0.wp.com\/www.24baires.com\/wp-content\/uploads\/2019\/02\/pueblada-ensenada.jpg?resize=350%2C200","width":350,"height":200,"srcset":"https:\/\/i0.wp.com\/www.24baires.com\/wp-content\/uploads\/2019\/02\/pueblada-ensenada.jpg?resize=350%2C200 1x, https:\/\/i0.wp.com\/www.24baires.com\/wp-content\/uploads\/2019\/02\/pueblada-ensenada.jpg?resize=525%2C300 1.5x"},"classes":[]},{"id":26845,"url":"https:\/\/www.24baires.com\/?p=26845","url_meta":{"origin":8349,"position":1},"title":"Temperley: desbaratan a &#8216;La banda de las muletas&#8217;","author":"AF","date":"25\/06\/2013","format":false,"excerpt":"LOMAS DE ZAMORA - Desde hac\u00eda dos meses que asaltaban a los vecinos, haci\u00e9ndose pasar por discapacitados motrices. \u201cYa hab\u00eda antecedentes y bastantes denuncias\u201d, explic\u00f3 el presidente del Foro de Seguridad de Temperley, Eduardo Fuentes. Seg\u00fan explic\u00f3, el modus operandi era sorprender a transe\u00fantes desprevenidos y a punta de pistola,\u2026","rel":"","context":"En \u00abPoliciales\u00bb","block_context":{"text":"Policiales","link":"https:\/\/www.24baires.com\/?cat=49"},"img":{"alt_text":"patrullero 2","src":"https:\/\/i0.wp.com\/www.24baires.com\/wp-content\/uploads\/2013\/04\/patrullero-2-300x187.jpg?resize=350%2C200","width":350,"height":200},"classes":[]},{"id":14494,"url":"https:\/\/www.24baires.com\/?p=14494","url_meta":{"origin":8349,"position":2},"title":"La unidad de los vecinos logr\u00f3 evitar que se instalen antenas de telefon\u00eda en Temperley","author":"Grupo Sierra","date":"03\/02\/2013","format":false,"excerpt":"Vecinos realizaron una asamblea en la plaza Col\u00f3n para rechazar la instalaci\u00f3n de antenas de telefon\u00eda celular en los espacios p\u00fablicos. Su reclamo fue escuchado y lograron que se d\u00e9 marcha atr\u00e1s con la instalaci\u00f3n de una torre en el parque. \u201cPor ahora quedaron sin efecto (las instalaciones)\u201d, indicaron desde\u2026","rel":"","context":"En \u00abLocales\u00bb","block_context":{"text":"Locales","link":"https:\/\/www.24baires.com\/?cat=38"},"img":{"alt_text":"temperley telefonia","src":"https:\/\/i0.wp.com\/www.24baires.com\/wp-content\/uploads\/2013\/02\/temperley-telefonia-300x190.jpg?resize=350%2C200","width":350,"height":200},"classes":[]},{"id":16553,"url":"https:\/\/www.24baires.com\/?p=16553","url_meta":{"origin":8349,"position":3},"title":"Un destacamento policial de Escobar pas\u00f3 cinco a\u00f1os sin jefe","author":"AF","date":"23\/02\/2013","format":false,"excerpt":"Es destacamento policial de Loma Verde, partido de Escobar, pas\u00f3 los \u00faltimos cinco a\u00f1os sin un jefe. La falta de \u201ccabeza\u201d, no impidi\u00f3 que los oficiales all\u00ed designados siguieran cumpliendo sus funciones pero toda decisi\u00f3n reca\u00eda en oficiales de menor rango o deb\u00edan responder a otras jurisdicciones. La llegada del\u2026","rel":"","context":"En \u00abLocales\u00bb","block_context":{"text":"Locales","link":"https:\/\/www.24baires.com\/?cat=38"},"img":{"alt_text":"empujar patrullero","src":"https:\/\/i0.wp.com\/www.24baires.com\/wp-content\/uploads\/2013\/02\/empujar-patrullero-300x175.jpg?resize=350%2C200","width":350,"height":200},"classes":[]},{"id":22639,"url":"https:\/\/www.24baires.com\/?p=22639","url_meta":{"origin":8349,"position":4},"title":"Temperley: mataron a delincuente que asalt\u00f3 a la esposa de diputado del FAP","author":"AF","date":"04\/05\/2013","format":false,"excerpt":"La polic\u00eda abati\u00f3 este viernes en la localidad de Temperley a un delincuente que junto a un c\u00f3mplice, asalt\u00f3 a la mujer del diputado provincial Marcelo D\u00edaz (FAP). El enfrentamiento se produjo esta ma\u00f1ana cuando efectivos policiales persiguieron a dos malvivientes que minutos antes asaltaron a esposa de D\u00edaz, frente\u2026","rel":"","context":"En \u00abPoliciales\u00bb","block_context":{"text":"Policiales","link":"https:\/\/www.24baires.com\/?cat=49"},"img":{"alt_text":"","src":"","width":0,"height":0},"classes":[]},{"id":40341,"url":"https:\/\/www.24baires.com\/?p=40341","url_meta":{"origin":8349,"position":5},"title":"Ins\u00f3lito: cerraron un destacamento policial por ser \u00abinseguro\u00bb en Berisso","author":"GB","date":"12\/02\/2014","format":false,"excerpt":"BERISSO-Un fiscal de La Plata dispuso cerrar la dependencia policial de Villa Progreso. La misma fue usurpada por los vecinos que adem\u00e1s se enfrentaron cuerpo a cuerpo con los polic\u00edas. Cuatro efectivos resultaron heridos a cuchillazos, piedrazos y golpes. Entre otras irregularidades, el fiscal detect\u00f3 que el destacamento comparte patio\u2026","rel":"","context":"En \u00abPoliciales\u00bb","block_context":{"text":"Policiales","link":"https:\/\/www.24baires.com\/?cat=49"},"img":{"alt_text":"","src":"","width":0,"height":0},"classes":[]}],"jetpack_sharing_enabled":true,"jetpack_likes_enabled":true,"_links":{"self":[{"href":"https:\/\/www.24baires.com\/index.php?rest_route=\/wp\/v2\/posts\/8349","targetHints":{"allow":["GET"]}}],"collection":[{"href":"https:\/\/www.24baires.com\/index.php?rest_route=\/wp\/v2\/posts"}],"about":[{"href":"https:\/\/www.24baires.com\/index.php?rest_route=\/wp\/v2\/types\/post"}],"author":[{"embeddable":true,"href":"https:\/\/www.24baires.com\/index.php?rest_route=\/wp\/v2\/users\/11"}],"replies":[{"embeddable":true,"href":"https:\/\/www.24baires.com\/index.php?rest_route=%2Fwp%2Fv2%2Fcomments&post=8349"}],"version-history":[{"count":4,"href":"https:\/\/www.24baires.com\/index.php?rest_route=\/wp\/v2\/posts\/8349\/revisions"}],"predecessor-version":[{"id":8354,"href":"https:\/\/www.24baires.com\/index.php?rest_route=\/wp\/v2\/posts\/8349\/revisions\/8354"}],"wp:attachment":[{"href":"https:\/\/www.24baires.com\/index.php?rest_route=%2Fwp%2Fv2%2Fmedia&parent=8349"}],"wp:term":[{"taxonomy":"category","embeddable":true,"href":"https:\/\/www.24baires.com\/index.php?rest_route=%2Fwp%2Fv2%2Fcategories&post=8349"},{"taxonomy":"post_tag","embeddable":true,"href":"https:\/\/www.24baires.com\/index.php?rest_route=%2Fwp%2Fv2%2Ftags&post=8349"}],"curies":[{"name":"wp","href":"https:\/\/api.w.org\/{rel}","templated":true}]}}