{"id":8336,"date":"2012-12-08T10:14:45","date_gmt":"2012-12-08T13:14:45","guid":{"rendered":"http:\/\/www.24baires.com\/?p=8336"},"modified":"2012-12-08T10:14:45","modified_gmt":"2012-12-08T13:14:45","slug":"scioli-se-reunio-con-intendentes-por-los-residuos-urbanos","status":"publish","type":"post","link":"https:\/\/www.24baires.com\/?p=8336","title":{"rendered":"Scioli se reuni\u00f3 con intendentes por los Residuos Urbanos"},"content":{"rendered":"<p><img data-recalc-dims=\"1\" loading=\"lazy\" decoding=\"async\" class=\"alignleft size-full wp-image-8337\" title=\"basura\" src=\"https:\/\/i0.wp.com\/www.24baires.com\/wp-content\/uploads\/2012\/12\/basura.jpg?resize=214%2C138\" alt=\"\" width=\"214\" height=\"138\" \/>Los intendentes bonaerenses de los municipios de Merlo, Tres de Febrero, Florencio Varela, Ituzaing\u00f3 y Almirante Brown, se reunieron con el gobernador Daniel Scioli y analizaron el tema de los residuos urbanos.<!--more--><\/p>\n<p>El gobernador Daniel Scioli, mantuvo una reuni\u00f3n de trabajo con un grupo de cinco intendentes de la provincia de Buenos Aires, y analizaron diferentes acciones referidas al problema de los residuos urbanos.<br \/>\nDe encuentro participaron los jefes comunales Ra\u00fal Othaceh\u00e9 de Merlo, Hugo Curto de Tres de Febrero, Julio Pereyra de Florencio Varela), Alberto Descalzo de Ituzaing\u00f3 y Dar\u00edo Giustozzi de Almirante Brown y tambi\u00e9n particip\u00f3 tambi\u00e9n el titular del Organismo Provincial de Desarrollo Sostenible (OPDS), Hugo Bilbao.<\/p>\n","protected":false},"excerpt":{"rendered":"<p>Los intendentes bonaerenses de los municipios de Merlo, Tres de Febrero, Florencio Varela, Ituzaing\u00f3 y Almirante Brown, se reunieron con el gobernador Daniel Scioli y analizaron el tema de los residuos urbanos.<\/p>\n","protected":false},"author":4,"featured_media":0,"comment_status":"open","ping_status":"open","sticky":false,"template":"","format":"standard","meta":{"_jetpack_newsletter_access":"","_jetpack_dont_email_post_to_subs":false,"_jetpack_newsletter_tier_id":0,"_jetpack_memberships_contains_paywalled_content":false,"_jetpack_memberships_contains_paid_content":false,"footnotes":""},"categories":[1],"tags":[],"class_list":["post-8336","post","type-post","status-publish","format-standard","hentry","category-sociedad"],"jetpack_featured_media_url":"","jetpack_shortlink":"https:\/\/wp.me\/p2JWE0-2as","jetpack-related-posts":[{"id":102994,"url":"https:\/\/www.24baires.com\/?p=102994","url_meta":{"origin":8336,"position":0},"title":"Insaurralde lanz\u00f3 su carrera por la Gobernaci\u00f3n bonaerense","author":"GB","date":"26\/06\/2018","format":false,"excerpt":"El intendente de Lomas de Zamora, Mart\u00edn Insaurralde, se anot\u00f3 hoy oficialmente en la carrera por la Gobernaci\u00f3n bonaerense, al difundir el apoyo de una docena de intendentes para que empiece a \"caminar la provincia\". El intendente, uno de los principales referentes del peronismo \"dialoguista\" en la provincia, reuni\u00f3 hoy\u2026","rel":"","context":"En \u00abProvincia\u00bb","block_context":{"text":"Provincia","link":"https:\/\/www.24baires.com\/?cat=40"},"img":{"alt_text":"","src":"https:\/\/i0.wp.com\/www.24baires.com\/wp-content\/uploads\/2018\/06\/insaurralde-300x200.jpg?resize=350%2C200","width":350,"height":200},"classes":[]},{"id":50727,"url":"https:\/\/www.24baires.com\/?p=50727","url_meta":{"origin":8336,"position":1},"title":"Tres de Febrero, Ituzaing\u00f3 y Florencio Varela se suman a la Polic\u00eda Local","author":"AF","date":"29\/07\/2014","format":false,"excerpt":"El gobernador Daniel Scioli firmar\u00e1 este martes convenios de adhesi\u00f3n a la Polic\u00eda de Prevenci\u00f3n Local con los municipios de Tres de Febrero, Ituzaing\u00f3 y Florencio Varela. Las actividades comenzar\u00e1n en Tres de Febrero, con la r\u00fabrica junto al intendente local, Hugo Curto, en la Sociedad de Fomento de Remedios\u2026","rel":"","context":"En \u00abMunicipios\u00bb","block_context":{"text":"Municipios","link":"https:\/\/www.24baires.com\/?cat=44"},"img":{"alt_text":"polic\u00eda municipal","src":"https:\/\/i0.wp.com\/www.24baires.com\/wp-content\/uploads\/2014\/07\/polic%C3%ADa-municipal.jpg?resize=350%2C200","width":350,"height":200,"srcset":"https:\/\/i0.wp.com\/www.24baires.com\/wp-content\/uploads\/2014\/07\/polic%C3%ADa-municipal.jpg?resize=350%2C200 1x, https:\/\/i0.wp.com\/www.24baires.com\/wp-content\/uploads\/2014\/07\/polic%C3%ADa-municipal.jpg?resize=525%2C300 1.5x"},"classes":[]},{"id":101122,"url":"https:\/\/www.24baires.com\/?p=101122","url_meta":{"origin":8336,"position":2},"title":"Indagar\u00e1n a Scioli por irregularidades en la construcci\u00f3n de las UPA 24","author":"AF","date":"17\/03\/2018","format":false,"excerpt":"El ex gobernador Daniel Scioli y quien fuera su ministro de Salud, Alejandro Collia, fueron imputados y citados a prestar declaraci\u00f3n indagatoria en el marco de una causa que investiga presuntas irregularidades en la adjudicaci\u00f3n de ocho Unidades de Pronta Atenci\u00f3n (UPA 24) para las que se destinaron m\u00e1s de\u2026","rel":"","context":"En \u00abJUDICIALES\u00bb","block_context":{"text":"JUDICIALES","link":"https:\/\/www.24baires.com\/?cat=68"},"img":{"alt_text":"","src":"https:\/\/i0.wp.com\/www.24baires.com\/wp-content\/uploads\/2014\/05\/Daniel-Scioli.jpg?resize=350%2C200","width":350,"height":200,"srcset":"https:\/\/i0.wp.com\/www.24baires.com\/wp-content\/uploads\/2014\/05\/Daniel-Scioli.jpg?resize=350%2C200 1x, https:\/\/i0.wp.com\/www.24baires.com\/wp-content\/uploads\/2014\/05\/Daniel-Scioli.jpg?resize=525%2C300 1.5x"},"classes":[]},{"id":71501,"url":"https:\/\/www.24baires.com\/?p=71501","url_meta":{"origin":8336,"position":3},"title":"Intendentes advierten sobre la gobernabilidad si gana Macri","author":"GB","date":"01\/09\/2015","format":false,"excerpt":"Intendentes peronistas bonaerenses reafirmaron su apoyo a la candidatura presidencial oficialista y adem\u00e1s advirtieron sobre la gobernabilidad de los municipios y el futuro econ\u00f3mico y social en el Conurbano, en el eventual caso de que el l\u00edder del PRO Mauricio Macri fuera el pr\u00f3ximo presidente argentino. Tras el encuentro realizado\u2026","rel":"","context":"En \u00abPol\u00edtica\u00bb","block_context":{"text":"Pol\u00edtica","link":"https:\/\/www.24baires.com\/?cat=51"},"img":{"alt_text":"","src":"","width":0,"height":0},"classes":[]},{"id":115504,"url":"https:\/\/www.24baires.com\/?p=115504","url_meta":{"origin":8336,"position":4},"title":"Kicillof se reuni\u00f3 con intendentes del AMBA y apelan a la \u201cconciencia ciudadana\u201d","author":"AF","date":"30\/06\/2020","format":false,"excerpt":"El mandatario provinciales y los jefes comunales est\u00e1n preocupados por el nivel de acatamiento que pueda tener la cuarentena y piensan c\u00f3mo reforzar controles. El gobernador de la provincia de Buenos Aires, Axel Kicillof, mantuvo este martes un encuentro, mediante videoconferencia, con los jefes comunales del \u00c1rea Metropolitana de Buenos\u2026","rel":"","context":"En \u00abSociedad\u00bb","block_context":{"text":"Sociedad","link":"https:\/\/www.24baires.com\/?cat=1"},"img":{"alt_text":"","src":"https:\/\/i0.wp.com\/www.24baires.com\/wp-content\/uploads\/2020\/05\/kicilof.jpg?resize=350%2C200","width":350,"height":200,"srcset":"https:\/\/i0.wp.com\/www.24baires.com\/wp-content\/uploads\/2020\/05\/kicilof.jpg?resize=350%2C200 1x, https:\/\/i0.wp.com\/www.24baires.com\/wp-content\/uploads\/2020\/05\/kicilof.jpg?resize=525%2C300 1.5x"},"classes":[]},{"id":115240,"url":"https:\/\/www.24baires.com\/?p=115240","url_meta":{"origin":8336,"position":5},"title":"Kicillof recibi\u00f3 a los intendentes de municipios complicado por el coronavirus","author":"AF","date":"04\/06\/2020","format":false,"excerpt":"Se trata de los jefes comunales de la tercera secci\u00f3n electoral, donde se concentra la mayor cantidad de casos del AMBA. El gobernador, Axel Kicillof, recibi\u00f3 a los intendentes de los distritos donde se concentra la mayor cantidad de casos del AMBA. Se trata de los jefes comunales de la\u2026","rel":"","context":"En \u00abProvincia\u00bb","block_context":{"text":"Provincia","link":"https:\/\/www.24baires.com\/?cat=40"},"img":{"alt_text":"","src":"https:\/\/i0.wp.com\/www.24baires.com\/wp-content\/uploads\/2020\/05\/kicilof.jpg?resize=350%2C200","width":350,"height":200,"srcset":"https:\/\/i0.wp.com\/www.24baires.com\/wp-content\/uploads\/2020\/05\/kicilof.jpg?resize=350%2C200 1x, https:\/\/i0.wp.com\/www.24baires.com\/wp-content\/uploads\/2020\/05\/kicilof.jpg?resize=525%2C300 1.5x"},"classes":[]}],"jetpack_sharing_enabled":true,"jetpack_likes_enabled":true,"_links":{"self":[{"href":"https:\/\/www.24baires.com\/index.php?rest_route=\/wp\/v2\/posts\/8336","targetHints":{"allow":["GET"]}}],"collection":[{"href":"https:\/\/www.24baires.com\/index.php?rest_route=\/wp\/v2\/posts"}],"about":[{"href":"https:\/\/www.24baires.com\/index.php?rest_route=\/wp\/v2\/types\/post"}],"author":[{"embeddable":true,"href":"https:\/\/www.24baires.com\/index.php?rest_route=\/wp\/v2\/users\/4"}],"replies":[{"embeddable":true,"href":"https:\/\/www.24baires.com\/index.php?rest_route=%2Fwp%2Fv2%2Fcomments&post=8336"}],"version-history":[{"count":1,"href":"https:\/\/www.24baires.com\/index.php?rest_route=\/wp\/v2\/posts\/8336\/revisions"}],"predecessor-version":[{"id":8338,"href":"https:\/\/www.24baires.com\/index.php?rest_route=\/wp\/v2\/posts\/8336\/revisions\/8338"}],"wp:attachment":[{"href":"https:\/\/www.24baires.com\/index.php?rest_route=%2Fwp%2Fv2%2Fmedia&parent=8336"}],"wp:term":[{"taxonomy":"category","embeddable":true,"href":"https:\/\/www.24baires.com\/index.php?rest_route=%2Fwp%2Fv2%2Fcategories&post=8336"},{"taxonomy":"post_tag","embeddable":true,"href":"https:\/\/www.24baires.com\/index.php?rest_route=%2Fwp%2Fv2%2Ftags&post=8336"}],"curies":[{"name":"wp","href":"https:\/\/api.w.org\/{rel}","templated":true}]}}