{"id":8315,"date":"2012-12-07T21:05:56","date_gmt":"2012-12-08T00:05:56","guid":{"rendered":"http:\/\/www.24baires.com\/?p=8315"},"modified":"2012-12-07T21:05:56","modified_gmt":"2012-12-08T00:05:56","slug":"proponen-la-creacion-de-una-tarifa-social-para-emisoras-de-radio-y-tv-comunitarias","status":"publish","type":"post","link":"https:\/\/www.24baires.com\/?p=8315","title":{"rendered":"Proponen la creaci\u00f3n de una \u00abtarifa social\u00bb para emisoras de radio y TV comunitarias"},"content":{"rendered":"<p>Desde el Senado bonaerense, impulsan una iniciativa legislativa que promueve la creaci\u00f3n de una tarifa social de luz y gas para las radios y canales de televisi\u00f3n comunitarias, en territorio provincial, con el fin de \u201cfortalecer la pluralidad de voces y la diversidad de identidades\u201d.<!--more--><\/p>\n<p>La iniciativa que fue presentada por el senador provincial <strong>Emilio L\u00f3pez Muntaner (FpV &#8211; PJ)<\/strong>, establece una reducci\u00f3n del 60% en el pago de las tarifas de energ\u00eda el\u00e9ctrica y gas natural a todas las licencias de Frecuencia Modulada y televisi\u00f3n por cable que tengan el car\u00e1cter de \u201cemisoras comunitarias, cooperativas, culturales o de baja frecuencia\u201d.<\/p>\n<p>\u201cEste proyecto busca fortalecer a los medios comunitarios de la Provincia en clara sinton\u00eda con lo propuesto por la Ley de Servicios Audiovisuales\u201d, destac\u00f3 el senador L\u00f3pez Muntaner.<\/p>\n<p>Consider\u00f3 que \u201cestos medios cumplen un rol significativo en la comunidad a la que pertenecen y su funci\u00f3n no es \u00fanicamente comunicacional, sino que tambi\u00e9n act\u00faan como sujetos educativos y de difusi\u00f3n cultural\u201d.<\/p>\n<p>\u201cEstas emisoras, entre las que podemos citar diferentes denominaciones: comunitarias, cooperativas, culturales, han sobrevivido sobre la base del esfuerzo de sus integrantes, pero sin amparo y con la multiplicidad de inconvenientes que acarrea estar bajo estas denominaciones\u201d, agreg\u00f3 el legislador de la Ciudad Capital.<\/p>\n<p>L\u00f3pez Muntaner consider\u00f3 \u201cla creaci\u00f3n de esta tarifa es fundamental a la hora de potenciar las cualidades de las radios comunitarias, diferenciando cualitativamente el servicio social prestado, por el cual en la mayor\u00eda de los casos no perciben r\u00e9dito econ\u00f3mico alguno\u201d.<\/p>\n<p>De aprobarse el proyecto, que ser\u00eda tratado sobre tablas en la \u00faltima sesi\u00f3n del a\u00f1o, acceder\u00edan al beneficio aquellas emisoras de radio de baja potencia comprendidas en las categor\u00edas E-F y G que cuenten con inscripci\u00f3n; y emisoras de Televisi\u00f3n de baja potencia comprendidas en la Resoluci\u00f3n Afsca 3\/2009 y Resoluci\u00f3n Afsca 325\/2010<\/p>\n","protected":false},"excerpt":{"rendered":"<p>Desde el Senado bonaerense, impulsan una iniciativa legislativa que promueve la creaci\u00f3n de una tarifa social de luz y gas para las radios y canales de televisi\u00f3n comunitarias, en territorio provincial, con el fin de \u201cfortalecer la pluralidad de voces y la diversidad de identidades\u201d.<\/p>\n","protected":false},"author":11,"featured_media":0,"comment_status":"open","ping_status":"open","sticky":false,"template":"","format":"standard","meta":{"_jetpack_newsletter_access":"","_jetpack_dont_email_post_to_subs":false,"_jetpack_newsletter_tier_id":0,"_jetpack_memberships_contains_paywalled_content":false,"_jetpack_memberships_contains_paid_content":false,"footnotes":""},"categories":[54],"tags":[],"class_list":["post-8315","post","type-post","status-publish","format-standard","hentry","category-medios"],"jetpack_featured_media_url":"","jetpack_shortlink":"https:\/\/wp.me\/p2JWE0-2a7","jetpack-related-posts":[{"id":35999,"url":"https:\/\/www.24baires.com\/?p=35999","url_meta":{"origin":8315,"position":0},"title":"El Senado bonaerense aprob\u00f3 la Tarifa Social para medios Pymes y comunitarios","author":"Grupo Sierra","date":"30\/11\/2013","format":false,"excerpt":"La Tarifa Social Para Medios Pymes y Comunitarios fue aprobada por el Senado Bonaerense en la sesi\u00f3n del 28 de Noviembre, impulsada por ARBIA y el Senador L\u00f3pez Muntaner (FPV), el proyecto de Ley beneficiar\u00e1 a las radios y canales de TV de baja potencia de todo el territorio provincial.\u2026","rel":"","context":"En \u00abMedios\u00bb","block_context":{"text":"Medios","link":"https:\/\/www.24baires.com\/?cat=54"},"img":{"alt_text":"lopez muntaner","src":"https:\/\/i0.wp.com\/www.24baires.com\/wp-content\/uploads\/2013\/11\/lopez-muntaner-300x199.jpg?resize=350%2C200","width":350,"height":200},"classes":[]},{"id":32653,"url":"https:\/\/www.24baires.com\/?p=32653","url_meta":{"origin":8315,"position":1},"title":"El proyecto de Ley de Tarifa Social para Medios PyMes y Comunitarios se present\u00f3 en Azul","author":"Grupo Sierra","date":"29\/09\/2013","format":false,"excerpt":"Organizado por ARBIA y el Gobierno Municipal de Azul, se realiz\u00f3 en el estudio mayor de Radio Azul, en la ciudad del mismo nombre, la presentaci\u00f3n del proyecto de ley denominado \u201ctarifa social de luz y gas para las radios y canales de televisi\u00f3n comunitarias\u201d. El encuentro fue presidido por\u2026","rel":"","context":"En \u00abMedios\u00bb","block_context":{"text":"Medios","link":"https:\/\/www.24baires.com\/?cat=54"},"img":{"alt_text":"arbia azul tarifa","src":"https:\/\/i0.wp.com\/www.24baires.com\/wp-content\/uploads\/2013\/09\/arbia-azul-tarifa.jpg?resize=350%2C200","width":350,"height":200,"srcset":"https:\/\/i0.wp.com\/www.24baires.com\/wp-content\/uploads\/2013\/09\/arbia-azul-tarifa.jpg?resize=350%2C200 1x, https:\/\/i0.wp.com\/www.24baires.com\/wp-content\/uploads\/2013\/09\/arbia-azul-tarifa.jpg?resize=525%2C300 1.5x"},"classes":[]},{"id":82185,"url":"https:\/\/www.24baires.com\/?p=82185","url_meta":{"origin":8315,"position":2},"title":"Radio comunitaria deja de transmitir de noche por el tarifazo","author":"GB","date":"02\/05\/2016","format":false,"excerpt":"Una de las emisoras alternativas m\u00e1s importantes del Conurbano Bonaerense anunci\u00f3 que apagar\u00e1 su transmisor entre las 00 y las 06 hs debido \"a la imposibilidad de afrontar los aumentos en las tarifas de electricidad, golpe que se suma a la cancelaci\u00f3n de pautas municipales y congelamiento de los programas\u2026","rel":"","context":"En \u00abSociedad\u00bb","block_context":{"text":"Sociedad","link":"https:\/\/www.24baires.com\/?cat=1"},"img":{"alt_text":"","src":"","width":0,"height":0},"classes":[]},{"id":23473,"url":"https:\/\/www.24baires.com\/?p=23473","url_meta":{"origin":8315,"position":3},"title":"Eval\u00faan instalar una FM municipal-comunitaria en Rojas","author":"AF","date":"14\/05\/2013","format":false,"excerpt":"La iniciativa result\u00f3 tras una reuni\u00f3n de funcionarios comunales con autoridades de la Afsca. La emisora buscar\u00eda abarcar una importante porci\u00f3n del noroeste provincial, apoyando aquellos emprendimientos comunitarios, en el marco de la Ley de Servicios de Comunicaci\u00f3n Audiovisual. En Rojas, el gobierno municipal en conjunto con la Autoridad Federal\u2026","rel":"","context":"En \u00abLocales\u00bb","block_context":{"text":"Locales","link":"https:\/\/www.24baires.com\/?cat=38"},"img":{"alt_text":"","src":"","width":0,"height":0},"classes":[]},{"id":82827,"url":"https:\/\/www.24baires.com\/?p=82827","url_meta":{"origin":8315,"position":4},"title":"Faroni advierte que \u00absin una tarifa social muchas entidades pueden desaparecer\u00bb","author":"AF","date":"18\/05\/2016","format":false,"excerpt":"El diputado provincial Javier Faroni (Frente Renovador) pidi\u00f3 beneficiar con \u201ctarifas sociales\u201d a las entidades con fines comunitarios y promovi\u00f3 la aplicaci\u00f3n de una tarifa diferenciada para los servicios p\u00fablicos de clubes de barrio y pueblos, reglamentando la adhesi\u00f3n a una ley nacional. \u201cAs\u00ed como debe haber tarifa social para\u2026","rel":"","context":"En \u00abSociedad\u00bb","block_context":{"text":"Sociedad","link":"https:\/\/www.24baires.com\/?cat=1"},"img":{"alt_text":"faroni","src":"https:\/\/i0.wp.com\/www.24baires.com\/wp-content\/uploads\/2016\/05\/faroni.jpg?resize=350%2C200","width":350,"height":200,"srcset":"https:\/\/i0.wp.com\/www.24baires.com\/wp-content\/uploads\/2016\/05\/faroni.jpg?resize=350%2C200 1x, https:\/\/i0.wp.com\/www.24baires.com\/wp-content\/uploads\/2016\/05\/faroni.jpg?resize=525%2C300 1.5x"},"classes":[]},{"id":63731,"url":"https:\/\/www.24baires.com\/?p=63731","url_meta":{"origin":8315,"position":5},"title":"AFSCA concursa 35 millones de pesos para financiar proyectos de medios comunitarios","author":"GB","date":"30\/03\/2015","format":false,"excerpt":"El organismo aportar\u00e1 ese monto a trav\u00e9s del Fondo de Fomento Concursable (Fomeca) para financiar esos proyectos, mientras que la inversi\u00f3n total para 2015 ser\u00e1 de 129.230.000. Siete nuevas l\u00edneas de financiamiento por un total de 35,2 millones de pesos ser\u00e1n destinadas a proyectos de medios comunitarios, de frontera y\u2026","rel":"","context":"En \u00abMedios\u00bb","block_context":{"text":"Medios","link":"https:\/\/www.24baires.com\/?cat=54"},"img":{"alt_text":"AFSCA","src":"https:\/\/i0.wp.com\/www.24baires.com\/wp-content\/uploads\/2012\/11\/AFSCA.jpg?resize=350%2C200","width":350,"height":200},"classes":[]}],"jetpack_sharing_enabled":true,"jetpack_likes_enabled":true,"_links":{"self":[{"href":"https:\/\/www.24baires.com\/index.php?rest_route=\/wp\/v2\/posts\/8315","targetHints":{"allow":["GET"]}}],"collection":[{"href":"https:\/\/www.24baires.com\/index.php?rest_route=\/wp\/v2\/posts"}],"about":[{"href":"https:\/\/www.24baires.com\/index.php?rest_route=\/wp\/v2\/types\/post"}],"author":[{"embeddable":true,"href":"https:\/\/www.24baires.com\/index.php?rest_route=\/wp\/v2\/users\/11"}],"replies":[{"embeddable":true,"href":"https:\/\/www.24baires.com\/index.php?rest_route=%2Fwp%2Fv2%2Fcomments&post=8315"}],"version-history":[{"count":3,"href":"https:\/\/www.24baires.com\/index.php?rest_route=\/wp\/v2\/posts\/8315\/revisions"}],"predecessor-version":[{"id":8318,"href":"https:\/\/www.24baires.com\/index.php?rest_route=\/wp\/v2\/posts\/8315\/revisions\/8318"}],"wp:attachment":[{"href":"https:\/\/www.24baires.com\/index.php?rest_route=%2Fwp%2Fv2%2Fmedia&parent=8315"}],"wp:term":[{"taxonomy":"category","embeddable":true,"href":"https:\/\/www.24baires.com\/index.php?rest_route=%2Fwp%2Fv2%2Fcategories&post=8315"},{"taxonomy":"post_tag","embeddable":true,"href":"https:\/\/www.24baires.com\/index.php?rest_route=%2Fwp%2Fv2%2Ftags&post=8315"}],"curies":[{"name":"wp","href":"https:\/\/api.w.org\/{rel}","templated":true}]}}