{"id":8307,"date":"2012-12-07T20:36:00","date_gmt":"2012-12-07T23:36:00","guid":{"rendered":"http:\/\/www.24baires.com\/?p=8307"},"modified":"2012-12-07T20:36:00","modified_gmt":"2012-12-07T23:36:00","slug":"cynthia-ottaviano-se-reunio-con-el-interventor-del-inadi-pedro-mouratian","status":"publish","type":"post","link":"https:\/\/www.24baires.com\/?p=8307","title":{"rendered":"Cynthia Ottaviano se reuni\u00f3 con el Interventor del INADI, Pedro Mouratian"},"content":{"rendered":"<p>En la reuni\u00f3n acordaron acciones en conjunto entre el Instituto Nacional Contra la Discriminaci\u00f3n, la Xenofobia y el Racismo (INADI) y \u00a0Ottaviano,\u00a0flamante Defensor\u00eda del P\u00fablico de Servicios de Comunicaci\u00f3n Audiovisual<!--more--><\/p>\n<p>La Defensora del P\u00fablico Cynthia Ottaviano se reuni\u00f3 hoy con el Interventor del INADI, Pedro Mouratian. Durante el encuentro se acordaron pautas de acci\u00f3n en conjunto entre ambos organismos con el fin de optimizar los recursos del Estado. Adem\u00e1s se convers\u00f3 la posibilidad de firmar un convenio para que las delegaciones del INADI del interior del pa\u00eds sean las receptoras de las denuncias de la Defensor\u00eda en las distintas provincias.<\/p>\n<p>\u201cEstamos trabajando para encontrar la mejor manera de poder articular un mecanismo de funcionamiento eficiente y productivo para dar respuesta a las demandas que surjan de la sociedad y fundamentalmente para pensar en la construcci\u00f3n de sociedades donde la no discriminaci\u00f3n este presente y que los medios de comunicaci\u00f3n entiendan que cumplen un rol important\u00edsimo en ese sentido\u201d, afirm\u00f3 Mouratian.<\/p>\n<p>\u201cEl INADI ha venido haciendo un trabajo importante sobre la discriminaci\u00f3n en los medios de comunicaci\u00f3n, integra el Observatorio contra la Discriminaci\u00f3n en la Radio y en la Televisi\u00f3n, tiene experiencia en la tarea y acordamos con Mouratian que trabajaremos en equipo para que los medios de comunicaci\u00f3n sean inclusivos, como dice la ley\u201d, explic\u00f3 Ottaviano.<\/p>\n<p>Durante el encuentro se acord\u00f3 la firma de protocolos de acci\u00f3n conjunta con el fin de potenciar el trabajo de ambas gestiones, adem\u00e1s de la construcci\u00f3n de pol\u00edticas p\u00fablicas a mediano y corto plazo en clave de derechos humanos y no discriminaci\u00f3n.<\/p>\n<p>Sobre la creaci\u00f3n de la Defensor\u00eda del P\u00fablico, Mouratian afirm\u00f3 que es \u201cmuy importante porque surge de la Ley de Servicios de Comunicaci\u00f3n Audiovisual y todo lo que surja de ella debe ser respetado, porque es una herramienta m\u00e1s que tiene la sociedad para poder sentirse representada y escuchada\u201d.<\/p>\n<p>\u201cLa Ley es muy rica en materia de diversidad y pluralidad, en ese sentido promueve que no haya trato discriminatorio en los medios de comunicaci\u00f3n audiovisuales y que se trate dignamente a las personas, de all\u00ed que es tan trascendente que podamos trabajar en conjunto para construir medios de comunicaci\u00f3n audiovisual m\u00e1s inclusivos, participativos y no discriminatorios\u201d, concluy\u00f3 Ottaviano.<\/p>\n<p>Durante el encuentro Mouratian confirm\u00f3 su presencia como expositor en la Primera Jornada de Promoci\u00f3n de la Ley de Servicios de Comunicaci\u00f3n Audiovisual organizada por la Defensor\u00eda del P\u00fablico, que se realizar\u00e1 el pr\u00f3ximo jueves 13 de diciembre en la sala Delia Parodi de la Honorable C\u00e1mara de Diputados de la Naci\u00f3n.<\/p>\n","protected":false},"excerpt":{"rendered":"<p>En la reuni\u00f3n acordaron acciones en conjunto entre el Instituto Nacional Contra la Discriminaci\u00f3n, la Xenofobia y el Racismo (INADI) y \u00a0Ottaviano,\u00a0flamante Defensor\u00eda del P\u00fablico de Servicios de Comunicaci\u00f3n Audiovisual<\/p>\n","protected":false},"author":11,"featured_media":0,"comment_status":"open","ping_status":"open","sticky":false,"template":"","format":"standard","meta":{"_jetpack_newsletter_access":"","_jetpack_dont_email_post_to_subs":false,"_jetpack_newsletter_tier_id":0,"_jetpack_memberships_contains_paywalled_content":false,"_jetpack_memberships_contains_paid_content":false,"footnotes":""},"categories":[54],"tags":[],"class_list":["post-8307","post","type-post","status-publish","format-standard","hentry","category-medios"],"jetpack_featured_media_url":"","jetpack_shortlink":"https:\/\/wp.me\/p2JWE0-29Z","jetpack-related-posts":[{"id":41739,"url":"https:\/\/www.24baires.com\/?p=41739","url_meta":{"origin":8307,"position":0},"title":"Buscan eliminar la violencia medi\u00e1tica hacia las mujeres","author":"Grupo Sierra","date":"08\/03\/2014","format":false,"excerpt":"La Defensor\u00eda del P\u00fablico, la Autoridad Federal de Servicios de Comunicaci\u00f3n Audiovisual (AFSCA); el Instituto Nacional contra la Discriminaci\u00f3n, la Xenofobia y el Racismo (INADI); y el Consejo Nacional de las Mujeres (CNM) suscribieron un convenio de cooperaci\u00f3n, para trabajar conjuntamente contra la violencia medi\u00e1tica, en el marco de la\u2026","rel":"","context":"En \u00abSociedad\u00bb","block_context":{"text":"Sociedad","link":"https:\/\/www.24baires.com\/?cat=1"},"img":{"alt_text":"violencia","src":"https:\/\/i0.wp.com\/www.24baires.com\/wp-content\/uploads\/2014\/03\/violencia.jpg?resize=350%2C200","width":350,"height":200},"classes":[]},{"id":12030,"url":"https:\/\/www.24baires.com\/?p=12030","url_meta":{"origin":8307,"position":1},"title":"El INADI inicia su Campa\u00f1a de Verano 2013","author":"Grupo Sierra","date":"13\/01\/2013","format":false,"excerpt":"Este lunes 14 de enero, a las 11hs, frente a la Rambla de Mar del Plata,el Instituto Nacional contra la Discriminaci\u00f3n (INADI) dar\u00e1 inicio formal\u00a0a su campa\u00f1a de difusi\u00f3n en centros de veraneo, con la presencia del\u00a0interventor, Pedro Mourati\u00e1n. Habr\u00e1 un cami\u00f3n con una pantalla LED que\u00a0mostrar\u00e1 los materiales audiovisuales\u2026","rel":"","context":"En \u00abPol\u00edtica\u00bb","block_context":{"text":"Pol\u00edtica","link":"https:\/\/www.24baires.com\/?cat=51"},"img":{"alt_text":"","src":"","width":0,"height":0},"classes":[]},{"id":32589,"url":"https:\/\/www.24baires.com\/?p=32589","url_meta":{"origin":8307,"position":2},"title":"Universidades Nacionales y el Inadi elaboraron un mapa contra la discriminaci\u00f3n","author":"AF","date":"27\/09\/2013","format":false,"excerpt":"Fue confeccionado por 27 universidades de todo el pa\u00eds y el Inadi. Fue excibido hoy en el 70\u00ba Plenario del Consejo Interuniversitario Nacional, que se desarrolla en la Universidad Nacional de Mar del Plata con 56 rectores de instituciones acad\u00e9micas p\u00fablicas. Pedro Mouratian, interventor del Instituto Nacional contra la Discriminaci\u00f3n,\u2026","rel":"","context":"En \u00abSociedad\u00bb","block_context":{"text":"Sociedad","link":"https:\/\/www.24baires.com\/?cat=1"},"img":{"alt_text":"","src":"","width":0,"height":0},"classes":[]},{"id":23011,"url":"https:\/\/www.24baires.com\/?p=23011","url_meta":{"origin":8307,"position":3},"title":"El Inadi advierte sobre hechos discriminatorios durante el Supercl\u00e1sico Boca-River","author":"AF","date":"08\/05\/2013","format":false,"excerpt":"El Observatorio de la Discriminaci\u00f3n en el f\u00fatbol del Instituto Nacional contra la Discriminaci\u00f3n (INADI) advirti\u00f3 acerca de ciertas conductas que se repitieron el domingo en el supercl\u00e1sico entre Boca y River que \"violaron los conceptos que apuntan a lograr un f\u00fatbol sin violencia\". En un comunicado, el interventor del\u2026","rel":"","context":"En \u00abSociedad\u00bb","block_context":{"text":"Sociedad","link":"https:\/\/www.24baires.com\/?cat=1"},"img":{"alt_text":"","src":"","width":0,"height":0},"classes":[]},{"id":44469,"url":"https:\/\/www.24baires.com\/?p=44469","url_meta":{"origin":8307,"position":4},"title":"El Inadi distingui\u00f3 el programa del Bahiano por su defensa de los DDHH","author":"GB","date":"22\/04\/2014","format":false,"excerpt":"\"Una tarde cualquiera\", el ciclo diario que conduce El Bahiano por la TV P\u00fablica, recibir\u00e1 ma\u00f1ana un reconocimiento del INADI por su labor desarrollada en defensa de los Derechos Humanos y en la lucha contra la Discriminaci\u00f3n. El interventor del instituto, Pedro Mouratian, otorgar\u00e1 la distinci\u00f3n en un acto que\u2026","rel":"","context":"En \u00abEspectaculos\u00bb","block_context":{"text":"Espectaculos","link":"https:\/\/www.24baires.com\/?cat=41"},"img":{"alt_text":"bahiano","src":"https:\/\/i0.wp.com\/www.24baires.com\/wp-content\/uploads\/2014\/04\/bahiano.jpg?resize=350%2C200","width":350,"height":200,"srcset":"https:\/\/i0.wp.com\/www.24baires.com\/wp-content\/uploads\/2014\/04\/bahiano.jpg?resize=350%2C200 1x, https:\/\/i0.wp.com\/www.24baires.com\/wp-content\/uploads\/2014\/04\/bahiano.jpg?resize=525%2C300 1.5x"},"classes":[]},{"id":35012,"url":"https:\/\/www.24baires.com\/?p=35012","url_meta":{"origin":8307,"position":5},"title":"Dur\u00e1n Barba ser\u00e1 citado por el Inadi por sus elogios a Hitler","author":"GB","date":"11\/11\/2013","format":false,"excerpt":"El organismo resolvi\u00f3, de oficio, \"intimar formalmente\" al asesor del jefe de gobierno porte\u00f1o, Mauricio Macri, Jaime Dur\u00e1n Barba, \"para que d\u00e9 explicaciones y evaluar\u00e1 la posibilidad de denunciarlo ante la justicia penal\". La denuncia es por haber calificado de \"espectacular\" a la figura de Adolf Hitler. El INADI resolvi\u00f3,\u2026","rel":"","context":"En \u00abPol\u00edtica\u00bb","block_context":{"text":"Pol\u00edtica","link":"https:\/\/www.24baires.com\/?cat=51"},"img":{"alt_text":"inadi","src":"https:\/\/i0.wp.com\/www.24baires.com\/wp-content\/uploads\/2013\/11\/inadi.jpg?resize=350%2C200","width":350,"height":200},"classes":[]}],"jetpack_sharing_enabled":true,"jetpack_likes_enabled":true,"_links":{"self":[{"href":"https:\/\/www.24baires.com\/index.php?rest_route=\/wp\/v2\/posts\/8307","targetHints":{"allow":["GET"]}}],"collection":[{"href":"https:\/\/www.24baires.com\/index.php?rest_route=\/wp\/v2\/posts"}],"about":[{"href":"https:\/\/www.24baires.com\/index.php?rest_route=\/wp\/v2\/types\/post"}],"author":[{"embeddable":true,"href":"https:\/\/www.24baires.com\/index.php?rest_route=\/wp\/v2\/users\/11"}],"replies":[{"embeddable":true,"href":"https:\/\/www.24baires.com\/index.php?rest_route=%2Fwp%2Fv2%2Fcomments&post=8307"}],"version-history":[{"count":2,"href":"https:\/\/www.24baires.com\/index.php?rest_route=\/wp\/v2\/posts\/8307\/revisions"}],"predecessor-version":[{"id":8309,"href":"https:\/\/www.24baires.com\/index.php?rest_route=\/wp\/v2\/posts\/8307\/revisions\/8309"}],"wp:attachment":[{"href":"https:\/\/www.24baires.com\/index.php?rest_route=%2Fwp%2Fv2%2Fmedia&parent=8307"}],"wp:term":[{"taxonomy":"category","embeddable":true,"href":"https:\/\/www.24baires.com\/index.php?rest_route=%2Fwp%2Fv2%2Fcategories&post=8307"},{"taxonomy":"post_tag","embeddable":true,"href":"https:\/\/www.24baires.com\/index.php?rest_route=%2Fwp%2Fv2%2Ftags&post=8307"}],"curies":[{"name":"wp","href":"https:\/\/api.w.org\/{rel}","templated":true}]}}