{"id":83004,"date":"2016-05-22T13:16:27","date_gmt":"2016-05-22T16:16:27","guid":{"rendered":"http:\/\/www.24baires.com\/?p=83004"},"modified":"2016-05-22T13:16:27","modified_gmt":"2016-05-22T16:16:27","slug":"un-sol-que-quema-fuerte","status":"publish","type":"post","link":"https:\/\/www.24baires.com\/?p=83004","title":{"rendered":"Un sol que quema fuerte"},"content":{"rendered":"<p><img data-recalc-dims=\"1\" loading=\"lazy\" decoding=\"async\" src=\"https:\/\/i0.wp.com\/www.24baires.com\/wp-content\/uploads\/2014\/09\/macri.jpg?resize=560%2C314\" alt=\"macri\" width=\"560\" height=\"314\" class=\"aligncenter size-full wp-image-53417\" srcset=\"https:\/\/i0.wp.com\/www.24baires.com\/wp-content\/uploads\/2014\/09\/macri.jpg?w=560&amp;ssl=1 560w, https:\/\/i0.wp.com\/www.24baires.com\/wp-content\/uploads\/2014\/09\/macri.jpg?resize=300%2C168&amp;ssl=1 300w\" sizes=\"auto, (max-width: 560px) 100vw, 560px\" \/>Estamos en peligro. Nosotros, nosotras, todos. Y es un peligro sigiloso, zorro. Porque la mayor\u00eda ni se da cuenta: est\u00e1n con las puntas de los pies en el borde, casi saludando al abismo que abrieron a fuerza de robarnos derechos, y todav\u00eda felicitan la mano que los empuja hacia adelante, a la ca\u00edda brutal. Y no hay l\u00edmites.<!--more--><\/p>\n<p> Porque la ca\u00edda es tan feroz que perforar\u00e1 hasta la lona tan conocida en la que hemos ca\u00eddo tantas otras veces, de la que aprendimos a levantarnos y ponernos de pie.<br \/>\nHay un cinismo que descoloca, una hipocres\u00eda que recubre cada medida del actual gobierno como el fondant a una torta de cumplea\u00f1os. Se nos r\u00eden en la cara. Nos dicen que debemos buscar ser felices, mientras nos echan de nuestros trabajos, transfieren toneladas de recursos a los sectores m\u00e1s acomodados de la sociedad, nos empobrecen a un ritmo demon\u00edaco.<br \/>\nY esa es otra estrategia, pegarnos unas trompadas detr\u00e1s de la otra, dejarnos groguis, para que nos cueste reaccionar. Ya en esta columna una vez dijimos que \u00e9ramos como un boxeador arrinconado. No aprend\u00ed nada m\u00e1s de boxeo de la nada que sab\u00eda cuando escrib\u00ed aquello, pero sigo gustando de las analog\u00edas y las met\u00e1foras. Y as\u00ed nos quieren, atontados, golpeados, respirando con dificultad. Y encima nos dicen que es nuestra culpa, que no hicimos lo suficiente, que nos merecemos lo que nos pasa. La locura del desprecio por el otro, hoy gobierna el odio.<br \/>\nDicen, tambi\u00e9n, construyendo el relato, que as\u00ed no se pod\u00eda seguir, que lo que hacen es porque heredaron tener que tomar estas decisiones. No. Quitarle las retenciones a las mineras y al campo, no era una medida necesaria, es transferir millones de pesos a esos sectores ya millonarios. Pagarle a los Fondos Buitres no era necesario, era cumplir con los due\u00f1os del mundo, que son pocos y tienen hambre de h\u00edgado de pueblo. Eliminar subsidios no era necesario, pero eligieron que los que m\u00e1s tienen, m\u00e1s ganen. Simple.<br \/>\nMatar la Ley de Servicios de Comunicaci\u00f3n Audiovisual ni bien asumieron no era parte de \u201cla pesada herencia\u201d, era cumplir lo pactado con los monopolios medi\u00e1ticos que hicieron todo lo posible para ponerlos en el poder. Que ellos mientan, nosotros tenemos nuestra verdad, la que constatamos en la calle todos los d\u00edas, la que nos demuestra que en seis meses destruyeron los salarios, dejaron a cientos de miles de argentinos y argentinas sin empleo, acallaron decenas de voces, cerraron medios, silenciaron periodistas, iniciaron una persecuci\u00f3n ideol\u00f3gica que aun persiste, nos empujaron hacia al abismo que ellos mismos cavaron bajo nuestros pies.<br \/>\nEsa es la realidad. No es magia, nunca lo fue. Antes hab\u00eda una concepci\u00f3n de Estado s\u00f3lido, amplio, contenedor. Ahora achicaron el Estado porque achicaron nuestros derechos. Pero el pueblo sabe. Cuando llora, el pueblo sabe por qu\u00e9 llora. Y somos millones que no olvidamos, somos millones los que no estamos dispuestos a seguir recibiendo las pi\u00f1as de esta etapa superadora al capitalismo salvaje. Somos millones los que ponemos la cara, magullada, y seguimos para adelante.<br \/>\nEstamos en la calle, en las plazas, en los barrios. Estamos gritando fuerte por lo que es nuestro. Pueden evitar las fotos de las marchas multitudinarias, no publicar las noticias de las huelgas, de las tomas. Pueden y lo hacen. Seguramente, durante un tiempo, puedan tapar el sol con un dedo. Pero este sol quema. Y quema fuerte. No nos vamos a acostumbrar otra vez a pegar la nariz en la vidriera de la vida de los otros. No. No nos vamos a resignar pensando que merecemos pasar hambre, que merecemos ocupar el lugar de pobres en esta sociedad para siempre, como el mandato de un dios insensible que nos mira desde arriba s\u00f3lo para saber con justeza donde pisar con m\u00e1s fuerza. No. No vamos a creer esas mentiras porque ya sabemos que no es as\u00ed, porque demostramos que no es as\u00ed. Probamos que la inclusi\u00f3n social es la respuesta a cualquier pregunta. Que la igualdad es la meta, no la utop\u00eda. Que no hay ni habr\u00e1 paz social si la injusticia es la bandera que quieren hacer flamear sobre un pa\u00eds en ruinas.<\/p>\n","protected":false},"excerpt":{"rendered":"<p>Estamos en peligro. Nosotros, nosotras, todos. Y es un peligro sigiloso, zorro. Porque la mayor\u00eda ni se da cuenta: est\u00e1n con las puntas de los pies en el borde, casi saludando al abismo que abrieron a fuerza de robarnos derechos, y todav\u00eda felicitan la mano que los empuja hacia adelante, a la ca\u00edda brutal. Y no hay l\u00edmites.<\/p>\n","protected":false},"author":8,"featured_media":0,"comment_status":"open","ping_status":"open","sticky":false,"template":"","format":"standard","meta":{"_jetpack_newsletter_access":"","_jetpack_dont_email_post_to_subs":false,"_jetpack_newsletter_tier_id":0,"_jetpack_memberships_contains_paywalled_content":false,"_jetpack_memberships_contains_paid_content":false,"footnotes":""},"categories":[64],"tags":[],"class_list":["post-83004","post","type-post","status-publish","format-standard","hentry","category-opinion"],"jetpack_featured_media_url":"","jetpack_shortlink":"https:\/\/wp.me\/p2JWE0-lAM","jetpack-related-posts":[{"id":111143,"url":"https:\/\/www.24baires.com\/?p=111143","url_meta":{"origin":83004,"position":0},"title":"La empresa de galletitas T\u00eda Maruca, al borde del concurso de acreedores","author":"AF","date":"11\/07\/2019","format":false,"excerpt":"La firma atraviesa un severo problema financiero. Cuatrocientos puestos laborales en peligro y deudas millonarias. La popular marca de galletitas y bizcochos T\u00eda Maruca se encuentra en la cuerda floja. Seg\u00fan dejaron trascender desde la firma, es inminente una convocatoria a concurso de acreedores, debido a las deudas que afronta\u2026","rel":"","context":"En \u00abSociedad\u00bb","block_context":{"text":"Sociedad","link":"https:\/\/www.24baires.com\/?cat=1"},"img":{"alt_text":"","src":"https:\/\/i0.wp.com\/www.24baires.com\/wp-content\/uploads\/2019\/07\/t%C3%ADa-maruca.jpg?resize=350%2C200","width":350,"height":200,"srcset":"https:\/\/i0.wp.com\/www.24baires.com\/wp-content\/uploads\/2019\/07\/t%C3%ADa-maruca.jpg?resize=350%2C200 1x, https:\/\/i0.wp.com\/www.24baires.com\/wp-content\/uploads\/2019\/07\/t%C3%ADa-maruca.jpg?resize=525%2C300 1.5x"},"classes":[]},{"id":106135,"url":"https:\/\/www.24baires.com\/?p=106135","url_meta":{"origin":83004,"position":1},"title":"La actividad se desplom\u00f3 un 4% en octubre y se espera m\u00e1s recesi\u00f3n","author":"GB","date":"28\/12\/2018","format":false,"excerpt":"A pesar de los pron\u00f3sticos optimistas del Gobierno, el INDEC inform\u00f3 que en octubre la econom\u00eda cay\u00f3 por s\u00e9ptimo mes consecutivo. Con este n\u00famero, ya se acumula una contracci\u00f3n del 1,7% en lo que va de 2018 respecto mismo per\u00edodo de 2017, por lo que la ca\u00edda final del a\u00f1o\u2026","rel":"","context":"En \u00abLocales\u00bb","block_context":{"text":"Locales","link":"https:\/\/www.24baires.com\/?cat=38"},"img":{"alt_text":"","src":"https:\/\/i0.wp.com\/www.24baires.com\/wp-content\/uploads\/2016\/05\/pymes.jpg?resize=350%2C200","width":350,"height":200,"srcset":"https:\/\/i0.wp.com\/www.24baires.com\/wp-content\/uploads\/2016\/05\/pymes.jpg?resize=350%2C200 1x, https:\/\/i0.wp.com\/www.24baires.com\/wp-content\/uploads\/2016\/05\/pymes.jpg?resize=525%2C300 1.5x"},"classes":[]},{"id":89799,"url":"https:\/\/www.24baires.com\/?p=89799","url_meta":{"origin":83004,"position":2},"title":"Comerciantes de General Villegas advierten sobre crisis del sector por inundaciones","author":"AF","date":"14\/11\/2016","format":false,"excerpt":"Los comerciantes de la ciudad de General Villegas se mostraron preocupados por la ca\u00edda de la actividad econ\u00f3mica como consecuencia de las inundaciones que afectan la producci\u00f3n de m\u00e1s de 400 mil hect\u00e1reas de ese distrito del noroeste bonaerense. \u201cNo ser\u00e1 f\u00e1cil para los negocios aguantar la crisis que se\u2026","rel":"","context":"En \u00abLocales\u00bb","block_context":{"text":"Locales","link":"https:\/\/www.24baires.com\/?cat=38"},"img":{"alt_text":"inundacion","src":"https:\/\/i0.wp.com\/www.24baires.com\/wp-content\/uploads\/2015\/08\/inundacion.jpg?resize=350%2C200","width":350,"height":200,"srcset":"https:\/\/i0.wp.com\/www.24baires.com\/wp-content\/uploads\/2015\/08\/inundacion.jpg?resize=350%2C200 1x, https:\/\/i0.wp.com\/www.24baires.com\/wp-content\/uploads\/2015\/08\/inundacion.jpg?resize=525%2C300 1.5x"},"classes":[]},{"id":121263,"url":"https:\/\/www.24baires.com\/?p=121263","url_meta":{"origin":83004,"position":3},"title":"Las ventas en supermercados vuelven a desplomarse y cayeron 11,4%","author":"GB","date":"25\/04\/2024","format":false,"excerpt":"Seg\u00fan un relevamiento del INDEC, las ventas en supermercados cayeron 11,4% interanual en febrero de 2024, con una leve mejora respecto a enero. La crisis econ\u00f3mica no da respiro a ning\u00fan sector. La construcci\u00f3n cay\u00f3, el consumo cay\u00f3, las ventas minoristas cayeron, y ahora se suma una fuerte ca\u00edda en\u2026","rel":"","context":"En \u00abConsumidores\u00bb","block_context":{"text":"Consumidores","link":"https:\/\/www.24baires.com\/?cat=78"},"img":{"alt_text":"","src":"https:\/\/i0.wp.com\/www.24baires.com\/wp-content\/uploads\/2024\/03\/super.webp?resize=350%2C200","width":350,"height":200,"srcset":"https:\/\/i0.wp.com\/www.24baires.com\/wp-content\/uploads\/2024\/03\/super.webp?resize=350%2C200 1x, https:\/\/i0.wp.com\/www.24baires.com\/wp-content\/uploads\/2024\/03\/super.webp?resize=525%2C300 1.5x, https:\/\/i0.wp.com\/www.24baires.com\/wp-content\/uploads\/2024\/03\/super.webp?resize=700%2C400 2x"},"classes":[]},{"id":41812,"url":"https:\/\/www.24baires.com\/?p=41812","url_meta":{"origin":83004,"position":4},"title":"Colegio de Kinesi\u00f3logos aconseja consultar ante ca\u00eddas de adultos mayores","author":"Grupo Sierra","date":"09\/03\/2014","format":false,"excerpt":"Las ca\u00eddas de los adultos mayores \"no siempre son accidentales sino que pueden constituir una se\u00f1al de alerta de enfermedades no detectadas que requieren consulta inmediata\", seg\u00fan alertaron especialistas en rehabilitaci\u00f3n del Colegio de Kinesi\u00f3logos de la Provincia de Buenos Aires (CoKiba). \"Uno de cada cinco adultos mayores de entre\u2026","rel":"","context":"En \u00abSociedad\u00bb","block_context":{"text":"Sociedad","link":"https:\/\/www.24baires.com\/?cat=1"},"img":{"alt_text":"","src":"","width":0,"height":0},"classes":[]},{"id":121177,"url":"https:\/\/www.24baires.com\/?p=121177","url_meta":{"origin":83004,"position":5},"title":"La actividad metal\u00fargica se derrumb\u00f3 a un ritmo similar al de la pandemia","author":"GB","date":"03\/04\/2024","format":false,"excerpt":"El primer bimestre del 2024 cerr\u00f3 con una brutal ca\u00edda de la actividad metal\u00fargica en Argentina. Piden promover la inversi\u00f3n nacional. Los informes de la actividad econ\u00f3mica de los distintos sectores productivos siguen dando se\u00f1ales de alarma. Ahora, la Asociaci\u00f3n de Industriales Metal\u00fargicos de la Rep\u00fablica Argentina (ADIMRA) advirti\u00f3 que\u2026","rel":"","context":"En \u00abEconom\u00eda\u00bb","block_context":{"text":"Econom\u00eda","link":"https:\/\/www.24baires.com\/?cat=45"},"img":{"alt_text":"","src":"https:\/\/i0.wp.com\/www.24baires.com\/wp-content\/uploads\/2023\/07\/industria.jpg?resize=350%2C200","width":350,"height":200,"srcset":"https:\/\/i0.wp.com\/www.24baires.com\/wp-content\/uploads\/2023\/07\/industria.jpg?resize=350%2C200 1x, https:\/\/i0.wp.com\/www.24baires.com\/wp-content\/uploads\/2023\/07\/industria.jpg?resize=525%2C300 1.5x, https:\/\/i0.wp.com\/www.24baires.com\/wp-content\/uploads\/2023\/07\/industria.jpg?resize=700%2C400 2x"},"classes":[]}],"jetpack_sharing_enabled":true,"jetpack_likes_enabled":true,"_links":{"self":[{"href":"https:\/\/www.24baires.com\/index.php?rest_route=\/wp\/v2\/posts\/83004","targetHints":{"allow":["GET"]}}],"collection":[{"href":"https:\/\/www.24baires.com\/index.php?rest_route=\/wp\/v2\/posts"}],"about":[{"href":"https:\/\/www.24baires.com\/index.php?rest_route=\/wp\/v2\/types\/post"}],"author":[{"embeddable":true,"href":"https:\/\/www.24baires.com\/index.php?rest_route=\/wp\/v2\/users\/8"}],"replies":[{"embeddable":true,"href":"https:\/\/www.24baires.com\/index.php?rest_route=%2Fwp%2Fv2%2Fcomments&post=83004"}],"version-history":[{"count":1,"href":"https:\/\/www.24baires.com\/index.php?rest_route=\/wp\/v2\/posts\/83004\/revisions"}],"predecessor-version":[{"id":83005,"href":"https:\/\/www.24baires.com\/index.php?rest_route=\/wp\/v2\/posts\/83004\/revisions\/83005"}],"wp:attachment":[{"href":"https:\/\/www.24baires.com\/index.php?rest_route=%2Fwp%2Fv2%2Fmedia&parent=83004"}],"wp:term":[{"taxonomy":"category","embeddable":true,"href":"https:\/\/www.24baires.com\/index.php?rest_route=%2Fwp%2Fv2%2Fcategories&post=83004"},{"taxonomy":"post_tag","embeddable":true,"href":"https:\/\/www.24baires.com\/index.php?rest_route=%2Fwp%2Fv2%2Ftags&post=83004"}],"curies":[{"name":"wp","href":"https:\/\/api.w.org\/{rel}","templated":true}]}}