{"id":82968,"date":"2016-05-20T18:35:35","date_gmt":"2016-05-20T21:35:35","guid":{"rendered":"http:\/\/www.24baires.com\/?p=82968"},"modified":"2016-05-20T18:14:07","modified_gmt":"2016-05-20T21:14:07","slug":"internaron-de-urgencia-a-chano-charpentier","status":"publish","type":"post","link":"https:\/\/www.24baires.com\/?p=82968","title":{"rendered":"Internaron de urgencia a Chano Charpentier"},"content":{"rendered":"<p><img data-recalc-dims=\"1\" loading=\"lazy\" decoding=\"async\" src=\"https:\/\/i0.wp.com\/www.24baires.com\/wp-content\/uploads\/2016\/05\/chano.jpg?resize=560%2C310\" alt=\"chano\" width=\"560\" height=\"310\" class=\"aligncenter size-full wp-image-82969\" srcset=\"https:\/\/i0.wp.com\/www.24baires.com\/wp-content\/uploads\/2016\/05\/chano.jpg?w=560&amp;ssl=1 560w, https:\/\/i0.wp.com\/www.24baires.com\/wp-content\/uploads\/2016\/05\/chano.jpg?resize=300%2C166&amp;ssl=1 300w\" sizes=\"auto, (max-width: 560px) 100vw, 560px\" \/>Mal momento para Chano Charpentier. Aunque se desconoce el desencadenante de su cuadro, el cantante de Tan Bi\u00f3nica debi\u00f3 ser hospitalizado este viernes y qued\u00f3 en observaci\u00f3n.<!--more--><\/p>\n<p>El artista ingres\u00f3 a la guardia del Instituto del Diagn\u00f3stico (ubicado en Marcelo T. de Alvear y Larrea, barrio de Recoleta). Seg\u00fan trascendi\u00f3, el m\u00fasico habr\u00eda presentado un cuadro de fiebre alta que llev\u00f3 a su gente a trasladarlo a dicha cl\u00ednica, donde decidieron dejarlo internado para su correspondiente monitoreo.<\/p>\n","protected":false},"excerpt":{"rendered":"<p>Mal momento para Chano Charpentier. Aunque se desconoce el desencadenante de su cuadro, el cantante de Tan Bi\u00f3nica debi\u00f3 ser hospitalizado este viernes y qued\u00f3 en observaci\u00f3n.<\/p>\n","protected":false},"author":8,"featured_media":0,"comment_status":"open","ping_status":"open","sticky":false,"template":"","format":"standard","meta":{"_jetpack_newsletter_access":"","_jetpack_dont_email_post_to_subs":false,"_jetpack_newsletter_tier_id":0,"_jetpack_memberships_contains_paywalled_content":false,"_jetpack_memberships_contains_paid_content":false,"footnotes":""},"categories":[41],"tags":[],"class_list":["post-82968","post","type-post","status-publish","format-standard","hentry","category-espectaculos"],"jetpack_featured_media_url":"","jetpack_shortlink":"https:\/\/wp.me\/p2JWE0-lAc","jetpack-related-posts":[{"id":55293,"url":"https:\/\/www.24baires.com\/?p=55293","url_meta":{"origin":82968,"position":0},"title":"\u00abEl \u00e9bola demuestra la falta de preparaci\u00f3n para afrontar una epidemia\u00bb","author":"AF","date":"13\/10\/2014","format":false,"excerpt":"La actual epidemia de \u00e9bola demuestra que el mundo est\u00e1 mal preparado para responder a una emergencia sanitaria severa, afirm\u00f3 la directora general de la Organizaci\u00f3n Mundial de la Salud, Margaret Chan. \"El mundo est\u00e1 mal preparado para responder a cualquier emergencia sanitaria sostenida y severa\", dijo Chan en un\u2026","rel":"","context":"En \u00abSociedad\u00bb","block_context":{"text":"Sociedad","link":"https:\/\/www.24baires.com\/?cat=1"},"img":{"alt_text":"","src":"","width":0,"height":0},"classes":[]},{"id":79365,"url":"https:\/\/www.24baires.com\/?p=79365","url_meta":{"origin":82968,"position":1},"title":"\u00abLas cosas pueden empeorar\u00bb, alert\u00f3 la directora de la OMS sobre el zika","author":"AF","date":"25\/02\/2016","format":false,"excerpt":"Margaret Chan afirm\u00f3 que la situaci\u00f3n en torno a la epidemia del virus del zika que afecta a m\u00e1s de 40 pa\u00edses en Am\u00e9rica puede empeorar y dijo que hay que estar preparados para \"eventuales sorpresas\". \"Las cosas pueden empeorar antes que mejorar. Debemos prepararnos para sorpresas\", dijo en las\u2026","rel":"","context":"En \u00abSalud\u00bb","block_context":{"text":"Salud","link":"https:\/\/www.24baires.com\/?cat=76"},"img":{"alt_text":"mosquito del dengue","src":"https:\/\/i0.wp.com\/www.24baires.com\/wp-content\/uploads\/2014\/08\/mosquito-del-dengue.jpg?resize=350%2C200","width":350,"height":200,"srcset":"https:\/\/i0.wp.com\/www.24baires.com\/wp-content\/uploads\/2014\/08\/mosquito-del-dengue.jpg?resize=350%2C200 1x, https:\/\/i0.wp.com\/www.24baires.com\/wp-content\/uploads\/2014\/08\/mosquito-del-dengue.jpg?resize=525%2C300 1.5x"},"classes":[]},{"id":96798,"url":"https:\/\/www.24baires.com\/?p=96798","url_meta":{"origin":82968,"position":2},"title":"La Corte convoca a provincias para solucionar la problem\u00e1tica de las inundaciones","author":"AF","date":"17\/08\/2017","format":false,"excerpt":"La Corte Suprema de Justicia abri\u00f3 el expediente sobre las obras en Santa Fe que provocaron inundaciones en Buenos Aires, y exigi\u00f3 que el Gobierno nacional y las administraciones de tres provincias afectadas por las inundaciones informen qu\u00e9 medidas est\u00e1n llevando adelante para evitar que se repitan estas situaciones. A\u2026","rel":"","context":"En \u00abProvincia\u00bb","block_context":{"text":"Provincia","link":"https:\/\/www.24baires.com\/?cat=40"},"img":{"alt_text":"","src":"https:\/\/i0.wp.com\/www.24baires.com\/wp-content\/uploads\/2017\/08\/inunda-trenque.jpg?resize=350%2C200","width":350,"height":200,"srcset":"https:\/\/i0.wp.com\/www.24baires.com\/wp-content\/uploads\/2017\/08\/inunda-trenque.jpg?resize=350%2C200 1x, https:\/\/i0.wp.com\/www.24baires.com\/wp-content\/uploads\/2017\/08\/inunda-trenque.jpg?resize=525%2C300 1.5x"},"classes":[]},{"id":79297,"url":"https:\/\/www.24baires.com\/?p=79297","url_meta":{"origin":82968,"position":3},"title":"Repercusiones: crean un juego para sacarse selfies con el delf\u00edn muerto","author":"GB","date":"23\/02\/2016","format":false,"excerpt":"Tras la lamentable noticia que cobr\u00f3 relevancia mundial, la propuesta busca concientizar sobre la muerte de animales. La muerte del delf\u00edn en la playa ya tiene su propio videojuego. Luego de que los turistas de las playas de Santa Teresita se tomaran fotos con el mam\u00edfero que qued\u00f3 encallado en\u2026","rel":"","context":"En \u00abTecnolog\u00eda\u00bb","block_context":{"text":"Tecnolog\u00eda","link":"https:\/\/www.24baires.com\/?cat=46"},"img":{"alt_text":"","src":"","width":0,"height":0},"classes":[]},{"id":36389,"url":"https:\/\/www.24baires.com\/?p=36389","url_meta":{"origin":82968,"position":4},"title":"Marchan \u00aben defensa de la Pacha\u00bb desde Maschwitz hasta Punta Querand\u00ed","author":"Grupo Sierra","date":"07\/12\/2013","format":false,"excerpt":"El Movimiento en Defensa de la Pacha realizar\u00e1 ma\u00f1ana una caminata desde la estaci\u00f3n de Tren Ingeniero Maschwitz hasta la de Punta Querand\u00ed, en defensa del espacio p\u00fablico, educativo y arqueol\u00f3gico, y contra la proliferaci\u00f3n de barrios privados en esa zona del norte del conurbano bonaerense. El grupo convoca a\u2026","rel":"","context":"En \u00abSociedad\u00bb","block_context":{"text":"Sociedad","link":"https:\/\/www.24baires.com\/?cat=1"},"img":{"alt_text":"","src":"","width":0,"height":0},"classes":[]},{"id":56459,"url":"https:\/\/www.24baires.com\/?p=56459","url_meta":{"origin":82968,"position":5},"title":"Internaron a Cristina en el Sanatorio Otamendi por un cuadro febril","author":"GB","date":"02\/11\/2014","format":false,"excerpt":"La Unidad m\u00e9dica presidencial inform\u00f3 que la mandataria \"presenta un cuadro febril infecciooso\" y que \"debido a ello se decidi\u00f3 su internaci\u00f3n para estudio y control\". La presidenta Cristina Fern\u00e1ndez de Kirchner fue internada en el sanatorio Otamendi por presentar un \"cuadro febril infeccioso\", inform\u00f3 esta noche la Unidad M\u00e9dica\u2026","rel":"","context":"En \u00abPol\u00edtica\u00bb","block_context":{"text":"Pol\u00edtica","link":"https:\/\/www.24baires.com\/?cat=51"},"img":{"alt_text":"cristina23","src":"https:\/\/i0.wp.com\/www.24baires.com\/wp-content\/uploads\/2014\/10\/cristina23.jpg?resize=350%2C200","width":350,"height":200,"srcset":"https:\/\/i0.wp.com\/www.24baires.com\/wp-content\/uploads\/2014\/10\/cristina23.jpg?resize=350%2C200 1x, https:\/\/i0.wp.com\/www.24baires.com\/wp-content\/uploads\/2014\/10\/cristina23.jpg?resize=525%2C300 1.5x"},"classes":[]}],"jetpack_sharing_enabled":true,"jetpack_likes_enabled":true,"_links":{"self":[{"href":"https:\/\/www.24baires.com\/index.php?rest_route=\/wp\/v2\/posts\/82968","targetHints":{"allow":["GET"]}}],"collection":[{"href":"https:\/\/www.24baires.com\/index.php?rest_route=\/wp\/v2\/posts"}],"about":[{"href":"https:\/\/www.24baires.com\/index.php?rest_route=\/wp\/v2\/types\/post"}],"author":[{"embeddable":true,"href":"https:\/\/www.24baires.com\/index.php?rest_route=\/wp\/v2\/users\/8"}],"replies":[{"embeddable":true,"href":"https:\/\/www.24baires.com\/index.php?rest_route=%2Fwp%2Fv2%2Fcomments&post=82968"}],"version-history":[{"count":1,"href":"https:\/\/www.24baires.com\/index.php?rest_route=\/wp\/v2\/posts\/82968\/revisions"}],"predecessor-version":[{"id":82970,"href":"https:\/\/www.24baires.com\/index.php?rest_route=\/wp\/v2\/posts\/82968\/revisions\/82970"}],"wp:attachment":[{"href":"https:\/\/www.24baires.com\/index.php?rest_route=%2Fwp%2Fv2%2Fmedia&parent=82968"}],"wp:term":[{"taxonomy":"category","embeddable":true,"href":"https:\/\/www.24baires.com\/index.php?rest_route=%2Fwp%2Fv2%2Fcategories&post=82968"},{"taxonomy":"post_tag","embeddable":true,"href":"https:\/\/www.24baires.com\/index.php?rest_route=%2Fwp%2Fv2%2Ftags&post=82968"}],"curies":[{"name":"wp","href":"https:\/\/api.w.org\/{rel}","templated":true}]}}