{"id":8288,"date":"2012-12-07T17:45:51","date_gmt":"2012-12-07T20:45:51","guid":{"rendered":"http:\/\/www.24baires.com\/?p=8288"},"modified":"2012-12-08T19:38:02","modified_gmt":"2012-12-08T22:38:02","slug":"la-corte-suprema-rechazo-un-planteo-del-grupo-clarin-por-inadmisible","status":"publish","type":"post","link":"https:\/\/www.24baires.com\/?p=8288","title":{"rendered":"La Corte Suprema rechaz\u00f3 un planteo del Grupo Clar\u00edn \u201cpor inadmisible\u201d"},"content":{"rendered":"<p><img data-recalc-dims=\"1\" loading=\"lazy\" decoding=\"async\" class=\"aligncenter size-full wp-image-7020\" title=\"tribunales\" src=\"https:\/\/i0.wp.com\/www.24baires.com\/wp-content\/uploads\/2012\/11\/tribunales.jpg?resize=560%2C237\" alt=\"\" width=\"560\" height=\"237\" srcset=\"https:\/\/i0.wp.com\/www.24baires.com\/wp-content\/uploads\/2012\/11\/tribunales.jpg?w=560&amp;ssl=1 560w, https:\/\/i0.wp.com\/www.24baires.com\/wp-content\/uploads\/2012\/11\/tribunales.jpg?resize=300%2C126&amp;ssl=1 300w\" sizes=\"auto, (max-width: 560px) 100vw, 560px\" \/><\/p>\n<p>Se trata de una presentaci\u00f3n que hizo la firma este viernes, para que el M\u00e1ximo Tribunal desestime \u201cin l\u00edmine\u201d el recurso extraordinario por salto de instancia que ese mismo d\u00eda interpusiera ante la Corte el Poder Ejecutivo.<!--more--><\/p>\n<p>La Corte Suprema de Justicia de la Naci\u00f3n desestim\u00f3 \u201cpor manifiestamente inadmisible\u201d un planteo que hizo este viernes Grupo Clar\u00edn SA, Arte RadioTelevisivo Argentino SA, Cablevisi\u00f3n SA, Multicanal SA, Radio Mitre SA y Teledigital Cable SA, para que el M\u00e1ximo Tribunal rechace \u201cin l\u00edmine\u201d el recurso extraordinario por salto de instancia que ese mismo d\u00eda presentara el Poder Ejecutivo, en el marco de una causa por la Ley de Servicios de Comunicaci\u00f3n Audiovisual.<\/p>\n","protected":false},"excerpt":{"rendered":"<p>Se trata de una presentaci\u00f3n que hizo la firma este viernes, para que el M\u00e1ximo Tribunal desestime \u201cin l\u00edmine\u201d el recurso extraordinario por salto de instancia que ese mismo d\u00eda interpusiera ante la Corte el Poder Ejecutivo.<\/p>\n","protected":false},"author":11,"featured_media":0,"comment_status":"open","ping_status":"open","sticky":false,"template":"","format":"standard","meta":{"_jetpack_newsletter_access":"","_jetpack_dont_email_post_to_subs":false,"_jetpack_newsletter_tier_id":0,"_jetpack_memberships_contains_paywalled_content":false,"_jetpack_memberships_contains_paid_content":false,"footnotes":""},"categories":[54],"tags":[],"class_list":["post-8288","post","type-post","status-publish","format-standard","hentry","category-medios"],"jetpack_featured_media_url":"","jetpack_shortlink":"https:\/\/wp.me\/p2JWE0-29G","jetpack-related-posts":[{"id":111161,"url":"https:\/\/www.24baires.com\/?p=111161","url_meta":{"origin":8288,"position":0},"title":"La Corte Suprema rechaz\u00f3 un planteo de Socma en una causa vinculada al Correo Argentino","author":"AF","date":"12\/07\/2019","format":false,"excerpt":"La empresa de la familia del Presidente deber\u00e1 pagar unos 1900 millones de pesos, m\u00e1s intereses, por una deuda correspondiente a un seguro. La Corte Suprema rechaz\u00f3 un planteo de SOCMA, empresa pilar del Grupo Macri, que se niega a pagar a una aseguradora una suma millonaria que correspond\u00eda al\u2026","rel":"","context":"En \u00abJUDICIALES\u00bb","block_context":{"text":"JUDICIALES","link":"https:\/\/www.24baires.com\/?cat=68"},"img":{"alt_text":"","src":"https:\/\/i0.wp.com\/www.24baires.com\/wp-content\/uploads\/2014\/10\/correo-argentino.jpg?resize=350%2C200","width":350,"height":200,"srcset":"https:\/\/i0.wp.com\/www.24baires.com\/wp-content\/uploads\/2014\/10\/correo-argentino.jpg?resize=350%2C200 1x, https:\/\/i0.wp.com\/www.24baires.com\/wp-content\/uploads\/2014\/10\/correo-argentino.jpg?resize=525%2C300 1.5x"},"classes":[]},{"id":4513,"url":"https:\/\/www.24baires.com\/?p=4513","url_meta":{"origin":8288,"position":1},"title":"Casaci\u00f3n rechaz\u00f3 un recurso de Clar\u00edn y La Naci\u00f3n por Papel Prensa","author":"Grupo Sierra","date":"05\/11\/2012","format":false,"excerpt":"La C\u00e1mara Federal de Casaci\u00f3n Penal rechaz\u00f3 un recurso de queja promovido por la defensa de H\u00e9ctor Magnetto y Bartolom\u00e9 Mitre contra el fallo que declar\u00f3 la competencia del juez federal Juli\u00e1n Ercolini. El fallo declara la competencia del magistrado para intervenir en la causa en la que se investiga\u2026","rel":"","context":"En \u00abMedios\u00bb","block_context":{"text":"Medios","link":"https:\/\/www.24baires.com\/?cat=54"},"img":{"alt_text":"","src":"","width":0,"height":0},"classes":[]},{"id":59349,"url":"https:\/\/www.24baires.com\/?p=59349","url_meta":{"origin":8288,"position":2},"title":"La Justicia rechaz\u00f3 el per saltum de la AFSCA para que Clar\u00edn se adec\u00fae","author":"GB","date":"30\/12\/2014","format":false,"excerpt":"El M\u00e1ximo Tribunal declar\u00f3 inadmisible el pedido presentado por la AFSCA en la causa por la adecuaci\u00f3n de oficio del Grupo Clar\u00edn, tal como lo inform\u00f3 la vocera de la Corte. La Corte Suprema rechaz\u00f3 este martes el pedido de per saltum formulado por la Administraci\u00f3n Federal de Servicios de\u2026","rel":"","context":"En \u00abMedios\u00bb","block_context":{"text":"Medios","link":"https:\/\/www.24baires.com\/?cat=54"},"img":{"alt_text":"corte","src":"https:\/\/i0.wp.com\/www.24baires.com\/wp-content\/uploads\/2014\/12\/corte.jpg?resize=350%2C200","width":350,"height":200,"srcset":"https:\/\/i0.wp.com\/www.24baires.com\/wp-content\/uploads\/2014\/12\/corte.jpg?resize=350%2C200 1x, https:\/\/i0.wp.com\/www.24baires.com\/wp-content\/uploads\/2014\/12\/corte.jpg?resize=525%2C300 1.5x"},"classes":[]},{"id":112229,"url":"https:\/\/www.24baires.com\/?p=112229","url_meta":{"origin":8288,"position":3},"title":"La Corte le puso una bomba electoral a Macri: el Gobierno deber\u00e1 decidir antes de octubre si acepta la oferta del Correo","author":"GB","date":"25\/09\/2019","format":false,"excerpt":"Con la excusa de una presunta \u201cgravedad institucional\u201d, la Procuraci\u00f3n, en nombre del Gobierno, hab\u00eda pedido al m\u00e1ximo tribunal suspender por no menos de 120 d\u00edas el plazo para expedirse por la deuda de $ 70 mil millones de la firma del Grupo Macri con el Estado. La respuesta fue\u2026","rel":"","context":"En \u00abPol\u00edtica\u00bb","block_context":{"text":"Pol\u00edtica","link":"https:\/\/www.24baires.com\/?cat=51"},"img":{"alt_text":"","src":"https:\/\/i0.wp.com\/www.24baires.com\/wp-content\/uploads\/2014\/10\/correo-argentino.jpg?resize=350%2C200","width":350,"height":200,"srcset":"https:\/\/i0.wp.com\/www.24baires.com\/wp-content\/uploads\/2014\/10\/correo-argentino.jpg?resize=350%2C200 1x, https:\/\/i0.wp.com\/www.24baires.com\/wp-content\/uploads\/2014\/10\/correo-argentino.jpg?resize=525%2C300 1.5x"},"classes":[]},{"id":62195,"url":"https:\/\/www.24baires.com\/?p=62195","url_meta":{"origin":8288,"position":4},"title":"Por decisi\u00f3n de la Corte, Cablevisi\u00f3n no pagar\u00e1 una multa de medio mill\u00f3n","author":"AF","date":"24\/02\/2015","format":false,"excerpt":"La multa por no brindar informaci\u00f3n sobre los contratos a los abonados hab\u00eda sido confirmada por la C\u00e1mara en lo Contencioso Administrativo Federal pero para los jueces del m\u00e1ximo tribunal del pa\u00eds la C\u00e1mara \"no dio una respuesta fundada a los planteos. La Corte Suprema de Justicia de la Naci\u00f3n\u2026","rel":"","context":"En \u00abJUDICIALES\u00bb","block_context":{"text":"JUDICIALES","link":"https:\/\/www.24baires.com\/?cat=68"},"img":{"alt_text":"cablevision","src":"https:\/\/i0.wp.com\/www.24baires.com\/wp-content\/uploads\/2012\/12\/cablevision.jpg?resize=350%2C200","width":350,"height":200,"srcset":"https:\/\/i0.wp.com\/www.24baires.com\/wp-content\/uploads\/2012\/12\/cablevision.jpg?resize=350%2C200 1x, https:\/\/i0.wp.com\/www.24baires.com\/wp-content\/uploads\/2012\/12\/cablevision.jpg?resize=525%2C300 1.5x"},"classes":[]},{"id":112972,"url":"https:\/\/www.24baires.com\/?p=112972","url_meta":{"origin":8288,"position":5},"title":"Etchecolatz cumplir\u00e1 su condena en la prisi\u00f3n","author":"AF","date":"12\/11\/2019","format":false,"excerpt":"La Corte Suprema de Justicia de la Naci\u00f3n defini\u00f3 que el genocida Miguel Osvaldo Etchecolatz cumplir\u00e1 su condena en la prisi\u00f3n y no en su casa como pretend\u00eda. En una acordada de hoy publicada en el sitio del Centro de Informaciones Judiciales se dio a conocer que desestim\u00f3 el recurso\u2026","rel":"","context":"En \u00abJUDICIALES\u00bb","block_context":{"text":"JUDICIALES","link":"https:\/\/www.24baires.com\/?cat=68"},"img":{"alt_text":"","src":"https:\/\/i0.wp.com\/www.24baires.com\/wp-content\/uploads\/2016\/08\/etchecolaz.jpg?resize=350%2C200","width":350,"height":200,"srcset":"https:\/\/i0.wp.com\/www.24baires.com\/wp-content\/uploads\/2016\/08\/etchecolaz.jpg?resize=350%2C200 1x, https:\/\/i0.wp.com\/www.24baires.com\/wp-content\/uploads\/2016\/08\/etchecolaz.jpg?resize=525%2C300 1.5x"},"classes":[]}],"jetpack_sharing_enabled":true,"jetpack_likes_enabled":true,"_links":{"self":[{"href":"https:\/\/www.24baires.com\/index.php?rest_route=\/wp\/v2\/posts\/8288","targetHints":{"allow":["GET"]}}],"collection":[{"href":"https:\/\/www.24baires.com\/index.php?rest_route=\/wp\/v2\/posts"}],"about":[{"href":"https:\/\/www.24baires.com\/index.php?rest_route=\/wp\/v2\/types\/post"}],"author":[{"embeddable":true,"href":"https:\/\/www.24baires.com\/index.php?rest_route=\/wp\/v2\/users\/11"}],"replies":[{"embeddable":true,"href":"https:\/\/www.24baires.com\/index.php?rest_route=%2Fwp%2Fv2%2Fcomments&post=8288"}],"version-history":[{"count":3,"href":"https:\/\/www.24baires.com\/index.php?rest_route=\/wp\/v2\/posts\/8288\/revisions"}],"predecessor-version":[{"id":8292,"href":"https:\/\/www.24baires.com\/index.php?rest_route=\/wp\/v2\/posts\/8288\/revisions\/8292"}],"wp:attachment":[{"href":"https:\/\/www.24baires.com\/index.php?rest_route=%2Fwp%2Fv2%2Fmedia&parent=8288"}],"wp:term":[{"taxonomy":"category","embeddable":true,"href":"https:\/\/www.24baires.com\/index.php?rest_route=%2Fwp%2Fv2%2Fcategories&post=8288"},{"taxonomy":"post_tag","embeddable":true,"href":"https:\/\/www.24baires.com\/index.php?rest_route=%2Fwp%2Fv2%2Ftags&post=8288"}],"curies":[{"name":"wp","href":"https:\/\/api.w.org\/{rel}","templated":true}]}}