{"id":8281,"date":"2012-12-07T16:36:57","date_gmt":"2012-12-07T19:36:57","guid":{"rendered":"http:\/\/www.24baires.com\/?p=8281"},"modified":"2012-12-07T16:36:57","modified_gmt":"2012-12-07T19:36:57","slug":"en-el-dia-del-gaucho-la-camara-de-diputados-de-la-nacion-reconocio-a-payadores-y-jinetes","status":"publish","type":"post","link":"https:\/\/www.24baires.com\/?p=8281","title":{"rendered":"En el D\u00eda del Gaucho, la C\u00e1mara de Diputados de la Naci\u00f3n reconoci\u00f3 a payadores y jinetes"},"content":{"rendered":"<p><img data-recalc-dims=\"1\" loading=\"lazy\" decoding=\"async\" class=\"aligncenter size-full wp-image-8282\" title=\"Dia del Gaucho\" src=\"https:\/\/i0.wp.com\/www.24baires.com\/wp-content\/uploads\/2012\/12\/Dia-del-Gaucho.jpg?resize=560%2C307\" alt=\"\" width=\"560\" height=\"307\" srcset=\"https:\/\/i0.wp.com\/www.24baires.com\/wp-content\/uploads\/2012\/12\/Dia-del-Gaucho.jpg?w=560&amp;ssl=1 560w, https:\/\/i0.wp.com\/www.24baires.com\/wp-content\/uploads\/2012\/12\/Dia-del-Gaucho.jpg?resize=300%2C164&amp;ssl=1 300w\" sizes=\"auto, (max-width: 560px) 100vw, 560px\" \/><\/p>\n<p>El presidente de la C\u00e1mara de Diputados de la Naci\u00f3n, Juli\u00e1n Dom\u00ednguez, destac\u00f3 esta tarde que \u201clos pueblos son grandes cuando tienen identidad y un pasado del cual sentirse orgullosos, y no hay futuro si no nos reconocemos en nuestras tradiciones\u201d, al encabezar los festejos por el D\u00eda Nacional del Gaucho realizados en el Sal\u00f3n de Honor de la C\u00e1mara baja.<!--more--><\/p>\n<p>En el acto se entregaron reconocimientos a medio centenar de payadores, apadrinadores, jinetes y artistas tradicionalistas \u201cpor su aporte a la cultura popular y su tarea de difusi\u00f3n de nuestra identidad nacional\u201d, as\u00ed como una copia de la resoluci\u00f3n que declara de inter\u00e9s de la C\u00e1mara de Diputados el festival de Jes\u00fas Mar\u00eda en C\u00f3rdoba.<\/p>\n<p>\u201cValorizamos a Jes\u00fas Mar\u00eda, y en Jes\u00fas Mar\u00eda a todos los festivales de la patria, porque son una muestra de nuestra cultura nacional y popular. Soy un fan\u00e1tico de estos festivales porque nos rencuentran con nuestras tradiciones y con lo que somos como patria\u201d, asegur\u00f3 Dom\u00ednguez, y record\u00f3 que \u201cdesde los ej\u00e9rcitos de San Mart\u00edn, el gaucho siempre fue constitutivo de nuestras luchas nacionales. Ellos hicieron la patria\u201d.<\/p>\n<p>Del encuentro participaron el presidente de la comisi\u00f3n organizadora del festival de doma y folclore de Jes\u00fas Mar\u00eda, Hugo Baldo, y los diputados nacionales Diana Conti, Andrea Garc\u00eda, Fabi\u00e1n Francioni y Juan Salim.<\/p>\n<p>El D\u00eda Nacional del Gaucho se celebra el 6 de diciembre dado que en esa fecha de 1872 apareci\u00f3 publicada la primera parte (\u201cLa ida\u201d) de la primera edici\u00f3n de \u00abEl gaucho Mart\u00edn Fierro\u00bb, escrito por Jos\u00e9 Hern\u00e1ndez.<\/p>\n","protected":false},"excerpt":{"rendered":"<p>El presidente de la C\u00e1mara de Diputados de la Naci\u00f3n, Juli\u00e1n Dom\u00ednguez, destac\u00f3 esta tarde que \u201clos pueblos son grandes cuando tienen identidad y un pasado del cual sentirse orgullosos, y no hay futuro si no nos reconocemos en nuestras tradiciones\u201d, al encabezar los festejos por el D\u00eda Nacional del Gaucho realizados en el Sal\u00f3n de Honor de la C\u00e1mara [&#8230;]<\/p>\n","protected":false},"author":11,"featured_media":0,"comment_status":"open","ping_status":"open","sticky":false,"template":"","format":"standard","meta":{"_jetpack_newsletter_access":"","_jetpack_dont_email_post_to_subs":false,"_jetpack_newsletter_tier_id":0,"_jetpack_memberships_contains_paywalled_content":false,"_jetpack_memberships_contains_paid_content":false,"footnotes":""},"categories":[1],"tags":[],"class_list":["post-8281","post","type-post","status-publish","format-standard","hentry","category-sociedad"],"jetpack_featured_media_url":"","jetpack_shortlink":"https:\/\/wp.me\/p2JWE0-29z","jetpack-related-posts":[{"id":7436,"url":"https:\/\/www.24baires.com\/?p=7436","url_meta":{"origin":8281,"position":0},"title":"Olavarr\u00eda se prepara para realizar el Festival de Doma y Folklore","author":"AF","date":"01\/12\/2012","format":false,"excerpt":"En este 2012, a\u00f1o en el que se festejan las diez ediciones de esta Fiesta Nacional, la organizaci\u00f3n est\u00e1 trabajando para renovar las presentaciones de los artistas y la Gran Jineteada, a fin de seguir brindando calidad en sus espect\u00e1culos. La d\u00e9cima edici\u00f3n se llevar\u00e1 a cabo desde el 5\u2026","rel":"","context":"En \u00abLocales\u00bb","block_context":{"text":"Locales","link":"https:\/\/www.24baires.com\/?cat=38"},"img":{"alt_text":"","src":"https:\/\/i0.wp.com\/www.24baires.com\/wp-content\/uploads\/2012\/12\/la-sole-300x199.jpg?resize=350%2C200","width":350,"height":200},"classes":[]},{"id":38404,"url":"https:\/\/www.24baires.com\/?p=38404","url_meta":{"origin":8281,"position":1},"title":"Falleci\u00f3 una yegua en Jes\u00fas Mar\u00eda y piden terminar con las jineteadas","author":"Grupo Sierra","date":"13\/01\/2014","format":false,"excerpt":"La abogada Andrea Heredia de Olazabal indic\u00f3 que present\u00f3 un amparo ante la Justicia para que no se realicen este tipo de espect\u00e1culos ya que \"legitiman la crueldad\" En la primera noche del Festival de Jes\u00fas Mar\u00eda en C\u00f3rdoba, falleci\u00f3 nuevamente una yegua en medio de la jineteada y esto\u2026","rel":"","context":"En \u00abSociedad\u00bb","block_context":{"text":"Sociedad","link":"https:\/\/www.24baires.com\/?cat=1"},"img":{"alt_text":"","src":"","width":0,"height":0},"classes":[]},{"id":36852,"url":"https:\/\/www.24baires.com\/?p=36852","url_meta":{"origin":8281,"position":2},"title":"Dolores a puro carnaval","author":"Grupo Sierra","date":"14\/12\/2013","format":false,"excerpt":"Con la ciudad llena de m\u00fasica y color, se presentaron el Carnaval y la Fiesta Nacional de la Guitarra 2014 Estos festivales se realizar\u00e1n durante los meses de Febrero y Marzo y contar\u00e1n con la participaci\u00f3n de importantes artistas nacionales y la tradicional elecci\u00f3n de la reina. A trav\u00e9s del\u2026","rel":"","context":"En \u00abLocales\u00bb","block_context":{"text":"Locales","link":"https:\/\/www.24baires.com\/?cat=38"},"img":{"alt_text":"","src":"","width":0,"height":0},"classes":[]},{"id":38548,"url":"https:\/\/www.24baires.com\/?p=38548","url_meta":{"origin":8281,"position":3},"title":"Jes\u00fas Mar\u00eda: los proteccionistas no paran y cortan la ruta 9","author":"Grupo Sierra","date":"15\/01\/2014","format":false,"excerpt":"Se realiz\u00f3 un corte parcial de la carretera que lleva a Jes\u00fas Mar\u00eda. Heredia de Olaz\u00e1bal critic\u00f3 el fallo del juez, quien dijo que no hay maltrato a los equinos. Los proteccionistas tomaron esta determinaci\u00f3n luego de que un juez considerara que los equinos no sufren procesos violentos en las\u2026","rel":"","context":"En \u00abLocales\u00bb","block_context":{"text":"Locales","link":"https:\/\/www.24baires.com\/?cat=38"},"img":{"alt_text":"jes\u00fas mar\u00eda","src":"https:\/\/i0.wp.com\/www.24baires.com\/wp-content\/uploads\/2014\/01\/jes%C3%BAs-mar%C3%ADa-300x165.jpg?resize=350%2C200","width":350,"height":200},"classes":[]},{"id":4917,"url":"https:\/\/www.24baires.com\/?p=4917","url_meta":{"origin":8281,"position":4},"title":"San Antonio de Areco contin\u00faa celebrando la 73\u00ba Fiesta de la Tradici\u00f3n","author":"AF","date":"10\/11\/2012","format":false,"excerpt":"La comunidad de San Antonio de Areco celebra hasta el 11 de noviembre la 73\u00b0 Fiesta de la Tradici\u00f3n, el festival criollo m\u00e1s antiguo del pa\u00eds que re\u00fane a turistas de todos los rincones de la Argentina. Declarado \u201cPoblado Hist\u00f3rico de Inter\u00e9s Nacional\u201d por la presidencia de la Naci\u00f3n ,\u2026","rel":"","context":"En \u00abLocales\u00bb","block_context":{"text":"Locales","link":"https:\/\/www.24baires.com\/?cat=38"},"img":{"alt_text":"","src":"","width":0,"height":0},"classes":[]},{"id":32222,"url":"https:\/\/www.24baires.com\/?p=32222","url_meta":{"origin":8281,"position":5},"title":"Ya comenz\u00f3 la Peregrinaci\u00f3n Gaucha a Luj\u00e1n","author":"AF","date":"21\/09\/2013","format":false,"excerpt":"De cara a la pr\u00f3xima convocatoria tradicionalista, el martes pasado cinco gauchos a caballos partieron de Tandil, en tanto que ayer hicieron lo propio 15 jinetes desde Olavarr\u00eda. Por su parte, el Municipio inici\u00f3 un trabajo conjunto con el Senasa y las fuerzas de seguridad para garantizar controles a las\u2026","rel":"","context":"En \u00abSociedad\u00bb","block_context":{"text":"Sociedad","link":"https:\/\/www.24baires.com\/?cat=1"},"img":{"alt_text":"","src":"","width":0,"height":0},"classes":[]}],"jetpack_sharing_enabled":true,"jetpack_likes_enabled":true,"_links":{"self":[{"href":"https:\/\/www.24baires.com\/index.php?rest_route=\/wp\/v2\/posts\/8281","targetHints":{"allow":["GET"]}}],"collection":[{"href":"https:\/\/www.24baires.com\/index.php?rest_route=\/wp\/v2\/posts"}],"about":[{"href":"https:\/\/www.24baires.com\/index.php?rest_route=\/wp\/v2\/types\/post"}],"author":[{"embeddable":true,"href":"https:\/\/www.24baires.com\/index.php?rest_route=\/wp\/v2\/users\/11"}],"replies":[{"embeddable":true,"href":"https:\/\/www.24baires.com\/index.php?rest_route=%2Fwp%2Fv2%2Fcomments&post=8281"}],"version-history":[{"count":2,"href":"https:\/\/www.24baires.com\/index.php?rest_route=\/wp\/v2\/posts\/8281\/revisions"}],"predecessor-version":[{"id":8284,"href":"https:\/\/www.24baires.com\/index.php?rest_route=\/wp\/v2\/posts\/8281\/revisions\/8284"}],"wp:attachment":[{"href":"https:\/\/www.24baires.com\/index.php?rest_route=%2Fwp%2Fv2%2Fmedia&parent=8281"}],"wp:term":[{"taxonomy":"category","embeddable":true,"href":"https:\/\/www.24baires.com\/index.php?rest_route=%2Fwp%2Fv2%2Fcategories&post=8281"},{"taxonomy":"post_tag","embeddable":true,"href":"https:\/\/www.24baires.com\/index.php?rest_route=%2Fwp%2Fv2%2Ftags&post=8281"}],"curies":[{"name":"wp","href":"https:\/\/api.w.org\/{rel}","templated":true}]}}