{"id":8261,"date":"2012-12-07T14:45:34","date_gmt":"2012-12-07T17:45:34","guid":{"rendered":"http:\/\/www.24baires.com\/?p=8261"},"modified":"2012-12-07T13:43:54","modified_gmt":"2012-12-07T16:43:54","slug":"mirta-petrocini-si-el-lunes-no-hay-una-solucion-el-ciclo-lectivo-2013-no-comienza","status":"publish","type":"post","link":"https:\/\/www.24baires.com\/?p=8261","title":{"rendered":"Mirta Petrocini: \u201cSi el lunes no hay una soluci\u00f3n, el ciclo lectivo 2013 no comienza\u201d"},"content":{"rendered":"<p><strong><img data-recalc-dims=\"1\" loading=\"lazy\" decoding=\"async\" class=\"alignleft size-medium wp-image-8262\" title=\"Petrocini-FEB\" src=\"https:\/\/i0.wp.com\/www.24baires.com\/wp-content\/uploads\/2012\/12\/Petrocini-FEB.jpg?resize=300%2C162\" alt=\"\" width=\"300\" height=\"162\" srcset=\"https:\/\/i0.wp.com\/www.24baires.com\/wp-content\/uploads\/2012\/12\/Petrocini-FEB.jpg?resize=300%2C162&amp;ssl=1 300w, https:\/\/i0.wp.com\/www.24baires.com\/wp-content\/uploads\/2012\/12\/Petrocini-FEB.jpg?w=466&amp;ssl=1 466w\" sizes=\"auto, (max-width: 300px) 100vw, 300px\" \/>LA PLATA &#8211;<\/strong> As\u00ed lo asegur\u00f3 la titular de la <strong>Federaci\u00f3n de Educadores Bonaerenses (FEB)<\/strong>, luego de que el gobernador Scioli convoque a los gremios docentes a una reuni\u00f3n para el pr\u00f3ximo lunes. Calific\u00f3 los descuentos de \u201caberrantes\u201d y que la intenci\u00f3n es, de todos modos, reabrir el di\u00e1logo con el gobierno provincial.<!--more--><\/p>\n<p>La presidenta de la FEB, Mirta Petrocini asegur\u00f3 que \u201cson aberrantes\u201d los descuentos que est\u00e1n recibiendo cerca los docentes en sus haberes y que espera que el lunes \u201chaya una respuesta a todos los reclamos de los maestros\u201d.<br \/>\nEn di\u00e1logo con 24 baires, la gremialista reiter\u00f3 que \u201cal d\u00eda que nos encontramos hoy que es la fecha de cobro, realmente son aberrantes los descuentos discriminatorios que se est\u00e1n recibiendo. Vamos a ir a esa reuni\u00f3n intentando reabrir el di\u00e1logo\u201d.<\/p>\n<p>\u201cCon di\u00e1logo solo esto no puede avanzar, tiene que haber en esa reuni\u00f3n una decisi\u00f3n favorable a solucionar todos los problemas del sector docente de manera inmediata, revertir la situaci\u00f3n y dar curso a lo que dictamin\u00f3 el juez (Luis Arias), ya que al d\u00eda de hoy hay descuentos realizados de forma masiva y discriminatoria\u201d, se quej\u00f3 Petrocini.<\/p>\n<p>\u201cPretendemos que se revierta esa situaci\u00f3n, que el d\u00eda 14 se liquiden todos los descuentos que se han efectivizado y que las respuestas el pr\u00f3ximo lunes sean en t\u00e9rminos de soluci\u00f3n para toda la problem\u00e1tica que estamos viviendo. Sobre todo est\u00e1 atacando a un aspecto fundamental, que es el tema del salario\u201d, prosigui\u00f3 la dirigente del Frente Gremial.<\/p>\n<p>Por \u00faltimo, interrogada sobre la posibilidad de no encontrar una respuesta favorable a las demandas del sector una vez finalizado el encuentro con el mandatario provincial, Petrocini se\u00f1al\u00f3 que \u201cnosotros estamos analizando las medidas a seguir. En estas condiciones, en esta situaci\u00f3n y con esta sucesi\u00f3n de pr\u00e1cticas y de da\u00f1os semejantes que estamos sufriendo los docentes, el ciclo lectivo 2013, obviamente, no va a comenzar\u201d, advirti\u00f3 la dirigente gremial.<\/p>\n","protected":false},"excerpt":{"rendered":"<p>LA PLATA &#8211; As\u00ed lo asegur\u00f3 la titular de la Federaci\u00f3n de Educadores Bonaerenses (FEB), luego de que el gobernador Scioli convoque a los gremios docentes a una reuni\u00f3n para el pr\u00f3ximo lunes. Calific\u00f3 los descuentos de \u201caberrantes\u201d y que la intenci\u00f3n es, de todos modos, reabrir el di\u00e1logo con el gobierno provincial.<\/p>\n","protected":false},"author":11,"featured_media":0,"comment_status":"open","ping_status":"open","sticky":false,"template":"","format":"standard","meta":{"_jetpack_newsletter_access":"","_jetpack_dont_email_post_to_subs":false,"_jetpack_newsletter_tier_id":0,"_jetpack_memberships_contains_paywalled_content":false,"_jetpack_memberships_contains_paid_content":false,"footnotes":""},"categories":[40],"tags":[],"class_list":["post-8261","post","type-post","status-publish","format-standard","hentry","category-provincia"],"jetpack_featured_media_url":"","jetpack_shortlink":"https:\/\/wp.me\/p2JWE0-29f","jetpack-related-posts":[{"id":101399,"url":"https:\/\/www.24baires.com\/?p=101399","url_meta":{"origin":8261,"position":0},"title":"Docentes van a la Justicia para evitar descuentos por paros","author":"AF","date":"03\/04\/2018","format":false,"excerpt":"Los gremios de maestros mayoritarios bonaerenses, Suteba y FEB, presentaron una medida cautelar ante el juzgado de trabajo Nro. 4 de La Plata con el fin de que el Gobierno provincial \"se abstenga de realizar ning\u00fan descuento sobre los haberes de los docentes\" por los d\u00edas 5 y 6 de\u2026","rel":"","context":"En \u00abSociedad\u00bb","block_context":{"text":"Sociedad","link":"https:\/\/www.24baires.com\/?cat=1"},"img":{"alt_text":"","src":"https:\/\/i0.wp.com\/www.24baires.com\/wp-content\/uploads\/2017\/03\/marcha-federal-docente.jpg?resize=350%2C200","width":350,"height":200,"srcset":"https:\/\/i0.wp.com\/www.24baires.com\/wp-content\/uploads\/2017\/03\/marcha-federal-docente.jpg?resize=350%2C200 1x, https:\/\/i0.wp.com\/www.24baires.com\/wp-content\/uploads\/2017\/03\/marcha-federal-docente.jpg?resize=525%2C300 1.5x"},"classes":[]},{"id":103570,"url":"https:\/\/www.24baires.com\/?p=103570","url_meta":{"origin":8261,"position":1},"title":"En medio del conflicto, Vidal adelant\u00f3 el salario a docentes","author":"AF","date":"27\/07\/2018","format":false,"excerpt":"El Gobierno provincial adelant\u00f3 unos 10 d\u00edas el pago de los salarios a los docentes bonaerenses en el marco del conflicto paritario y hay malestar entre los gremios que calificaron la medida de \"disciplinatoria\" y consideraron que busca desactivar el paro. Es que de acuerdo al cronograma, los salarios docentes\u2026","rel":"","context":"En \u00abSociedad\u00bb","block_context":{"text":"Sociedad","link":"https:\/\/www.24baires.com\/?cat=1"},"img":{"alt_text":"","src":"https:\/\/i0.wp.com\/www.24baires.com\/wp-content\/uploads\/2018\/03\/vidal-1.jpg?resize=350%2C200","width":350,"height":200,"srcset":"https:\/\/i0.wp.com\/www.24baires.com\/wp-content\/uploads\/2018\/03\/vidal-1.jpg?resize=350%2C200 1x, https:\/\/i0.wp.com\/www.24baires.com\/wp-content\/uploads\/2018\/03\/vidal-1.jpg?resize=525%2C300 1.5x"},"classes":[]},{"id":8530,"url":"https:\/\/www.24baires.com\/?p=8530","url_meta":{"origin":8261,"position":2},"title":"Scioli se re\u00fane con el frente gremial docente","author":"AF","date":"10\/12\/2012","format":false,"excerpt":"El encuentro est\u00e1 previsto para la ma\u00f1ana de este lunes en el marco de un clima de tensi\u00f3n por los descuentos que efectiviz\u00f3 la Direcci\u00f3n de Cultura y Educaci\u00f3n que conduce Nora de Luc\u00eda. Se espera que adem\u00e1s se traten las demandas del Frente en lo que respecta a las\u2026","rel":"","context":"En \u00abSociedad\u00bb","block_context":{"text":"Sociedad","link":"https:\/\/www.24baires.com\/?cat=1"},"img":{"alt_text":"","src":"","width":0,"height":0},"classes":[]},{"id":95153,"url":"https:\/\/www.24baires.com\/?p=95153","url_meta":{"origin":8261,"position":3},"title":"Docentes rechazaron la propuesta y har\u00e1n paro este mi\u00e9rcoles","author":"GB","date":"12\/06\/2017","format":false,"excerpt":"Mirta Petrocini, titular de la FEB, anunci\u00f3 la medida de fuerza. Ser\u00e1 por 24 horas y es en repudio a la oferta salarial que hizo el gobierno de Vidal esta noche. Con esta propuesta, un docente que reci\u00e9n se inicia estar\u00e1 llegando en octubre a 11.800 pesos, afirm\u00f3. Los gremios\u2026","rel":"","context":"En \u00abPol\u00edtica\u00bb","block_context":{"text":"Pol\u00edtica","link":"https:\/\/www.24baires.com\/?cat=51"},"img":{"alt_text":"","src":"https:\/\/i0.wp.com\/www.24baires.com\/wp-content\/uploads\/2015\/04\/marcha-docentes.jpg?resize=350%2C200","width":350,"height":200,"srcset":"https:\/\/i0.wp.com\/www.24baires.com\/wp-content\/uploads\/2015\/04\/marcha-docentes.jpg?resize=350%2C200 1x, https:\/\/i0.wp.com\/www.24baires.com\/wp-content\/uploads\/2015\/04\/marcha-docentes.jpg?resize=525%2C300 1.5x"},"classes":[]},{"id":102976,"url":"https:\/\/www.24baires.com\/?p=102976","url_meta":{"origin":8261,"position":4},"title":"Docentes bonaerenses manifestaron su malestar tras 65 d\u00edas sin discusi\u00f3n salarial","author":"AF","date":"25\/06\/2018","format":false,"excerpt":"En medio de la adhesi\u00f3n al paro general, los docentes bonaerenses volvieron a manifestar el malestar por la falta de convocatoria del Gobierno, a 65 d\u00edas de la \u00faltima reuni\u00f3n. \"Hace 65 d\u00edas que no tenemos ning\u00fan tipo de convocatoria. Hemos hecho visible esta falta de respuestas, sobre todo esta\u2026","rel":"","context":"En \u00abSociedad\u00bb","block_context":{"text":"Sociedad","link":"https:\/\/www.24baires.com\/?cat=1"},"img":{"alt_text":"","src":"https:\/\/i0.wp.com\/www.24baires.com\/wp-content\/uploads\/2014\/03\/petrocini.jpg?resize=350%2C200","width":350,"height":200,"srcset":"https:\/\/i0.wp.com\/www.24baires.com\/wp-content\/uploads\/2014\/03\/petrocini.jpg?resize=350%2C200 1x, https:\/\/i0.wp.com\/www.24baires.com\/wp-content\/uploads\/2014\/03\/petrocini.jpg?resize=525%2C300 1.5x"},"classes":[]},{"id":114308,"url":"https:\/\/www.24baires.com\/?p=114308","url_meta":{"origin":8261,"position":5},"title":"La FEB reclam\u00f3 a Kicillof que reabra la paritaria docente","author":"GB","date":"05\/03\/2020","format":false,"excerpt":"El gremio que conduce Mirta Petrocini, y que rechaz\u00f3 la oferta del Gobierno bonaerense, se present\u00f3 ante el Ministerio de Trabajo con el reclamo. La Federaci\u00f3n de Educadores Bonaerenses (FEB), el gremio que conduce Mirta Petrocini, reclam\u00f3 a instancias del Ministerio de Trabajo la reapertura de la paritaria docente, clausurada\u2026","rel":"","context":"En \u00abProvincia\u00bb","block_context":{"text":"Provincia","link":"https:\/\/www.24baires.com\/?cat=40"},"img":{"alt_text":"","src":"https:\/\/i0.wp.com\/www.24baires.com\/wp-content\/uploads\/2014\/02\/docentes-bonaerenses.jpg?resize=350%2C200","width":350,"height":200,"srcset":"https:\/\/i0.wp.com\/www.24baires.com\/wp-content\/uploads\/2014\/02\/docentes-bonaerenses.jpg?resize=350%2C200 1x, https:\/\/i0.wp.com\/www.24baires.com\/wp-content\/uploads\/2014\/02\/docentes-bonaerenses.jpg?resize=525%2C300 1.5x"},"classes":[]}],"jetpack_sharing_enabled":true,"jetpack_likes_enabled":true,"_links":{"self":[{"href":"https:\/\/www.24baires.com\/index.php?rest_route=\/wp\/v2\/posts\/8261","targetHints":{"allow":["GET"]}}],"collection":[{"href":"https:\/\/www.24baires.com\/index.php?rest_route=\/wp\/v2\/posts"}],"about":[{"href":"https:\/\/www.24baires.com\/index.php?rest_route=\/wp\/v2\/types\/post"}],"author":[{"embeddable":true,"href":"https:\/\/www.24baires.com\/index.php?rest_route=\/wp\/v2\/users\/11"}],"replies":[{"embeddable":true,"href":"https:\/\/www.24baires.com\/index.php?rest_route=%2Fwp%2Fv2%2Fcomments&post=8261"}],"version-history":[{"count":3,"href":"https:\/\/www.24baires.com\/index.php?rest_route=\/wp\/v2\/posts\/8261\/revisions"}],"predecessor-version":[{"id":8272,"href":"https:\/\/www.24baires.com\/index.php?rest_route=\/wp\/v2\/posts\/8261\/revisions\/8272"}],"wp:attachment":[{"href":"https:\/\/www.24baires.com\/index.php?rest_route=%2Fwp%2Fv2%2Fmedia&parent=8261"}],"wp:term":[{"taxonomy":"category","embeddable":true,"href":"https:\/\/www.24baires.com\/index.php?rest_route=%2Fwp%2Fv2%2Fcategories&post=8261"},{"taxonomy":"post_tag","embeddable":true,"href":"https:\/\/www.24baires.com\/index.php?rest_route=%2Fwp%2Fv2%2Ftags&post=8261"}],"curies":[{"name":"wp","href":"https:\/\/api.w.org\/{rel}","templated":true}]}}