{"id":8241,"date":"2012-12-07T12:45:12","date_gmt":"2012-12-07T15:45:12","guid":{"rendered":"http:\/\/www.24baires.com\/?p=8241"},"modified":"2012-12-07T11:11:48","modified_gmt":"2012-12-07T14:11:48","slug":"en-argentina-mas-de-tres-millones-de-personas-buscan-conocer-su-verdadera-identidad","status":"publish","type":"post","link":"https:\/\/www.24baires.com\/?p=8241","title":{"rendered":"En Argentina, m\u00e1s de tres millones de personas buscan conocer su verdadera identidad"},"content":{"rendered":"<p><img data-recalc-dims=\"1\" loading=\"lazy\" decoding=\"async\" class=\"alignleft size-full wp-image-8242\" title=\"identidad\" src=\"https:\/\/i0.wp.com\/www.24baires.com\/wp-content\/uploads\/2012\/12\/identidad.jpg?resize=260%2C156\" alt=\"\" width=\"260\" height=\"156\" \/>Fueron adoptados de forma ilegal y reclaman herramientas que garanticen el derecho a la identidad. Existe una ley promulgada en la Ciudad de Buenos Aires y dos proyectos en Provincia y Naci\u00f3n, pero a\u00fan no hay legislaci\u00f3n vigente que pueda asistirlos.<!--more--><br \/>\nM\u00e1s de tres millones de personas buscan saber su verdadera identidad biol\u00f3gica tras enterarse de que fueron apropiados, seg\u00fan lo afirma el presidente de la agrupaci\u00f3n \u201c\u00bfQui\u00e9nes Somos?\u201d, una ONG que intenta encontrar mediante la v\u00eda legal una salida a la problem\u00e1tica.<\/p>\n<p>\u201cDesde hace a\u00f1os la agrupaci\u00f3n viene denunciando que cerca del 10 por ciento de la poblaci\u00f3n no conoce su verdadera identidad de origen\u201d, explic\u00f3 Luis Verdina, el creador de \u201c\u00bfQui\u00e9nes Somos?\u201d bas\u00e1ndose en los relevamientos realizados por la ONG.<\/p>\n<p>Verdina sufri\u00f3 su propia historia de b\u00fasqueda de identidad y eso lo motiv\u00f3 a ser un activista de la causa. La agrupaci\u00f3n en diez a\u00f1os ya recuper\u00f3 el origen de 120 personas pero explican que desde la creaci\u00f3n de la entidad \u201chay m\u00e1s de 27.000 mails con personas que buscan saber qui\u00e9nes son\u201d.<br \/>\nSus fundadores resaltan que las leyes vigentes \u201cfacilitan la b\u00fasqueda de datos para los nacidos durante el per\u00edodo de la dictadura militar\u201d pero sienten un \u201cvac\u00edo legal e institucional para los que fueron criados por familias que no respetaron un marco legal de adopci\u00f3n\u201d, es decir para personas apropiadas o v\u00edctimas del tr\u00e1fico de personas.<\/p>\n<p>\u201cNo hay una sola ventanilla o instituci\u00f3n estatal que tome debida nota de nuestras causas e investigue entonces las personas se ven obligadas a iniciar las b\u00fasquedas solas, una tarea casi imposible de realizar\u201d, enunci\u00f3 Verdina.<\/p>\n<p>La b\u00fasqueda sin herramientas legales encierra complejidad. As\u00ed, es que quienes buscan datos de su familia biol\u00f3gica se ven obligados a medios alternativos, como las redes sociales o programas de televisi\u00f3n.<\/p>\n<p>\u201cLas personas desesperadas inician su propia b\u00fasqueda y es imposible sin infraestructura adecuada\u201d, dijo en ese sentido el director de la organizaci\u00f3n. \u201cLas redes sociales permiten una visibilizaci\u00f3n del tema pero a la vez implica una exposici\u00f3n de datos muy sensibles que pueden perjudicar al interesado o a terceros y que puede generar un da\u00f1o desde lo psicol\u00f3gico hasta lo f\u00edsico como ocurri\u00f3 en algunos casos\u201d, agreg\u00f3.<\/p>\n<p>La legislaci\u00f3n no est\u00e1 lejos pero a\u00fan falta para que sea una realidad. En la Ciudad de Buenos Aires se sancion\u00f3 en el a\u00f1o 2006 la ley 2.202, que permite el acceso a la informaci\u00f3n existente en los archivos de hospitales por parte de quien resulte interesado, pero nunca fue reglamentada una vez que el macrismo lleg\u00f3 al gobierno.<\/p>\n<p><strong>LOS PASOS QUE A\u00daN RESTAN PARA ALCANZAR LA LEGISLACI\u00d3N<\/strong><\/p>\n<p>\u201cEn diciembre de 2007 asumi\u00f3 Mauricio Macri y nunca se reglament\u00f3 y dio cumplimiento. Hasta el d\u00eda de la fecha decimos que la ley 2.202 est\u00e1 pero a\u00fan no se puede aplicar y eso es un escollo\u201d, explic\u00f3 la socia fundadora de la ONG, Mar\u00eda Rosa Pallone.<\/p>\n<p>Por otro lado, en 2011 otro proyecto similar que propone garantizar la b\u00fasqueda de datos recibi\u00f3 media sanci\u00f3n en la C\u00e1mara de Diputados de la provincia de Buenos Aires y ahora deber\u00e1 ser tratado en el Senado.<\/p>\n<p>Maricel Ecthecoin, diputada con mandato cumplido y autora del proyecto, explic\u00f3 a T\u00e9lam c\u00f3mo surgi\u00f3 la iniciativa y dijo que \u201cm\u00e1s all\u00e1 de la dictadura, hubo adopciones ilegales, gente que no puede conocer realmente cu\u00e1ndo o c\u00f3mo naci\u00f3, si sus padres son sus verdaderos padres y que deben tener acceso a la verdadera identidad y para eso hace falta crear una base de datos\u201d.<\/p>\n<p>El proyecto no s\u00f3lo supone la apertura de registros en libros de partos o entrada de hospitales sino la creaci\u00f3n de un organismo que recopile todos los datos hasta el momento y que sancione a toda persona que contravenga lo que la ley proh\u00edbe u omitiendo lo que ordena, impidiendo a otro el cumplimiento de sus preceptos.<\/p>\n<p>La problem\u00e1tica de no poder acceder al origen repercute directamente en un derecho personal\u00edsimo como lo es el derecho a la identidad reconocido en la Constituci\u00f3n Nacional; en la Convenci\u00f3n sobre los Derechos del Ni\u00f1o; en la Convenci\u00f3n Americana sobre Derechos Humanos, y seg\u00fan Etchecoin \u201ces obligaci\u00f3n del Estado garantizar las herramientas necesarias para que todos ser humano pueda conocer su identidad\u201d.<\/p>\n<p>En cuanto al \u00e1mbito nacional, en septiembre de este a\u00f1o la Uni\u00f3n C\u00edvica Radical (UCR) present\u00f3 en el Senado el proyecto 3339\/12 donde se solicita \u201cel libre acceso a toda informaci\u00f3n relativa a la propia identidad biol\u00f3gica\u201d.<\/p>\n<p>La iniciativa toma el mismo concepto que la ley 2.202 y que el proyecto provincial; remarca que las personas que presuman que su identidad ha sido suprimida pueden acceder, libre y gratuitamente, a toda documentaci\u00f3n en hospitales o cl\u00ednicas, p\u00fablicas o privadas de todo el pa\u00eds y en los Registros del Estado Civil y Capacidad de las Personas.<\/p>\n<p>La idea, tanto de la agrupaci\u00f3n como de los legisladores involucrados en los proyectos es que pueda sentarse un precedente al futuro ya que \u201cla naturalizaci\u00f3n de las apropiaciones llevan a invisibilizar el problema cada vez m\u00e1s\u201d, como lo resumi\u00f3 Verdina.<\/p>\n<p>\u201cTodas las constituciones le dan derecho a la verdadera identidad de origen, todos los tratados dicen que es un derecho\u201d, argument\u00f3 una vez m\u00e1s Pallone y concluy\u00f3: \u201cLa idea es que nadie tenga que acudir a una ONG nunca m\u00e1s, que la persona que tiene dudas, vaya y pueda acceder a los datos. No queremos hacer pol\u00edtica, solo recuperar nuestro derecho\u201d.<\/p>\n","protected":false},"excerpt":{"rendered":"<p>Fueron adoptados de forma ilegal y reclaman herramientas que garanticen el derecho a la identidad. Existe una ley promulgada en la Ciudad de Buenos Aires y dos proyectos en Provincia y Naci\u00f3n, pero a\u00fan no hay legislaci\u00f3n vigente que pueda asistirlos.<\/p>\n","protected":false},"author":4,"featured_media":0,"comment_status":"open","ping_status":"open","sticky":false,"template":"","format":"standard","meta":{"_jetpack_newsletter_access":"","_jetpack_dont_email_post_to_subs":false,"_jetpack_newsletter_tier_id":0,"_jetpack_memberships_contains_paywalled_content":false,"_jetpack_memberships_contains_paid_content":false,"footnotes":""},"categories":[1],"tags":[],"class_list":["post-8241","post","type-post","status-publish","format-standard","hentry","category-sociedad"],"jetpack_featured_media_url":"","jetpack_shortlink":"https:\/\/wp.me\/p2JWE0-28V","jetpack-related-posts":[{"id":98375,"url":"https:\/\/www.24baires.com\/?p=98375","url_meta":{"origin":8241,"position":0},"title":"Abuelas de Plaza de Mayo anunci\u00f3 que encontr\u00f3 a la nieta 125","author":"GB","date":"27\/10\/2017","format":false,"excerpt":"Este jueves dieron a conocer que la comprobaci\u00f3n de identidad de la nieta recupera n\u00famero 125. Siguen en la b\u00fasqueda de los beb\u00e9s robados durante la \u00faltima dictadura militar. La organizaci\u00f3n Abuelas de Plaza de Mayo, dedicada a la b\u00fasqueda de beb\u00e9s robados durante la \u00faltima dictadura argentina, dio a\u2026","rel":"","context":"En \u00abMemoria\u00bb","block_context":{"text":"Memoria","link":"https:\/\/www.24baires.com\/?cat=50"},"img":{"alt_text":"","src":"https:\/\/i0.wp.com\/www.24baires.com\/wp-content\/uploads\/2017\/10\/nieto-125.jpg?resize=350%2C200","width":350,"height":200,"srcset":"https:\/\/i0.wp.com\/www.24baires.com\/wp-content\/uploads\/2017\/10\/nieto-125.jpg?resize=350%2C200 1x, https:\/\/i0.wp.com\/www.24baires.com\/wp-content\/uploads\/2017\/10\/nieto-125.jpg?resize=525%2C300 1.5x"},"classes":[]},{"id":45444,"url":"https:\/\/www.24baires.com\/?p=45444","url_meta":{"origin":8241,"position":1},"title":"Cristina destac\u00f3 el uso de Facebook para \u00abconectarse con la gente en tiempo real\u00bb","author":"Grupo Sierra","date":"06\/05\/2014","format":false,"excerpt":"Una gran usuaria de redes sociales como lo es la presidenta, ten\u00eda que destacar su utilidad para generar comunicaci\u00f3n institucional. Hoy encabez\u00f3 la inauguraci\u00f3n en Puerto Madero de las oficinas en el pa\u00eds de la red social m\u00e1s importante del planeta. Adem\u00e1s, destac\u00f3 la expansi\u00f3n en el pa\u00eds de esa\u2026","rel":"","context":"En \u00abGeneral\u00bb","block_context":{"text":"General","link":"https:\/\/www.24baires.com\/?cat=67"},"img":{"alt_text":"cristina facebook","src":"https:\/\/i0.wp.com\/www.24baires.com\/wp-content\/uploads\/2014\/05\/cristina-facebook.jpg?resize=350%2C200","width":350,"height":200,"srcset":"https:\/\/i0.wp.com\/www.24baires.com\/wp-content\/uploads\/2014\/05\/cristina-facebook.jpg?resize=350%2C200 1x, https:\/\/i0.wp.com\/www.24baires.com\/wp-content\/uploads\/2014\/05\/cristina-facebook.jpg?resize=525%2C300 1.5x"},"classes":[]},{"id":51557,"url":"https:\/\/www.24baires.com\/?p=51557","url_meta":{"origin":8241,"position":2},"title":"Cabandi\u00e9: \u00abMuchos nietos buscan su identidad impulsados por la pol\u00edtica de DDHH\u00bb","author":"Grupo Sierra","date":"10\/08\/2014","format":false,"excerpt":"El diputado nacional del Frente para la Victoria (FPV) por la ciudad de Buenos Aires y nieto recuperado, Juan Cabandi\u00e9, consider\u00f3 que la pol\u00edtica de derechos humanos desarrollada por el kirchnerismo desde 2003 \u201cinfluye much\u00edsimo para que los nietos busquen sus verdaderas identidades\u201d. \u201cDesde 2003, la recuperaci\u00f3n de la identidad\u2026","rel":"","context":"En \u00abMemoria\u00bb","block_context":{"text":"Memoria","link":"https:\/\/www.24baires.com\/?cat=50"},"img":{"alt_text":"cabandi\u00e9","src":"https:\/\/i0.wp.com\/www.24baires.com\/wp-content\/uploads\/2013\/10\/cabandi%C3%A9.jpg?resize=350%2C200","width":350,"height":200,"srcset":"https:\/\/i0.wp.com\/www.24baires.com\/wp-content\/uploads\/2013\/10\/cabandi%C3%A9.jpg?resize=350%2C200 1x, https:\/\/i0.wp.com\/www.24baires.com\/wp-content\/uploads\/2013\/10\/cabandi%C3%A9.jpg?resize=525%2C300 1.5x"},"classes":[]},{"id":57574,"url":"https:\/\/www.24baires.com\/?p=57574","url_meta":{"origin":8241,"position":3},"title":"Surge en Mar del Plata \u00abIdentidad Federal\u00bb, en apoyo a la candidatura de Randazzo","author":"AF","date":"23\/11\/2014","format":false,"excerpt":"En la ciudad de Mar del Plata se constituy\u00f3 la agrupaci\u00f3n \u201cIdentidad Federal\u201d la cual apoya la candidatura a Presidente 2015 del actual Ministro del Interior y Transporte, Florencio Randazzo. La conducci\u00f3n a nivel nacional est\u00e1 a cargo de Patricia Hermida, mientras que en la Provincia de Buenos Aires lo\u2026","rel":"","context":"En \u00abLocales\u00bb","block_context":{"text":"Locales","link":"https:\/\/www.24baires.com\/?cat=38"},"img":{"alt_text":"","src":"","width":0,"height":0},"classes":[]},{"id":52329,"url":"https:\/\/www.24baires.com\/?p=52329","url_meta":{"origin":8241,"position":4},"title":"Nietos recuperados manifestaron su alegr\u00eda por la nieta 115","author":"AF","date":"23\/08\/2014","format":false,"excerpt":"Se trata del hallazgo de Ana Libertad, la hija de los militantes H\u00e9ctor Carlos Beratti y Elena De la Cuadra, que es a su vez nieta de la primera presidenta de Abuelas de Plaza de Mayo, Alicia \u201cLicha\u201d Zubasnabar de De la Cuadra. El diputado nacional y nieto recuperado Horacio\u2026","rel":"","context":"En \u00abMemoria\u00bb","block_context":{"text":"Memoria","link":"https:\/\/www.24baires.com\/?cat=50"},"img":{"alt_text":"","src":"","width":0,"height":0},"classes":[]},{"id":49496,"url":"https:\/\/www.24baires.com\/?p=49496","url_meta":{"origin":8241,"position":5},"title":"Mar del Plata: el complejo Sobremonte pagar\u00e1 5 millones de pesos a la AFIP para levantar la clausura","author":"GB","date":"08\/07\/2014","format":false,"excerpt":"Tras 116 d\u00edas de clausura preventiva ininterrumpida dispuesta por la AFIP sobre el complejo bailable Sobremonte, los verdaderos due\u00f1os del multiespacio marplatense asumieron formalmente su responsabilidad sobre la explotaci\u00f3n del lugar, y conformaron una nueva sociedad an\u00f3nima. Ahora deber\u00e1n abonar un ajuste por los impuestos evadidos de aproximadamente 5 millones\u2026","rel":"","context":"En \u00abEconom\u00eda\u00bb","block_context":{"text":"Econom\u00eda","link":"https:\/\/www.24baires.com\/?cat=45"},"img":{"alt_text":"sobremonto","src":"https:\/\/i0.wp.com\/www.24baires.com\/wp-content\/uploads\/2014\/05\/sobremonto.jpg?resize=350%2C200","width":350,"height":200,"srcset":"https:\/\/i0.wp.com\/www.24baires.com\/wp-content\/uploads\/2014\/05\/sobremonto.jpg?resize=350%2C200 1x, https:\/\/i0.wp.com\/www.24baires.com\/wp-content\/uploads\/2014\/05\/sobremonto.jpg?resize=525%2C300 1.5x"},"classes":[]}],"jetpack_sharing_enabled":true,"jetpack_likes_enabled":true,"_links":{"self":[{"href":"https:\/\/www.24baires.com\/index.php?rest_route=\/wp\/v2\/posts\/8241","targetHints":{"allow":["GET"]}}],"collection":[{"href":"https:\/\/www.24baires.com\/index.php?rest_route=\/wp\/v2\/posts"}],"about":[{"href":"https:\/\/www.24baires.com\/index.php?rest_route=\/wp\/v2\/types\/post"}],"author":[{"embeddable":true,"href":"https:\/\/www.24baires.com\/index.php?rest_route=\/wp\/v2\/users\/4"}],"replies":[{"embeddable":true,"href":"https:\/\/www.24baires.com\/index.php?rest_route=%2Fwp%2Fv2%2Fcomments&post=8241"}],"version-history":[{"count":2,"href":"https:\/\/www.24baires.com\/index.php?rest_route=\/wp\/v2\/posts\/8241\/revisions"}],"predecessor-version":[{"id":8244,"href":"https:\/\/www.24baires.com\/index.php?rest_route=\/wp\/v2\/posts\/8241\/revisions\/8244"}],"wp:attachment":[{"href":"https:\/\/www.24baires.com\/index.php?rest_route=%2Fwp%2Fv2%2Fmedia&parent=8241"}],"wp:term":[{"taxonomy":"category","embeddable":true,"href":"https:\/\/www.24baires.com\/index.php?rest_route=%2Fwp%2Fv2%2Fcategories&post=8241"},{"taxonomy":"post_tag","embeddable":true,"href":"https:\/\/www.24baires.com\/index.php?rest_route=%2Fwp%2Fv2%2Ftags&post=8241"}],"curies":[{"name":"wp","href":"https:\/\/api.w.org\/{rel}","templated":true}]}}