{"id":82405,"date":"2016-05-06T20:00:05","date_gmt":"2016-05-06T23:00:05","guid":{"rendered":"http:\/\/www.24baires.com\/?p=82405"},"modified":"2016-05-06T19:13:22","modified_gmt":"2016-05-06T22:13:22","slug":"otra-vez-la-nacion-pide-la-excarcelacion-de-represores","status":"publish","type":"post","link":"https:\/\/www.24baires.com\/?p=82405","title":{"rendered":"Otra vez La Naci\u00f3n pide la excarcelaci\u00f3n de represores"},"content":{"rendered":"<p><img data-recalc-dims=\"1\" loading=\"lazy\" decoding=\"async\" src=\"https:\/\/i0.wp.com\/www.24baires.com\/wp-content\/uploads\/2016\/05\/editorial-la-nacion.jpg?resize=560%2C342\" alt=\"editorial la nacion\" width=\"560\" height=\"342\" class=\"aligncenter size-full wp-image-82406\" srcset=\"https:\/\/i0.wp.com\/www.24baires.com\/wp-content\/uploads\/2016\/05\/editorial-la-nacion.jpg?w=560&amp;ssl=1 560w, https:\/\/i0.wp.com\/www.24baires.com\/wp-content\/uploads\/2016\/05\/editorial-la-nacion.jpg?resize=300%2C183&amp;ssl=1 300w\" sizes=\"auto, (max-width: 560px) 100vw, 560px\" \/>El diario volvi\u00f3 a insistir en su pedido por la liberaci\u00f3n de aquellos militares que permanecen con prisi\u00f3n preventiva desde hace a\u00f1os.<br \/>\n<!--more--><\/p>\n<p>Este viernes diario La Naci\u00f3n volvi\u00f3 a insistir al pedir en un editorial por la excarcelaci\u00f3n de aquellos genocidas que actuaron en la \u00faltima dictadura c\u00edvico militar: \u00abDebe ponerse fin a la contradicci\u00f3n entre la defensa de los derechos humanos y el irregular tratamiento para muchos detenidos sin condena\u00bb, reza el art\u00edculo publicado bajo el t\u00edtulo \u00abOtra deuda del Estado argentino\u00bb.<\/p>\n<p>En el editorial, que no fue firmado por ning\u00fan periodista, se asegura que \u00aben las \u00faltimas semanas, a ra\u00edz de los juicios en los que se investigan delitos de lesa humanidad, 112 personas con prisi\u00f3n preventiva, muchos de ellos adultos mayores, enfermos, enviaron peticiones de medidas cautelares a la Comisi\u00f3n Interamericana de Derechos Humanos (CIDH) para que cesen los tratos crueles y degradantes a los cuales muchos de ellos denuncian ser sometidos en las c\u00e1rceles desde hace a\u00f1os\u00bb.<\/p>\n<p>En este sentido, agrega que \u00abel prop\u00f3sito de las denuncias ante la CIDH es que el Estado argentino se ponga a derecho y les conceda la prisi\u00f3n domiciliaria o las excarcelaciones por exceso en los plazos de prisi\u00f3n preventiva; es un trato no s\u00f3lo acorde a su edad, sino tambi\u00e9n a la necesidad de acceder a los centros de salud para tratar sus dolencias\u00bb, al tiempo que agrega que \u00abla avanzada edad de los solicitantes urgidos por obtener respuestas\u00bb por parte del Estado.<\/p>\n<p>\u00abLos argumentos de la petici\u00f3n y de la solicitud de medidas cautelares que se han presentado son concordantes con lo que fijan los instrumentos internacionales y se basan en los informes de la CIDH y en la jurisprudencia de la Corte Interamericana\u00bb, concluyen en el nuevo art\u00edculo en el que el peri\u00f3dico vuelve a insistir por la excarcelaci\u00f3n de los genocidas.<\/p>\n","protected":false},"excerpt":{"rendered":"<p>El diario volvi\u00f3 a insistir en su pedido por la liberaci\u00f3n de aquellos militares que permanecen con prisi\u00f3n preventiva desde hace a\u00f1os.<\/p>\n","protected":false},"author":8,"featured_media":0,"comment_status":"open","ping_status":"open","sticky":false,"template":"","format":"standard","meta":{"_jetpack_newsletter_access":"","_jetpack_dont_email_post_to_subs":false,"_jetpack_newsletter_tier_id":0,"_jetpack_memberships_contains_paywalled_content":false,"_jetpack_memberships_contains_paid_content":false,"footnotes":""},"categories":[54,50],"tags":[],"class_list":["post-82405","post","type-post","status-publish","format-standard","hentry","category-medios","category-memoria"],"jetpack_featured_media_url":"","jetpack_shortlink":"https:\/\/wp.me\/p2JWE0-lr7","jetpack-related-posts":[{"id":114519,"url":"https:\/\/www.24baires.com\/?p=114519","url_meta":{"origin":82405,"position":0},"title":"Rechazan otorgar prisi\u00f3n domiciliaria al represor Etchecolatz por la pandemia","author":"GB","date":"26\/03\/2020","format":false,"excerpt":"La decisi\u00f3n fue del Tribunal Oral Federal 6 que rechaz\u00f3 el planteo, con argumentos similares a los que ya se utilizaron para denegar pedidos de domiciliaria y excarcelaci\u00f3n de otros condenados. Un tribunal oral rechaz\u00f3 conceder la prisi\u00f3n domiciliaria al condenado represor Miguel Etchecolatz, cuya defensa pidi\u00f3 el beneficio con\u2026","rel":"","context":"En \u00abMemoria\u00bb","block_context":{"text":"Memoria","link":"https:\/\/www.24baires.com\/?cat=50"},"img":{"alt_text":"","src":"https:\/\/i0.wp.com\/www.24baires.com\/wp-content\/uploads\/2016\/08\/etchecolaz.jpg?resize=350%2C200","width":350,"height":200,"srcset":"https:\/\/i0.wp.com\/www.24baires.com\/wp-content\/uploads\/2016\/08\/etchecolaz.jpg?resize=350%2C200 1x, https:\/\/i0.wp.com\/www.24baires.com\/wp-content\/uploads\/2016\/08\/etchecolaz.jpg?resize=525%2C300 1.5x"},"classes":[]},{"id":105938,"url":"https:\/\/www.24baires.com\/?p=105938","url_meta":{"origin":82405,"position":1},"title":"Tras la liberaci\u00f3n de Boudou, L\u00e1zaro B\u00e1ez pidi\u00f3 su excarcelaci\u00f3n","author":"GB","date":"14\/12\/2018","format":false,"excerpt":"El empresario se encuentra detenido desde mediados de 2016. Tras la liberaci\u00f3n de Amado Boudou de la c\u00e1rcel de Ezeiza, el empresario L\u00e1zaro B\u00e1ez, detenido en el marco de la denominada \"ruta del dinero k\" solicit\u00f3 su excarcelaci\u00f3n ante la Justicia. Actualmente, B\u00e1ez est\u00e1 siendo investigado en juicio oral y\u2026","rel":"","context":"En \u00abJUDICIALES\u00bb","block_context":{"text":"JUDICIALES","link":"https:\/\/www.24baires.com\/?cat=68"},"img":{"alt_text":"","src":"https:\/\/i0.wp.com\/www.24baires.com\/wp-content\/uploads\/2016\/04\/lazaro-baez.jpg?resize=350%2C200","width":350,"height":200,"srcset":"https:\/\/i0.wp.com\/www.24baires.com\/wp-content\/uploads\/2016\/04\/lazaro-baez.jpg?resize=350%2C200 1x, https:\/\/i0.wp.com\/www.24baires.com\/wp-content\/uploads\/2016\/04\/lazaro-baez.jpg?resize=525%2C300 1.5x"},"classes":[]},{"id":106975,"url":"https:\/\/www.24baires.com\/?p=106975","url_meta":{"origin":82405,"position":2},"title":"Otorgan la excarcelaci\u00f3n extraordinaria a los tres detenidos por el abuso a la menor","author":"GB","date":"25\/02\/2019","format":false,"excerpt":"MIRAMAR-A pesar de la disposici\u00f3n del magistrado, los acusados permanecer\u00e1n en prisi\u00f3n hasta que la C\u00e1mara de Apelaciones se expida. Un juez de Garant\u00edas de Mar del Plata otorg\u00f3 la excarcelaci\u00f3n extraordinaria a tres de los acusados que permanecen detenidos por el abuso sexual de una adolescente de 14 a\u00f1os\u2026","rel":"","context":"En \u00abPoliciales\u00bb","block_context":{"text":"Policiales","link":"https:\/\/www.24baires.com\/?cat=49"},"img":{"alt_text":"","src":"https:\/\/i0.wp.com\/www.24baires.com\/wp-content\/uploads\/2019\/01\/camping-durazno-300x200.jpg?resize=350%2C200","width":350,"height":200},"classes":[]},{"id":116825,"url":"https:\/\/www.24baires.com\/?p=116825","url_meta":{"origin":82405,"position":3},"title":"Rechazaron la excarcelaci\u00f3n de Federico Sasso","author":"GB","date":"04\/12\/2020","format":false,"excerpt":"El Tribunal Oral N\u00ba 1 consider\u00f3 \"escaso\" el tiempo que el joven lleva detenido en la c\u00e1rcel de Bat\u00e1n La Justicia rechaz\u00f3 este jueves la excarcelaci\u00f3n de Federico Sasso, el joven que atropell\u00f3 y mat\u00f3 a Luc\u00eda Bernaola (14) en la costa, y seguir\u00e1 detenido en la c\u00e1rcel de Bat\u00e1n.\u2026","rel":"","context":"En \u00abPoliciales\u00bb","block_context":{"text":"Policiales","link":"https:\/\/www.24baires.com\/?cat=49"},"img":{"alt_text":"","src":"https:\/\/i0.wp.com\/www.24baires.com\/wp-content\/uploads\/2019\/03\/JUICIO-LUC%C3%8DA-BERNAOLA-FEDERICO-SASSO-.jpg?resize=350%2C200","width":350,"height":200,"srcset":"https:\/\/i0.wp.com\/www.24baires.com\/wp-content\/uploads\/2019\/03\/JUICIO-LUC%C3%8DA-BERNAOLA-FEDERICO-SASSO-.jpg?resize=350%2C200 1x, https:\/\/i0.wp.com\/www.24baires.com\/wp-content\/uploads\/2019\/03\/JUICIO-LUC%C3%8DA-BERNAOLA-FEDERICO-SASSO-.jpg?resize=525%2C300 1.5x"},"classes":[]},{"id":101807,"url":"https:\/\/www.24baires.com\/?p=101807","url_meta":{"origin":82405,"position":4},"title":"Otra vez Mar del Plata: dictan prisi\u00f3n domiciliaria a un represor del Pozo de Banfield","author":"GB","date":"25\/04\/2018","format":false,"excerpt":"Juan Miguel Wolk, conocido como \"El Nazi\", fue beneficiado por el TOF 1 de La Plata. Otro represor beneficiado, otro genocida que podr\u00e1 disfrutar de la comodidad de su casa. El Tribunal Oral en lo Federal 1 de La Plata otorg\u00f3 la prisi\u00f3n domiciliaria a Juan Miguel \u201cEl Nazi\u201d Wolk,\u2026","rel":"","context":"En \u00abMemoria\u00bb","block_context":{"text":"Memoria","link":"https:\/\/www.24baires.com\/?cat=50"},"img":{"alt_text":"","src":"https:\/\/i0.wp.com\/www.24baires.com\/wp-content\/uploads\/2018\/04\/miguel-wolk.jpg?resize=350%2C200","width":350,"height":200,"srcset":"https:\/\/i0.wp.com\/www.24baires.com\/wp-content\/uploads\/2018\/04\/miguel-wolk.jpg?resize=350%2C200 1x, https:\/\/i0.wp.com\/www.24baires.com\/wp-content\/uploads\/2018\/04\/miguel-wolk.jpg?resize=525%2C300 1.5x"},"classes":[]},{"id":10709,"url":"https:\/\/www.24baires.com\/?p=10709","url_meta":{"origin":82405,"position":5},"title":"Rechazan la excarcelaci\u00f3n de la periodista Estefan\u00eda Heit","author":"Grupo Sierra","date":"28\/12\/2012","format":false,"excerpt":"La jueza de Garant\u00edas 1 de Bah\u00eda Blanca, Gilda Sthempelet, rechaz\u00f3 el pedido de excarcelaci\u00f3n de la periodista Estefan\u00eda Heit, que se encuentra detenida acusada de haber reducido a la servidumbre a una mujer en su casa de Coronel Su\u00e1rez. Igualmente, evaluar\u00eda morigerarle la prisi\u00f3n preventiva para que pueda cumplirla\u2026","rel":"","context":"En \u00abPoliciales\u00bb","block_context":{"text":"Policiales","link":"https:\/\/www.24baires.com\/?cat=49"},"img":{"alt_text":"heit","src":"https:\/\/i0.wp.com\/www.24baires.com\/wp-content\/uploads\/2012\/11\/heit1-300x219.jpg?resize=350%2C200","width":350,"height":200},"classes":[]}],"jetpack_sharing_enabled":true,"jetpack_likes_enabled":true,"_links":{"self":[{"href":"https:\/\/www.24baires.com\/index.php?rest_route=\/wp\/v2\/posts\/82405","targetHints":{"allow":["GET"]}}],"collection":[{"href":"https:\/\/www.24baires.com\/index.php?rest_route=\/wp\/v2\/posts"}],"about":[{"href":"https:\/\/www.24baires.com\/index.php?rest_route=\/wp\/v2\/types\/post"}],"author":[{"embeddable":true,"href":"https:\/\/www.24baires.com\/index.php?rest_route=\/wp\/v2\/users\/8"}],"replies":[{"embeddable":true,"href":"https:\/\/www.24baires.com\/index.php?rest_route=%2Fwp%2Fv2%2Fcomments&post=82405"}],"version-history":[{"count":1,"href":"https:\/\/www.24baires.com\/index.php?rest_route=\/wp\/v2\/posts\/82405\/revisions"}],"predecessor-version":[{"id":82407,"href":"https:\/\/www.24baires.com\/index.php?rest_route=\/wp\/v2\/posts\/82405\/revisions\/82407"}],"wp:attachment":[{"href":"https:\/\/www.24baires.com\/index.php?rest_route=%2Fwp%2Fv2%2Fmedia&parent=82405"}],"wp:term":[{"taxonomy":"category","embeddable":true,"href":"https:\/\/www.24baires.com\/index.php?rest_route=%2Fwp%2Fv2%2Fcategories&post=82405"},{"taxonomy":"post_tag","embeddable":true,"href":"https:\/\/www.24baires.com\/index.php?rest_route=%2Fwp%2Fv2%2Ftags&post=82405"}],"curies":[{"name":"wp","href":"https:\/\/api.w.org\/{rel}","templated":true}]}}