{"id":8235,"date":"2012-12-07T10:55:41","date_gmt":"2012-12-07T13:55:41","guid":{"rendered":"http:\/\/www.24baires.com\/?p=8235"},"modified":"2012-12-08T12:05:20","modified_gmt":"2012-12-08T15:05:20","slug":"scioli-se-reunira-con-gremios-docentes-para-reabrir-el-dialogo","status":"publish","type":"post","link":"https:\/\/www.24baires.com\/?p=8235","title":{"rendered":"Scioli se reunir\u00e1 con gremios docentes para reabrir el di\u00e1logo"},"content":{"rendered":"<p><img data-recalc-dims=\"1\" loading=\"lazy\" decoding=\"async\" class=\"aligncenter size-full wp-image-8236\" title=\"scioli docentes\" src=\"https:\/\/i0.wp.com\/www.24baires.com\/wp-content\/uploads\/2012\/12\/scioli-docentes.jpg?resize=560%2C209\" alt=\"\" width=\"560\" height=\"209\" srcset=\"https:\/\/i0.wp.com\/www.24baires.com\/wp-content\/uploads\/2012\/12\/scioli-docentes.jpg?w=560&amp;ssl=1 560w, https:\/\/i0.wp.com\/www.24baires.com\/wp-content\/uploads\/2012\/12\/scioli-docentes.jpg?resize=300%2C111&amp;ssl=1 300w\" sizes=\"auto, (max-width: 560px) 100vw, 560px\" \/><\/p>\n<p>El gobernador Daniel Scioli convoc\u00f3 a los gremios docentes a una reuni\u00f3n que, en principio, se realizar\u00e1 el pr\u00f3ximo lunes a las 11,30. El objetivo del mandatario provincial es propiciar en ese encuentro \u201cla apertura de una mesa de balance del a\u00f1o y de an\u00e1lisis de temas de discusi\u00f3n\u201d.<!--more--><\/p>\n<p>M\u00e1s all\u00e1 de la cautela de las fuentes para definir el contenido de la reuni\u00f3n, en \u00e1mbitos de la Gobernaci\u00f3n se indic\u00f3 que Scioli buscar\u00e1 con este encuentro reabrir el di\u00e1logo con el sector, cortado de hecho en las \u00faltimas semanas y luego de que los gremios realizaran cuatro jornadas de paro y el conflicto alcanzara tensi\u00f3n e intensidad, con fuertes cr\u00edticas y acusaciones cruzadas entre los dirigentes sindicales y ministros.<\/p>\n<p>De esa manera, tras la reuni\u00f3n que presidir\u00e1 Scioli el lunes con los dirigentes del Frente Gremial Docente -que conforman, entre otras organizaciones, Suteba, Feb y Sadop- podr\u00edan reabrirse las negociaciones en las comisiones del sector -sobre cuestiones salariales \u201caccesorias\u201d, condiciones laborales y salud- que se hab\u00edan iniciado en setiembre.<\/p>\n<p>Pero adem\u00e1s, formar\u00e1 parte del \u201cclima\u201d de la reuni\u00f3n la pr\u00f3xima negociaci\u00f3n estrictamente salarial, esto es, la referida a la determinaci\u00f3n del aumento de sueldos que se fijar\u00e1 para el 2013, y que deber\u00e1 ser discutida durante el verano, de modo que est\u00e9 definida para el comienzo del nuevo ciclo lectivo, fijado para el 25 de febrero.<\/p>\n<p>Como se ha venido informando, las reuniones entre funcionarios y sindicalistas quedaron \u201csuspendidas\u201d cuando el Frente Gremial decidi\u00f3 realizar dos jornadas de paros, de 48 horas cada una, concretadas a fines de octubre y a mediados de noviembre.<\/p>\n<p>La falta de avances y respuestas en las comisiones, y atrasos \u201cde meses\u201d en el pago de sueldos a \u201cmiles de docentes\u201d suplentes, fueron las razones centrales de las medidas de fuerza.<\/p>\n<p>En el marco de los paros, por lo dem\u00e1s, se intensificaron los cruces cr\u00edticos entre funcionarios y gremialistas, mientras que la Feb resolvi\u00f3 ir a la Justicia contra el descuento de los d\u00edas de paro.<\/p>\n","protected":false},"excerpt":{"rendered":"<p>El gobernador Daniel Scioli convoc\u00f3 a los gremios docentes a una reuni\u00f3n que, en principio, se realizar\u00e1 el pr\u00f3ximo lunes a las 11,30. El objetivo del mandatario provincial es propiciar en ese encuentro \u201cla apertura de una mesa de balance del a\u00f1o y de an\u00e1lisis de temas de discusi\u00f3n\u201d.<\/p>\n","protected":false},"author":4,"featured_media":0,"comment_status":"open","ping_status":"open","sticky":false,"template":"","format":"standard","meta":{"_jetpack_newsletter_access":"","_jetpack_dont_email_post_to_subs":false,"_jetpack_newsletter_tier_id":0,"_jetpack_memberships_contains_paywalled_content":false,"_jetpack_memberships_contains_paid_content":false,"footnotes":""},"categories":[1],"tags":[],"class_list":["post-8235","post","type-post","status-publish","format-standard","hentry","category-sociedad"],"jetpack_featured_media_url":"","jetpack_shortlink":"https:\/\/wp.me\/p2JWE0-28P","jetpack-related-posts":[{"id":8261,"url":"https:\/\/www.24baires.com\/?p=8261","url_meta":{"origin":8235,"position":0},"title":"Mirta Petrocini: \u201cSi el lunes no hay una soluci\u00f3n, el ciclo lectivo 2013 no comienza\u201d","author":"Grupo Sierra","date":"07\/12\/2012","format":false,"excerpt":"LA PLATA - As\u00ed lo asegur\u00f3 la titular de la Federaci\u00f3n de Educadores Bonaerenses (FEB), luego de que el gobernador Scioli convoque a los gremios docentes a una reuni\u00f3n para el pr\u00f3ximo lunes. Calific\u00f3 los descuentos de \u201caberrantes\u201d y que la intenci\u00f3n es, de todos modos, reabrir el di\u00e1logo con\u2026","rel":"","context":"En \u00abProvincia\u00bb","block_context":{"text":"Provincia","link":"https:\/\/www.24baires.com\/?cat=40"},"img":{"alt_text":"","src":"https:\/\/i0.wp.com\/www.24baires.com\/wp-content\/uploads\/2012\/12\/Petrocini-FEB-300x162.jpg?resize=350%2C200","width":350,"height":200},"classes":[]},{"id":100804,"url":"https:\/\/www.24baires.com\/?p=100804","url_meta":{"origin":8235,"position":1},"title":"Vidal abre las sesiones ordinarias con el conflicto docente en puerta","author":"GB","date":"01\/03\/2018","format":false,"excerpt":"Una vez m\u00e1s, la mandataria vuelve al Congreso en una disputa con los gremios docentes. En su discurso del a\u00f1o pasado puso como eje central a la educaci\u00f3n La gobernadora de la provincia de Buenos Aires, Mar\u00eda Eugenia Vidal, abrir\u00e1 las sesiones legislativas ordinarias de este a\u00f1o y brindar\u00e1 el\u2026","rel":"","context":"En \u00abProvincia\u00bb","block_context":{"text":"Provincia","link":"https:\/\/www.24baires.com\/?cat=40"},"img":{"alt_text":"","src":"https:\/\/i0.wp.com\/www.24baires.com\/wp-content\/uploads\/2018\/01\/vidal-anuncios.jpg?resize=350%2C200","width":350,"height":200,"srcset":"https:\/\/i0.wp.com\/www.24baires.com\/wp-content\/uploads\/2018\/01\/vidal-anuncios.jpg?resize=350%2C200 1x, https:\/\/i0.wp.com\/www.24baires.com\/wp-content\/uploads\/2018\/01\/vidal-anuncios.jpg?resize=525%2C300 1.5x"},"classes":[]},{"id":19513,"url":"https:\/\/www.24baires.com\/?p=19513","url_meta":{"origin":8235,"position":2},"title":"Scioli ratific\u00f3 que no mejorar\u00e1 la oferta a los docentes","author":"Grupo Sierra","date":"27\/03\/2013","format":false,"excerpt":"Al finalizar el encuentro con el Frente Gremial, el mandatario provincial brind\u00f3 una conferencia de prensa en la sede de la Direcci\u00f3n General de Cultura y Educaci\u00f3n. Asegur\u00f3 que la reuni\u00f3n fue para reflexionar, Sin embargo, los docentes advierten que \u201cel plan de lucha sigue en pie, hasta tanto el\u2026","rel":"","context":"En \u00abProvincia\u00bb","block_context":{"text":"Provincia","link":"https:\/\/www.24baires.com\/?cat=40"},"img":{"alt_text":"scioli_docentes_270313_2_ef_70368","src":"https:\/\/i0.wp.com\/www.24baires.com\/wp-content\/uploads\/2013\/03\/scioli_docentes_270313_2_ef_70368.jpg?resize=350%2C200","width":350,"height":200,"srcset":"https:\/\/i0.wp.com\/www.24baires.com\/wp-content\/uploads\/2013\/03\/scioli_docentes_270313_2_ef_70368.jpg?resize=350%2C200 1x, https:\/\/i0.wp.com\/www.24baires.com\/wp-content\/uploads\/2013\/03\/scioli_docentes_270313_2_ef_70368.jpg?resize=525%2C300 1.5x"},"classes":[]},{"id":56468,"url":"https:\/\/www.24baires.com\/?p=56468","url_meta":{"origin":8235,"position":3},"title":"Provincia recibe este martes a docentes","author":"AF","date":"03\/11\/2014","format":false,"excerpt":"El Gobierno bonaerense recibir\u00e1 esta semana a los gremios docentes de la provincia para tratar temas de la \u201cagenda educativa\u201d, aunque sin la intenci\u00f3n de abordar la cuesti\u00f3n salarial. La reuni\u00f3n que ser\u00e1 encabezada por los principales funcionarios del Gobierno de Daniel Scioli se realizar\u00e1 este martes y buscar\u00e1 destrabar\u2026","rel":"","context":"En \u00abSociedad\u00bb","block_context":{"text":"Sociedad","link":"https:\/\/www.24baires.com\/?cat=1"},"img":{"alt_text":"Nora-de-Lucia","src":"https:\/\/i0.wp.com\/www.24baires.com\/wp-content\/uploads\/2014\/01\/Nora-de-Lucia.jpg?resize=350%2C200","width":350,"height":200,"srcset":"https:\/\/i0.wp.com\/www.24baires.com\/wp-content\/uploads\/2014\/01\/Nora-de-Lucia.jpg?resize=350%2C200 1x, https:\/\/i0.wp.com\/www.24baires.com\/wp-content\/uploads\/2014\/01\/Nora-de-Lucia.jpg?resize=525%2C300 1.5x"},"classes":[]},{"id":116308,"url":"https:\/\/www.24baires.com\/?p=116308","url_meta":{"origin":8235,"position":4},"title":"Provincia reabre la paritaria con los docentes","author":"GB","date":"24\/09\/2020","format":false,"excerpt":"Los gremios docentes ser\u00e1n recibidos por la Provincia este jueves para comenzar a desandar la negociaci\u00f3n salarial. Este jueves los docentes bonaerenses comenzar\u00e1n a seguir de cerca la paritaria salarial que comienza entre el Gobierno y los gremios. El mi\u00e9rcoles hubo negociaci\u00f3n con los estatales, pero la Provincia no realiz\u00f3\u2026","rel":"","context":"En \u00abProvincia\u00bb","block_context":{"text":"Provincia","link":"https:\/\/www.24baires.com\/?cat=40"},"img":{"alt_text":"","src":"https:\/\/i0.wp.com\/www.24baires.com\/wp-content\/uploads\/2019\/11\/docentes-bonaerenses.jpg?resize=350%2C200","width":350,"height":200,"srcset":"https:\/\/i0.wp.com\/www.24baires.com\/wp-content\/uploads\/2019\/11\/docentes-bonaerenses.jpg?resize=350%2C200 1x, https:\/\/i0.wp.com\/www.24baires.com\/wp-content\/uploads\/2019\/11\/docentes-bonaerenses.jpg?resize=525%2C300 1.5x"},"classes":[]},{"id":17509,"url":"https:\/\/www.24baires.com\/?p=17509","url_meta":{"origin":8235,"position":5},"title":"Scioli dijo que har\u00e1n \u00ablo posible\u00bb para alcanzar el 22% de aumento para Docentes","author":"AF","date":"05\/03\/2013","format":false,"excerpt":"El gobernador Daniel Scioli afirm\u00f3 este martes que su gobierno har\u00e1 \"lo posible para poder alcanzar el 22 por ciento\" fijado en el plano nacional para la paritaria docente y precis\u00f3 que la nueva propuesta a los representantes gremiales se concretar\u00e1 \"en la pr\u00f3xima reuni\u00f3n\". En ese sentido, el gobernador\u2026","rel":"","context":"En \u00abSociedad\u00bb","block_context":{"text":"Sociedad","link":"https:\/\/www.24baires.com\/?cat=1"},"img":{"alt_text":"","src":"","width":0,"height":0},"classes":[]}],"jetpack_sharing_enabled":true,"jetpack_likes_enabled":true,"_links":{"self":[{"href":"https:\/\/www.24baires.com\/index.php?rest_route=\/wp\/v2\/posts\/8235","targetHints":{"allow":["GET"]}}],"collection":[{"href":"https:\/\/www.24baires.com\/index.php?rest_route=\/wp\/v2\/posts"}],"about":[{"href":"https:\/\/www.24baires.com\/index.php?rest_route=\/wp\/v2\/types\/post"}],"author":[{"embeddable":true,"href":"https:\/\/www.24baires.com\/index.php?rest_route=\/wp\/v2\/users\/4"}],"replies":[{"embeddable":true,"href":"https:\/\/www.24baires.com\/index.php?rest_route=%2Fwp%2Fv2%2Fcomments&post=8235"}],"version-history":[{"count":3,"href":"https:\/\/www.24baires.com\/index.php?rest_route=\/wp\/v2\/posts\/8235\/revisions"}],"predecessor-version":[{"id":8238,"href":"https:\/\/www.24baires.com\/index.php?rest_route=\/wp\/v2\/posts\/8235\/revisions\/8238"}],"wp:attachment":[{"href":"https:\/\/www.24baires.com\/index.php?rest_route=%2Fwp%2Fv2%2Fmedia&parent=8235"}],"wp:term":[{"taxonomy":"category","embeddable":true,"href":"https:\/\/www.24baires.com\/index.php?rest_route=%2Fwp%2Fv2%2Fcategories&post=8235"},{"taxonomy":"post_tag","embeddable":true,"href":"https:\/\/www.24baires.com\/index.php?rest_route=%2Fwp%2Fv2%2Ftags&post=8235"}],"curies":[{"name":"wp","href":"https:\/\/api.w.org\/{rel}","templated":true}]}}