{"id":8231,"date":"2012-12-07T12:12:28","date_gmt":"2012-12-07T15:12:28","guid":{"rendered":"http:\/\/www.24baires.com\/?p=8231"},"modified":"2012-12-07T10:49:38","modified_gmt":"2012-12-07T13:49:38","slug":"avanz-ala-creacion-de-una-base-de-datos-espaciales","status":"publish","type":"post","link":"https:\/\/www.24baires.com\/?p=8231","title":{"rendered":"Avanza la creaci\u00f3n de una base de datos espaciales"},"content":{"rendered":"<p>Finaliz\u00f3 la jornada de capacitaci\u00f3n a cargo del Instituto Provincial de la Administraci\u00f3n P\u00fablica (IPAP). El objetivo es compatibilizar herramientas y tecnolog\u00edas con municipios y ministerios.<!--more--><br \/>\nLa Provincia concluy\u00f3 la jornada de capacitaci\u00f3n de \u201cInfraestructura de datos espaciales\u201d organizado por el IPAP (Instituto Provincial de la Administraci\u00f3n P\u00fablica). Se desarroll\u00f3 en el edificio Bicentenario de UPCN de La Plata y se trabaj\u00f3 de manera interdisciplinaria con representantes de las \u00e1reas de educaci\u00f3n, salud, etc.<\/p>\n<p>El Subsecretario de Gobierno de la provincia, Daniel Guastavino, explic\u00f3 que \u201cla idea de esta oficina de datos espaciales es que pueda coordinar el trabajo de distintos ministerios y generar una base \u00fanica, centralizada que permita tomar decisiones con m\u00e1s rapidez\u201d.<\/p>\n<p>\u201cEs necesario que la informaci\u00f3n sea compatible, que en cada \u00e1rea haya un profesional que conozco de la materia y maneje la informaci\u00f3n y la tecnolog\u00eda\u201d, en estas cuestiones se bas\u00f3 la jornada de hoy con m\u00e1s de 100 inscriptos.<\/p>\n<p>Explic\u00f3 que \u201cuno de los temas centrales es que se pueda compatibilizar las herramientas y la tecnolog\u00eda que cada municipio y ministerios ya que los desarrollos se suele hacer en forma aislada\u201d.<\/p>\n","protected":false},"excerpt":{"rendered":"<p>Finaliz\u00f3 la jornada de capacitaci\u00f3n a cargo del Instituto Provincial de la Administraci\u00f3n P\u00fablica (IPAP). El objetivo es compatibilizar herramientas y tecnolog\u00edas con municipios y ministerios.<\/p>\n","protected":false},"author":4,"featured_media":0,"comment_status":"open","ping_status":"open","sticky":false,"template":"","format":"standard","meta":{"_jetpack_newsletter_access":"","_jetpack_dont_email_post_to_subs":false,"_jetpack_newsletter_tier_id":0,"_jetpack_memberships_contains_paywalled_content":false,"_jetpack_memberships_contains_paid_content":false,"footnotes":""},"categories":[40],"tags":[],"class_list":["post-8231","post","type-post","status-publish","format-standard","hentry","category-provincia"],"jetpack_featured_media_url":"","jetpack_shortlink":"https:\/\/wp.me\/p2JWE0-28L","jetpack-related-posts":[{"id":38073,"url":"https:\/\/www.24baires.com\/?p=38073","url_meta":{"origin":8231,"position":0},"title":"Ya son 45 mil los trabajadores capacitados por el IPAP","author":"Grupo Sierra","date":"07\/01\/2014","format":false,"excerpt":"La Subsecretar\u00eda para la Modernizaci\u00f3n del Estado inform\u00f3 que los empleados p\u00fablicos del \u00e1mbito provincial y municipal fueron capacitados a trav\u00e9s del Instituto Provincial de la Administraci\u00f3n P\u00fablica (IPAP) durante los \u00faltimos dos a\u00f1os. Adem\u00e1s de trabajadores de organismos provinciales y municipales, se capacitaron tambi\u00e9n integrantes de organizaciones de la\u2026","rel":"","context":"En \u00abProvincia\u00bb","block_context":{"text":"Provincia","link":"https:\/\/www.24baires.com\/?cat=40"},"img":{"alt_text":"","src":"","width":0,"height":0},"classes":[]},{"id":51980,"url":"https:\/\/www.24baires.com\/?p=51980","url_meta":{"origin":8231,"position":1},"title":"IPAP capacit\u00f3 a m\u00e1s de 4.500 empleados estatales","author":"AF","date":"17\/08\/2014","format":false,"excerpt":"La Secretar\u00eda General de la Gobernaci\u00f3n, a trav\u00e9s del Instituto Provincial de la Administraci\u00f3n P\u00fablica (IPAP), inform\u00f3 que capacit\u00f3 entre marzo y julio a m\u00e1s de 4.500 agentes estatales sobre procesos administrativos, para incrementar los niveles eficiencia y mejorar la gesti\u00f3n en la administraci\u00f3n provincial. \"A trav\u00e9s de la Subsecretar\u00eda\u2026","rel":"","context":"En \u00abProvincia\u00bb","block_context":{"text":"Provincia","link":"https:\/\/www.24baires.com\/?cat=40"},"img":{"alt_text":"","src":"","width":0,"height":0},"classes":[]},{"id":26615,"url":"https:\/\/www.24baires.com\/?p=26615","url_meta":{"origin":8231,"position":2},"title":"Avanza la creaci\u00f3n de una red provincial de bibliotecas p\u00fablicas","author":"AF","date":"22\/06\/2013","format":false,"excerpt":"El presidente del Instituto Cultural de la Provincia, Jorge Telerman, y el subsecretario para la Modernizaci\u00f3n del Estado, Roberto Reale, articular\u00e1n pol\u00edticas en materia de gesti\u00f3n y modernizaci\u00f3n de documentos p\u00fablicos para avanzar con la creaci\u00f3n de la Red Provincial de Bibliotecas Municipales. El convenio se firmar\u00e1 el mi\u00e9rcoles, en\u2026","rel":"","context":"En \u00abProvincia\u00bb","block_context":{"text":"Provincia","link":"https:\/\/www.24baires.com\/?cat=40"},"img":{"alt_text":"biblioteca","src":"https:\/\/i0.wp.com\/www.24baires.com\/wp-content\/uploads\/2013\/06\/biblioteca.jpg?resize=350%2C200","width":350,"height":200,"srcset":"https:\/\/i0.wp.com\/www.24baires.com\/wp-content\/uploads\/2013\/06\/biblioteca.jpg?resize=350%2C200 1x, https:\/\/i0.wp.com\/www.24baires.com\/wp-content\/uploads\/2013\/06\/biblioteca.jpg?resize=525%2C300 1.5x"},"classes":[]},{"id":36931,"url":"https:\/\/www.24baires.com\/?p=36931","url_meta":{"origin":8231,"position":3},"title":"Ferrobaires: una capacitaci\u00f3n que vale por 900","author":"Grupo Sierra","date":"16\/12\/2013","format":false,"excerpt":"En la Casa de la Provincia, Ferrobaires entreg\u00f3 certificados a los 900 trabajadores que se capacitaron durante el a\u00f1o a trav\u00e9s de los programas de formaci\u00f3n que dict\u00f3 junto al Ministerio de Trabajo y la Subsecretar\u00eda para la Modernizaci\u00f3n del Estado, por medio del Instituto Provincial de la Administraci\u00f3n P\u00fablica\u2026","rel":"","context":"En \u00abProvincia\u00bb","block_context":{"text":"Provincia","link":"https:\/\/www.24baires.com\/?cat=40"},"img":{"alt_text":"","src":"","width":0,"height":0},"classes":[]},{"id":52821,"url":"https:\/\/www.24baires.com\/?p=52821","url_meta":{"origin":8231,"position":4},"title":"Capacitan a cadetes del Servicio Penitenciario Bonaerense","author":"AF","date":"31\/08\/2014","format":false,"excerpt":"La Secretar\u00eda General de la Gobernaci\u00f3n, a trav\u00e9s de la Subsecretar\u00eda para la Modernizaci\u00f3n del Estado y el Instituto Provincial de la Administraci\u00f3n P\u00fablica (IPAP), capacit\u00f3 a unos 240 cadetes del Servicio Penitenciario Bonaerense en temas vinculados al tratamiento de las personas privadas de la libertad y el rol de\u2026","rel":"","context":"En \u00abProvincia\u00bb","block_context":{"text":"Provincia","link":"https:\/\/www.24baires.com\/?cat=40"},"img":{"alt_text":"c\u00e1rcel","src":"https:\/\/i0.wp.com\/www.24baires.com\/wp-content\/uploads\/2013\/06\/c%C3%A1rcel.jpg?resize=350%2C200","width":350,"height":200,"srcset":"https:\/\/i0.wp.com\/www.24baires.com\/wp-content\/uploads\/2013\/06\/c%C3%A1rcel.jpg?resize=350%2C200 1x, https:\/\/i0.wp.com\/www.24baires.com\/wp-content\/uploads\/2013\/06\/c%C3%A1rcel.jpg?resize=525%2C300 1.5x"},"classes":[]},{"id":26256,"url":"https:\/\/www.24baires.com\/?p=26256","url_meta":{"origin":8231,"position":5},"title":"Castelli: concejales se capacitan para mejorar la tarea legislativa","author":"AF","date":"18\/06\/2013","format":false,"excerpt":"Con el objetivo de asesorar a los integrantes del concejo deliberante local y de la regi\u00f3n, el subsecretario para la Modernizaci\u00f3n del Estado, Lic. Roberto Reale, visit\u00f3 el municipio de Castelli, que conduce el intendente Francisco Echarren, donde brind\u00f3 un curso sobre \u201cT\u00e9cnicas Legislativas para la Elaboraci\u00f3n de Normas Municipales\u201d\u2026","rel":"","context":"En \u00abLocales\u00bb","block_context":{"text":"Locales","link":"https:\/\/www.24baires.com\/?cat=38"},"img":{"alt_text":"concejales castelli","src":"https:\/\/i0.wp.com\/www.24baires.com\/wp-content\/uploads\/2013\/06\/concejales-castelli.jpg?resize=350%2C200","width":350,"height":200,"srcset":"https:\/\/i0.wp.com\/www.24baires.com\/wp-content\/uploads\/2013\/06\/concejales-castelli.jpg?resize=350%2C200 1x, https:\/\/i0.wp.com\/www.24baires.com\/wp-content\/uploads\/2013\/06\/concejales-castelli.jpg?resize=525%2C300 1.5x"},"classes":[]}],"jetpack_sharing_enabled":true,"jetpack_likes_enabled":true,"_links":{"self":[{"href":"https:\/\/www.24baires.com\/index.php?rest_route=\/wp\/v2\/posts\/8231","targetHints":{"allow":["GET"]}}],"collection":[{"href":"https:\/\/www.24baires.com\/index.php?rest_route=\/wp\/v2\/posts"}],"about":[{"href":"https:\/\/www.24baires.com\/index.php?rest_route=\/wp\/v2\/types\/post"}],"author":[{"embeddable":true,"href":"https:\/\/www.24baires.com\/index.php?rest_route=\/wp\/v2\/users\/4"}],"replies":[{"embeddable":true,"href":"https:\/\/www.24baires.com\/index.php?rest_route=%2Fwp%2Fv2%2Fcomments&post=8231"}],"version-history":[{"count":3,"href":"https:\/\/www.24baires.com\/index.php?rest_route=\/wp\/v2\/posts\/8231\/revisions"}],"predecessor-version":[{"id":8234,"href":"https:\/\/www.24baires.com\/index.php?rest_route=\/wp\/v2\/posts\/8231\/revisions\/8234"}],"wp:attachment":[{"href":"https:\/\/www.24baires.com\/index.php?rest_route=%2Fwp%2Fv2%2Fmedia&parent=8231"}],"wp:term":[{"taxonomy":"category","embeddable":true,"href":"https:\/\/www.24baires.com\/index.php?rest_route=%2Fwp%2Fv2%2Fcategories&post=8231"},{"taxonomy":"post_tag","embeddable":true,"href":"https:\/\/www.24baires.com\/index.php?rest_route=%2Fwp%2Fv2%2Ftags&post=8231"}],"curies":[{"name":"wp","href":"https:\/\/api.w.org\/{rel}","templated":true}]}}