{"id":82291,"date":"2016-05-04T19:30:26","date_gmt":"2016-05-04T22:30:26","guid":{"rendered":"http:\/\/www.24baires.com\/?p=82291"},"modified":"2016-05-04T20:08:47","modified_gmt":"2016-05-04T23:08:47","slug":"desmantelo-la-television-digital-abierta","status":"publish","type":"post","link":"https:\/\/www.24baires.com\/?p=82291","title":{"rendered":"Desmantelaron la Televisi\u00f3n Digital Abierta"},"content":{"rendered":"<p><img data-recalc-dims=\"1\" loading=\"lazy\" decoding=\"async\" src=\"https:\/\/i0.wp.com\/www.24baires.com\/wp-content\/uploads\/2016\/05\/television-abierta.jpg?resize=560%2C327\" alt=\"television abierta\" width=\"560\" height=\"327\" class=\"aligncenter size-full wp-image-82292\" srcset=\"https:\/\/i0.wp.com\/www.24baires.com\/wp-content\/uploads\/2016\/05\/television-abierta.jpg?w=560&amp;ssl=1 560w, https:\/\/i0.wp.com\/www.24baires.com\/wp-content\/uploads\/2016\/05\/television-abierta.jpg?resize=300%2C175&amp;ssl=1 300w\" sizes=\"auto, (max-width: 560px) 100vw, 560px\" \/>Cambiemos decidi\u00f3 acabar con la soberan\u00eda comunicacional y dejar\u00e1 la televisi\u00f3n a manos de los grupos privados.<!--more--><\/p>\n<p>En 2019 deber\u00e1 ocurrir el apag\u00f3n anal\u00f3gico: todos los canales de televisi\u00f3n que transmiten en el viejo sistema de aire, dejar\u00e1n de hacerlo. Eso dejar\u00e1 libres varias frecuencias en lo que se denomina \u201cdividendo digital\u201d. All\u00ed, varias empresas posan sus garras para quedarse con el negocio.<\/p>\n<p>La Televisi\u00f3n Digital Abierta es el plan dise\u00f1ado por el gobierno anterior para acelerar el proceso de migraci\u00f3n de las viejas se\u00f1ales anal\u00f3gicas a las nuevas, digitales. As\u00ed, se logr\u00f3 que los canales de aire transmitieran en Alta Definici\u00f3n en forma gratuita a todo el pa\u00eds.<\/p>\n<p>Esto se complement\u00f3 con el reparto de decodificadores digitales para aquellos que no tuvieran acceso a una TV de \u00faltima generaci\u00f3n, pudieran disfrutar de la TDA en forma gratuita.<\/p>\n<p>Pero el macrismo est\u00e1 dispuesto a desmantelar todas las pol\u00edticas p\u00fablicas igualitarias. Por eso comenz\u00f3 con los despidos en la TDA y no ser\u00eda extra\u00f1o que se plantee un servicio que contemple tarifas, al menos para los nuevos canales, seg\u00fan inform\u00f3 EnOrsai.<\/p>\n<p>La Ley de Medios ya fue destruida por decreto y el macrismo avanza para favorecer a sus socios medi\u00e1ticos. Un servicio gratuito de televisi\u00f3n abierta con m\u00e1s de 20 canales que incluso cuenta con HD, es un fuerte competidor para los cables, sobre todo Cablevisi\u00f3n. En el \u00faltimo tiempo, muchos usuarios con Smart TV optaron por dar de baja el cable, conectarse a la TDA y pagar un servicio On Demand, como Netflix<\/p>\n","protected":false},"excerpt":{"rendered":"<p>Cambiemos decidi\u00f3 acabar con la soberan\u00eda comunicacional y dejar\u00e1 la televisi\u00f3n a manos de los grupos privados.<\/p>\n","protected":false},"author":8,"featured_media":0,"comment_status":"open","ping_status":"open","sticky":false,"template":"","format":"standard","meta":{"_jetpack_newsletter_access":"","_jetpack_dont_email_post_to_subs":false,"_jetpack_newsletter_tier_id":0,"_jetpack_memberships_contains_paywalled_content":false,"_jetpack_memberships_contains_paid_content":false,"footnotes":""},"categories":[54],"tags":[],"class_list":["post-82291","post","type-post","status-publish","format-standard","hentry","category-medios"],"jetpack_featured_media_url":"","jetpack_shortlink":"https:\/\/wp.me\/p2JWE0-lph","jetpack-related-posts":[{"id":13992,"url":"https:\/\/www.24baires.com\/?p=13992","url_meta":{"origin":82291,"position":0},"title":"De Vido inici\u00f3 acciones legales para revertir la quita de antenas ejecutada por De la Sota","author":"AF","date":"29\/01\/2013","format":false,"excerpt":"El Ministerio de Planificaci\u00f3n Federal confirm\u00f3 que en su car\u00e1cter de accionista mayoritario de la empresa ARSAT inici\u00f3 acciones legales contra la Provincia de C\u00f3rdoba, y adelant\u00f3 que continuar\u00e1 \"instrumentando todas las medidas judiciales necesarias para revertir la injustificada y arbitraria clausura de las antenas de la Televisi\u00f3n Digital Abierta\u2026","rel":"","context":"En \u00abMedios\u00bb","block_context":{"text":"Medios","link":"https:\/\/www.24baires.com\/?cat=54"},"img":{"alt_text":"de vido","src":"https:\/\/i0.wp.com\/www.24baires.com\/wp-content\/uploads\/2012\/12\/de-vido-300x200.jpg?resize=350%2C200","width":350,"height":200},"classes":[]},{"id":1251,"url":"https:\/\/www.24baires.com\/?p=1251","url_meta":{"origin":82291,"position":1},"title":"Lanzan el Canal Digital Abierto de la UNLP con un programa de producci\u00f3n propia","author":"Grupo Sierra","date":"06\/10\/2012","format":false,"excerpt":"Finalizada ya la etapa de pruebas y ajustes t\u00e9cnicos de la se\u00f1al de la Televisi\u00f3n Digital Abierta, la Universidad podr\u00e1 al aire el primer programa de producci\u00f3n propia. Ser\u00e1 un magazine de actualidad que ir\u00e1 de lunes a viernes de 13 a 15 que se llamar\u00e1 \u201cPlaza 56\u201d. \u00a0 Con\u2026","rel":"","context":"En \u00abMedios\u00bb","block_context":{"text":"Medios","link":"https:\/\/www.24baires.com\/?cat=54"},"img":{"alt_text":"","src":"https:\/\/i0.wp.com\/www.24baires.com\/wp-content\/uploads\/2012\/10\/tv-universidad-la-plata-300x178.jpg?resize=350%2C200","width":350,"height":200},"classes":[]},{"id":51360,"url":"https:\/\/www.24baires.com\/?p=51360","url_meta":{"origin":82291,"position":2},"title":"Mercedes: La televisi\u00f3n digital abierta gana cada vez m\u00e1s terreno","author":"GB","date":"07\/08\/2014","format":false,"excerpt":"Cada vez son m\u00e1s los domicilios en los que se instala la peque\u00f1a antena que permite ver cerca de veinte canales y con tecnolog\u00eda HD. A las entregas realizadas por Anses y Pami, algunos comercios confirmaron una buena venta, que se increment\u00f3 previo y durante el mundial del f\u00fatbol Cuando\u2026","rel":"","context":"En \u00abMedios\u00bb","block_context":{"text":"Medios","link":"https:\/\/www.24baires.com\/?cat=54"},"img":{"alt_text":"grila cable","src":"https:\/\/i0.wp.com\/www.24baires.com\/wp-content\/uploads\/2014\/08\/grila-cable.jpg?resize=350%2C200","width":350,"height":200,"srcset":"https:\/\/i0.wp.com\/www.24baires.com\/wp-content\/uploads\/2014\/08\/grila-cable.jpg?resize=350%2C200 1x, https:\/\/i0.wp.com\/www.24baires.com\/wp-content\/uploads\/2014\/08\/grila-cable.jpg?resize=525%2C300 1.5x"},"classes":[]},{"id":87242,"url":"https:\/\/www.24baires.com\/?p=87242","url_meta":{"origin":82291,"position":3},"title":"El Gobierno reemplaz\u00f3 a Telesur por un canal humor\u00edstico en la Televisi\u00f3n Digital","author":"GB","date":"06\/09\/2016","format":false,"excerpt":"\u201cArgenTV\u201d es la se\u00f1al que reemplaz\u00f3 al canal multiestatal en el sistema de televisi\u00f3n digital abierta. Adem\u00e1s del medi\u00e1tico macrista, tiene como principales figuras a Teto Medina, Cacho Rubio, Cacho Buenaventura y Paula Pombo. El Titular del Sistema Federal de Medios y Contenidos P\u00fablicos, Hern\u00e1n Lombardi, decidi\u00f3 dar de baja\u2026","rel":"","context":"En \u00abMedios\u00bb","block_context":{"text":"Medios","link":"https:\/\/www.24baires.com\/?cat=54"},"img":{"alt_text":"mago del pro","src":"https:\/\/i0.wp.com\/www.24baires.com\/wp-content\/uploads\/2016\/09\/mago-del-pro.jpg?resize=350%2C200","width":350,"height":200,"srcset":"https:\/\/i0.wp.com\/www.24baires.com\/wp-content\/uploads\/2016\/09\/mago-del-pro.jpg?resize=350%2C200 1x, https:\/\/i0.wp.com\/www.24baires.com\/wp-content\/uploads\/2016\/09\/mago-del-pro.jpg?resize=525%2C300 1.5x"},"classes":[]},{"id":28894,"url":"https:\/\/www.24baires.com\/?p=28894","url_meta":{"origin":82291,"position":4},"title":"La TDA llega a Pehuaj\u00f3 y a Vedia","author":"AF","date":"25\/07\/2013","format":false,"excerpt":"El pr\u00f3ximo 15 de agosto los pehuajenses podr\u00e1n comenzar a disfrutar de los canales gratuitos y de alta calidad que ofrece la televisi\u00f3n digital abierta. En tanto, ya desde hace unas semanas la TDA ya es una realidad para muchos vedienses y, en los pr\u00f3ximos d\u00edas, llegar\u00e1n a la ciudad\u2026","rel":"","context":"En \u00abLocales\u00bb","block_context":{"text":"Locales","link":"https:\/\/www.24baires.com\/?cat=38"},"img":{"alt_text":"tda","src":"https:\/\/i0.wp.com\/www.24baires.com\/wp-content\/uploads\/2013\/07\/tda.jpg?resize=350%2C200","width":350,"height":200,"srcset":"https:\/\/i0.wp.com\/www.24baires.com\/wp-content\/uploads\/2013\/07\/tda.jpg?resize=350%2C200 1x, https:\/\/i0.wp.com\/www.24baires.com\/wp-content\/uploads\/2013\/07\/tda.jpg?resize=525%2C300 1.5x"},"classes":[]},{"id":39480,"url":"https:\/\/www.24baires.com\/?p=39480","url_meta":{"origin":82291,"position":5},"title":"Afsca reiter\u00f3 los criterios de la adecuaci\u00f3n de las grillas de televisi\u00f3n","author":"GB","date":"29\/01\/2014","format":false,"excerpt":"La Autoridad Federal de Servicios de Comunicaci\u00f3n Audiovisual reiter\u00f3 que todos los operadores de televisi\u00f3n por cable de Argentina deben realizar la totalidad de los cambios necesarios para adecuar sus grillas de canales. En consecuencia, las operadoras deben incluir de forma obligatoria en sus programaciones -tanto en el sistema anal\u00f3gico\u2026","rel":"","context":"En \u00abMedios\u00bb","block_context":{"text":"Medios","link":"https:\/\/www.24baires.com\/?cat=54"},"img":{"alt_text":"","src":"","width":0,"height":0},"classes":[]}],"jetpack_sharing_enabled":true,"jetpack_likes_enabled":true,"_links":{"self":[{"href":"https:\/\/www.24baires.com\/index.php?rest_route=\/wp\/v2\/posts\/82291","targetHints":{"allow":["GET"]}}],"collection":[{"href":"https:\/\/www.24baires.com\/index.php?rest_route=\/wp\/v2\/posts"}],"about":[{"href":"https:\/\/www.24baires.com\/index.php?rest_route=\/wp\/v2\/types\/post"}],"author":[{"embeddable":true,"href":"https:\/\/www.24baires.com\/index.php?rest_route=\/wp\/v2\/users\/8"}],"replies":[{"embeddable":true,"href":"https:\/\/www.24baires.com\/index.php?rest_route=%2Fwp%2Fv2%2Fcomments&post=82291"}],"version-history":[{"count":2,"href":"https:\/\/www.24baires.com\/index.php?rest_route=\/wp\/v2\/posts\/82291\/revisions"}],"predecessor-version":[{"id":82299,"href":"https:\/\/www.24baires.com\/index.php?rest_route=\/wp\/v2\/posts\/82291\/revisions\/82299"}],"wp:attachment":[{"href":"https:\/\/www.24baires.com\/index.php?rest_route=%2Fwp%2Fv2%2Fmedia&parent=82291"}],"wp:term":[{"taxonomy":"category","embeddable":true,"href":"https:\/\/www.24baires.com\/index.php?rest_route=%2Fwp%2Fv2%2Fcategories&post=82291"},{"taxonomy":"post_tag","embeddable":true,"href":"https:\/\/www.24baires.com\/index.php?rest_route=%2Fwp%2Fv2%2Ftags&post=82291"}],"curies":[{"name":"wp","href":"https:\/\/api.w.org\/{rel}","templated":true}]}}