{"id":82285,"date":"2016-05-04T19:00:17","date_gmt":"2016-05-04T22:00:17","guid":{"rendered":"http:\/\/www.24baires.com\/?p=82285"},"modified":"2016-05-04T17:32:14","modified_gmt":"2016-05-04T20:32:14","slug":"para-el-diario-espanol-el-pais-argentina-tiene-inflacion-desbocada","status":"publish","type":"post","link":"https:\/\/www.24baires.com\/?p=82285","title":{"rendered":"Para el diario espa\u00f1ol El Pa\u00eds, Argentina tiene \u00abinflaci\u00f3n desbocada\u00bb"},"content":{"rendered":"<p><img data-recalc-dims=\"1\" loading=\"lazy\" decoding=\"async\" src=\"https:\/\/i0.wp.com\/www.24baires.com\/wp-content\/uploads\/2016\/05\/diario-el-pais.jpg?resize=560%2C313\" alt=\"diario el pais\" width=\"560\" height=\"313\" class=\"aligncenter size-full wp-image-82286\" srcset=\"https:\/\/i0.wp.com\/www.24baires.com\/wp-content\/uploads\/2016\/05\/diario-el-pais.jpg?w=560&amp;ssl=1 560w, https:\/\/i0.wp.com\/www.24baires.com\/wp-content\/uploads\/2016\/05\/diario-el-pais.jpg?resize=300%2C168&amp;ssl=1 300w\" sizes=\"auto, (max-width: 560px) 100vw, 560px\" \/>As\u00ed describe una cr\u00f3nica del prestigioso peri\u00f3dico ib\u00e9rico al alza de precios que sufre el pa\u00eds. \u00abAgota la paciencia de las villas de Buenos Aires\u00bb, sostiene el art\u00edculo.<!--more--><\/p>\n<p>\u00abLa inflaci\u00f3n agota la paciencia de las villas miseria de Buenos Aires\u00bb, se titula la nota del diario El Pa\u00eds de Espa\u00f1a, que presenta el \u00abviaje a uno de los barrios que m\u00e1s sufre la crisis argentina y que dio muchos votos a Macri\u00bb, en referencia a la villa Rodrigo Bueno, que \u00abno tiene agua corriente, ni cloacas, ni calles con asfalto\u00bb.<\/p>\n<p>El art\u00edculo explica que en esa villa \u00abtodo es barro, cables cruzados, casas que caen unas sobre otras, pobreza palpable\u00bb, pero contrasta: \u00abY sin embargo la riqueza est\u00e1 tan cerca que se ve muy bien desde el coraz\u00f3n del barrio, la peque\u00f1a cancha de f\u00fatbol reci\u00e9n inaugurada. All\u00ed se divisan imponentes las torres de Puerto Madero, el barrio m\u00e1s moderno y lujoso de Buenos Aires, donde viven los empresarios, los pol\u00edticos, los abogados o los fiscales como Alberto Nisman, que muri\u00f3 en una de esos edificios que terminan a 200 metros del coraz\u00f3n de la miseria\u00bb.<br \/>\n\u00abArgentina vive un momento de gran inquietud. La inflaci\u00f3n desbocada est\u00e1 destrozando las econom\u00edas familiares, que vienen de cuatro a\u00f1os de estancamiento. La clase media es la que m\u00e1s peso pol\u00edtico tiene, pero es en las villas donde m\u00e1s r\u00e1pidamente se nota el efecto de una crisis que comienza a sentirse fuerte aunque a\u00fan no ha provocado una ola de desempleo como en Europa\u00bb, dice la nota.<\/p>\n<p>Asimismo, resalta la opini\u00f3n de los vecinos: \u00abTodos reconocen que la crisis no lleg\u00f3 con el cambio de Gobierno: llevan varios meses muy mal. Pero est\u00e1 empeorando\u00bb.<\/p>\n","protected":false},"excerpt":{"rendered":"<p>As\u00ed describe una cr\u00f3nica del prestigioso peri\u00f3dico ib\u00e9rico al alza de precios que sufre el pa\u00eds. \u00abAgota la paciencia de las villas de Buenos Aires\u00bb, sostiene el art\u00edculo.<\/p>\n","protected":false},"author":8,"featured_media":0,"comment_status":"open","ping_status":"open","sticky":false,"template":"","format":"standard","meta":{"_jetpack_newsletter_access":"","_jetpack_dont_email_post_to_subs":false,"_jetpack_newsletter_tier_id":0,"_jetpack_memberships_contains_paywalled_content":false,"_jetpack_memberships_contains_paid_content":false,"footnotes":""},"categories":[54],"tags":[],"class_list":["post-82285","post","type-post","status-publish","format-standard","hentry","category-medios"],"jetpack_featured_media_url":"","jetpack_shortlink":"https:\/\/wp.me\/p2JWE0-lpb","jetpack-related-posts":[{"id":115895,"url":"https:\/\/www.24baires.com\/?p=115895","url_meta":{"origin":82285,"position":0},"title":"Estiman que el 2,9% de la poblaci\u00f3n argentina tuvo Covid-19","author":"AF","date":"09\/08\/2020","format":false,"excerpt":"De este an\u00e1lisis tambi\u00e9n se desprende que la poblaci\u00f3n infectada en la Ciudad de Buenos Aires se aproxima al 9,4% y en la Provincia a un 4%. El estimado de personas que tuvieron o tienen coronavirus en Argentina podr\u00eda aproximarse a 1.300.000, lo que representar\u00eda el 2,9% de la poblaci\u00f3n\u2026","rel":"","context":"En \u00abSociedad\u00bb","block_context":{"text":"Sociedad","link":"https:\/\/www.24baires.com\/?cat=1"},"img":{"alt_text":"","src":"https:\/\/i0.wp.com\/www.24baires.com\/wp-content\/uploads\/2013\/07\/barbijos.jpg?resize=350%2C200","width":350,"height":200,"srcset":"https:\/\/i0.wp.com\/www.24baires.com\/wp-content\/uploads\/2013\/07\/barbijos.jpg?resize=350%2C200 1x, https:\/\/i0.wp.com\/www.24baires.com\/wp-content\/uploads\/2013\/07\/barbijos.jpg?resize=525%2C300 1.5x"},"classes":[]},{"id":120053,"url":"https:\/\/www.24baires.com\/?p=120053","url_meta":{"origin":82285,"position":1},"title":"Villa Gesell: municipales acuerdan paritaria con una gran suba del salario para estatales","author":"GB","date":"28\/04\/2023","format":false,"excerpt":"La Municipalidad de Villa Gesell acord\u00f3 la paritaria de los trabajadores municipales por arriba de la inflaci\u00f3n. Seg\u00fan funcionarios municipales, es el m\u00e1s alto de los municipios bonaerenses. La paritaria de los trabajadores municipales de Villa Gesell cerr\u00f3 con un alza del 120,9% del salario b\u00e1sico, una de las m\u00e1s\u2026","rel":"","context":"En \u00abMunicipios\u00bb","block_context":{"text":"Municipios","link":"https:\/\/www.24baires.com\/?cat=44"},"img":{"alt_text":"","src":"https:\/\/i0.wp.com\/www.24baires.com\/wp-content\/uploads\/2023\/04\/intendente-villa-gesell.webp?resize=350%2C200","width":350,"height":200,"srcset":"https:\/\/i0.wp.com\/www.24baires.com\/wp-content\/uploads\/2023\/04\/intendente-villa-gesell.webp?resize=350%2C200 1x, https:\/\/i0.wp.com\/www.24baires.com\/wp-content\/uploads\/2023\/04\/intendente-villa-gesell.webp?resize=525%2C300 1.5x, https:\/\/i0.wp.com\/www.24baires.com\/wp-content\/uploads\/2023\/04\/intendente-villa-gesell.webp?resize=700%2C400 2x"},"classes":[]},{"id":100857,"url":"https:\/\/www.24baires.com\/?p=100857","url_meta":{"origin":82285,"position":2},"title":"Francisco design\u00f3 a un cura villero obispo en Lomas de Zamora","author":"GB","date":"04\/03\/2018","format":false,"excerpt":"El Papa Francisco nombr\u00f3 nuevamente a un cura villero como obispo en una jurisdicci\u00f3n argentina: esta vez monse\u00f1or Jorge Garc\u00eda Cuervo fue designado como auxiliar de Jorge Lugones en la di\u00f3cesis de Lomas de Zamora, una de las zonas m\u00e1s pobres del conurbano bonaerense. Garc\u00eda Cuerva, que ejerci\u00f3 casi todo\u2026","rel":"","context":"En \u00abSociedad\u00bb","block_context":{"text":"Sociedad","link":"https:\/\/www.24baires.com\/?cat=1"},"img":{"alt_text":"","src":"https:\/\/i0.wp.com\/www.24baires.com\/wp-content\/uploads\/2018\/03\/cura-villero-300x200.jpg?resize=350%2C200","width":350,"height":200},"classes":[]},{"id":117398,"url":"https:\/\/www.24baires.com\/?p=117398","url_meta":{"origin":82285,"position":3},"title":"Semana Santa: casi dos millones de turistas se movilizaron","author":"GB","date":"05\/04\/2021","format":false,"excerpt":"Con una estad\u00eda media de 3 d\u00edas y un gasto diario per c\u00e1pita de $2.000, hubo un desembolso de $14.066 millones. Seg\u00fan los datos oficiales del certificado Turismo, m\u00e1s de 1,9 millones de personas se movilizaron por los distintos puntos tur\u00edsticos del pa\u00eds durante el fin de semana largo de\u2026","rel":"","context":"En \u00abTurismo\u00bb","block_context":{"text":"Turismo","link":"https:\/\/www.24baires.com\/?cat=69"},"img":{"alt_text":"","src":"https:\/\/i0.wp.com\/www.24baires.com\/wp-content\/uploads\/2020\/05\/mar-del-plata.jpg?resize=350%2C200","width":350,"height":200,"srcset":"https:\/\/i0.wp.com\/www.24baires.com\/wp-content\/uploads\/2020\/05\/mar-del-plata.jpg?resize=350%2C200 1x, https:\/\/i0.wp.com\/www.24baires.com\/wp-content\/uploads\/2020\/05\/mar-del-plata.jpg?resize=525%2C300 1.5x"},"classes":[]},{"id":115179,"url":"https:\/\/www.24baires.com\/?p=115179","url_meta":{"origin":82285,"position":4},"title":"Fern\u00e1ndez: \u00abJusticia es tener acceso a la educaci\u00f3n, a la salud y al agua\u00bb","author":"AF","date":"29\/05\/2020","format":false,"excerpt":"\"Tanto demoramos para entender que hay 2 millones y medio de bonaerenses que necesitan estas obras\", expres\u00f3 el Presidente acompa\u00f1ado por Kicillof y Galmarini. El presidente de la Naci\u00f3n, Alberto Fern\u00e1ndez, encabez\u00f3 este viernes, en el partido bonaerense de Quilmes, el acto de bajada de una tunelera de AySA, que\u2026","rel":"","context":"En \u00abPol\u00edtica\u00bb","block_context":{"text":"Pol\u00edtica","link":"https:\/\/www.24baires.com\/?cat=51"},"img":{"alt_text":"","src":"https:\/\/i0.wp.com\/www.24baires.com\/wp-content\/uploads\/2020\/05\/aysa-1.jpg?resize=350%2C200","width":350,"height":200,"srcset":"https:\/\/i0.wp.com\/www.24baires.com\/wp-content\/uploads\/2020\/05\/aysa-1.jpg?resize=350%2C200 1x, https:\/\/i0.wp.com\/www.24baires.com\/wp-content\/uploads\/2020\/05\/aysa-1.jpg?resize=525%2C300 1.5x"},"classes":[]},{"id":114979,"url":"https:\/\/www.24baires.com\/?p=114979","url_meta":{"origin":82285,"position":5},"title":"Provincia releva casa por casa en el conurbano para evitar la propagaci\u00f3n del COVID-19","author":"AF","date":"11\/05\/2020","format":false,"excerpt":"Especialistas entrecruzan informaci\u00f3n de las villas y asentamientos, con las zonas que registran la mayor cantidad de casos. El Gobierno de la provincia de Buenos Aires comenz\u00f3 a relevar casa por casa para evitar la propagaci\u00f3n del COVID-19. Es un nuevo plan que tiene como objetivo la detecci\u00f3n temprana de\u2026","rel":"","context":"En \u00abProvincia\u00bb","block_context":{"text":"Provincia","link":"https:\/\/www.24baires.com\/?cat=40"},"img":{"alt_text":"","src":"https:\/\/i0.wp.com\/www.24baires.com\/wp-content\/uploads\/2020\/05\/covid-conurbano.jpeg?resize=350%2C200","width":350,"height":200,"srcset":"https:\/\/i0.wp.com\/www.24baires.com\/wp-content\/uploads\/2020\/05\/covid-conurbano.jpeg?resize=350%2C200 1x, https:\/\/i0.wp.com\/www.24baires.com\/wp-content\/uploads\/2020\/05\/covid-conurbano.jpeg?resize=525%2C300 1.5x"},"classes":[]}],"jetpack_sharing_enabled":true,"jetpack_likes_enabled":true,"_links":{"self":[{"href":"https:\/\/www.24baires.com\/index.php?rest_route=\/wp\/v2\/posts\/82285","targetHints":{"allow":["GET"]}}],"collection":[{"href":"https:\/\/www.24baires.com\/index.php?rest_route=\/wp\/v2\/posts"}],"about":[{"href":"https:\/\/www.24baires.com\/index.php?rest_route=\/wp\/v2\/types\/post"}],"author":[{"embeddable":true,"href":"https:\/\/www.24baires.com\/index.php?rest_route=\/wp\/v2\/users\/8"}],"replies":[{"embeddable":true,"href":"https:\/\/www.24baires.com\/index.php?rest_route=%2Fwp%2Fv2%2Fcomments&post=82285"}],"version-history":[{"count":1,"href":"https:\/\/www.24baires.com\/index.php?rest_route=\/wp\/v2\/posts\/82285\/revisions"}],"predecessor-version":[{"id":82287,"href":"https:\/\/www.24baires.com\/index.php?rest_route=\/wp\/v2\/posts\/82285\/revisions\/82287"}],"wp:attachment":[{"href":"https:\/\/www.24baires.com\/index.php?rest_route=%2Fwp%2Fv2%2Fmedia&parent=82285"}],"wp:term":[{"taxonomy":"category","embeddable":true,"href":"https:\/\/www.24baires.com\/index.php?rest_route=%2Fwp%2Fv2%2Fcategories&post=82285"},{"taxonomy":"post_tag","embeddable":true,"href":"https:\/\/www.24baires.com\/index.php?rest_route=%2Fwp%2Fv2%2Ftags&post=82285"}],"curies":[{"name":"wp","href":"https:\/\/api.w.org\/{rel}","templated":true}]}}