{"id":8223,"date":"2012-12-07T10:31:28","date_gmt":"2012-12-07T13:31:28","guid":{"rendered":"http:\/\/www.24baires.com\/?p=8223"},"modified":"2012-12-07T10:31:28","modified_gmt":"2012-12-07T13:31:28","slug":"provincia-y-municipios-afectados-por-el-temporal-trabajan-en-conjunto-para-restablecer-servicios","status":"publish","type":"post","link":"https:\/\/www.24baires.com\/?p=8223","title":{"rendered":"Provincia y municipios afectados por el temporal trabajan en conjunto para restablecer servicios"},"content":{"rendered":"<p>El titular del Consejo de Emergencias dijo que la mayor\u00eda de los evacuados ya regresaron a sus hogares y que la tarea se centra ahora en reparar da\u00f1os y restablecer el servicio el\u00e9ctrico.<!--more--><br \/>\nEl coordinador el Consejo de Emergencias de la provincia de Buenos Aires dijo que se trabaja fuertemente en los municipios afectados por el temporal de lluvia y viento para restaurar los da\u00f1os y restablecer el suministro el\u00e9ctrico que provoc\u00f3 la ca\u00edda de algunos postes.<\/p>\n<p>Luciano Timerman precis\u00f3 que \u201chemos activado los protocolos de emergencia en zonas de contingencia\u201d y que si bien hubo \u201calrededor de 300 familias evacuadas, la mayor\u00eda ya regres\u00f3\u201d a sus hogares.<\/p>\n<p>\u201cSe trabaja con algunas podas, ca\u00edda de postes\u201d que generaron \u201cproblemas con el suministro de energ\u00eda\u201d pero \u201clas empresas y cooperativas\u201d del interior trabajan para volver a la normalidad.<\/p>\n<p>El funcionario inform\u00f3 que el ministerio de Desarrollo Social \u201cenvi\u00f3 colaboraci\u00f3n a los municipios que la solicitaron\u201d en tanto que durante toda la noche \u201cmonitoreamos el cauce del Matanza-Riachuelo\u201d.<\/p>\n<p>\u201cQuedan algunas zonas anegadas y se est\u00e1 sacando el agua con bombas\u201d, destac\u00f3 Timerman, al tiempo que consign\u00f3 que, en esta ocasi\u00f3n, los distritos m\u00e1s afectados fueron \u201cEscobar, Tigre, Quilmes, Ensenada, Berisso y Avellaneda, pero r\u00e1pidamente el agua ha escurrido hacia el R\u00edo de la Plata\u201d.<\/p>\n","protected":false},"excerpt":{"rendered":"<p>El titular del Consejo de Emergencias dijo que la mayor\u00eda de los evacuados ya regresaron a sus hogares y que la tarea se centra ahora en reparar da\u00f1os y restablecer el servicio el\u00e9ctrico.<\/p>\n","protected":false},"author":4,"featured_media":0,"comment_status":"open","ping_status":"open","sticky":false,"template":"","format":"standard","meta":{"_jetpack_newsletter_access":"","_jetpack_dont_email_post_to_subs":false,"_jetpack_newsletter_tier_id":0,"_jetpack_memberships_contains_paywalled_content":false,"_jetpack_memberships_contains_paid_content":false,"footnotes":""},"categories":[38,1],"tags":[],"class_list":["post-8223","post","type-post","status-publish","format-standard","hentry","category-locales","category-sociedad"],"jetpack_featured_media_url":"","jetpack_shortlink":"https:\/\/wp.me\/p2JWE0-28D","jetpack-related-posts":[{"id":122686,"url":"https:\/\/www.24baires.com\/?p=122686","url_meta":{"origin":8223,"position":0},"title":"Provincia y el municipio de Bol\u00edvar desplegaron un operativo de emergencia tras el fuerte temporal","author":"GB","date":"05\/11\/2025","format":false,"excerpt":"La tormenta golpe\u00f3 con dureza y dej\u00f3 la ciudad en condiciones cr\u00edticas. Desde temprano, el gobierno bonaerense y el municipio articulan la asistencia para atender los da\u00f1os y acompa\u00f1ar a las familias. La localidad de Bol\u00edvar se vi\u00f3 afectada por un temporal que dej\u00f3 a la ciudad en graves condiciones.\u2026","rel":"","context":"En \u00abProvincia\u00bb","block_context":{"text":"Provincia","link":"https:\/\/www.24baires.com\/?cat=40"},"img":{"alt_text":"","src":"https:\/\/i0.wp.com\/www.24baires.com\/wp-content\/uploads\/2025\/11\/bolivar-ayuda.webp?resize=350%2C200","width":350,"height":200,"srcset":"https:\/\/i0.wp.com\/www.24baires.com\/wp-content\/uploads\/2025\/11\/bolivar-ayuda.webp?resize=350%2C200 1x, https:\/\/i0.wp.com\/www.24baires.com\/wp-content\/uploads\/2025\/11\/bolivar-ayuda.webp?resize=525%2C300 1.5x, https:\/\/i0.wp.com\/www.24baires.com\/wp-content\/uploads\/2025\/11\/bolivar-ayuda.webp?resize=700%2C400 2x"},"classes":[]},{"id":117964,"url":"https:\/\/www.24baires.com\/?p=117964","url_meta":{"origin":8223,"position":1},"title":"Temporal en Saladillo: La Municipalidad se declar\u00f3 en emergencia","author":"GB","date":"09\/08\/2021","format":false,"excerpt":"Un fuerte temporal con granizo azot\u00f3 a la localidad causando da\u00f1os en las viviendas y el municipio expres\u00f3 estar atravesando \"una de las situaciones m\u00e1s dif\u00edciles\". Una fuerte tormenta azot\u00f3 a la localidad de Saladillo durante el domingo, causando destrozos en plantas, roturas en las l\u00edneas de distribuci\u00f3n del servicio\u2026","rel":"","context":"En \u00abProvincia\u00bb","block_context":{"text":"Provincia","link":"https:\/\/www.24baires.com\/?cat=40"},"img":{"alt_text":"","src":"https:\/\/i0.wp.com\/www.24baires.com\/wp-content\/uploads\/2021\/08\/temporal-saladillo.jpg?resize=350%2C200","width":350,"height":200,"srcset":"https:\/\/i0.wp.com\/www.24baires.com\/wp-content\/uploads\/2021\/08\/temporal-saladillo.jpg?resize=350%2C200 1x, https:\/\/i0.wp.com\/www.24baires.com\/wp-content\/uploads\/2021\/08\/temporal-saladillo.jpg?resize=525%2C300 1.5x"},"classes":[]},{"id":117005,"url":"https:\/\/www.24baires.com\/?p=117005","url_meta":{"origin":8223,"position":2},"title":"Chascom\u00fas: el temporal provoc\u00f3 ca\u00edda de \u00e1rboles y voladuras de techos","author":"AF","date":"11\/01\/2021","format":false,"excerpt":"Seg\u00fan precisaron desde el municipio se registraron r\u00e1fagas de vientos de hasta 120 kil\u00f3metros por hora. Un temporal de lluvia y vientos de 120 kil\u00f3metros por hora se registr\u00f3 en la ciudad de Chascom\u00fas y ocasion\u00f3 la voladura de m\u00e1s de una veintena de techos y la ca\u00edda de \u00e1rboles\u2026","rel":"","context":"En \u00abLocales\u00bb","block_context":{"text":"Locales","link":"https:\/\/www.24baires.com\/?cat=38"},"img":{"alt_text":"","src":"https:\/\/i0.wp.com\/www.24baires.com\/wp-content\/uploads\/2021\/01\/chascom%C3%BAs.jpg?resize=350%2C200","width":350,"height":200,"srcset":"https:\/\/i0.wp.com\/www.24baires.com\/wp-content\/uploads\/2021\/01\/chascom%C3%BAs.jpg?resize=350%2C200 1x, https:\/\/i0.wp.com\/www.24baires.com\/wp-content\/uploads\/2021\/01\/chascom%C3%BAs.jpg?resize=525%2C300 1.5x"},"classes":[]},{"id":115579,"url":"https:\/\/www.24baires.com\/?p=115579","url_meta":{"origin":8223,"position":3},"title":"La Intendenta de Quilmes intim\u00f3 a Edesur por los cortes de luz","author":"GB","date":"08\/07\/2020","format":false,"excerpt":"La jefa comunal del Frente de Todos present\u00f3 una carta documento a la empresa el\u00e9ctrica Edesur. Fue en reclamo por los cortes de servicio de electricidad en diferentes zonas del partido en plena cuarentena por coronavirus. Desde la Comuna exigen el urgente restablecimiento del suministro en distintos barrios de Bernal\u2026","rel":"","context":"En \u00abMunicipios\u00bb","block_context":{"text":"Municipios","link":"https:\/\/www.24baires.com\/?cat=44"},"img":{"alt_text":"","src":"https:\/\/i0.wp.com\/www.24baires.com\/wp-content\/uploads\/2020\/07\/mayra-mendoza-300x188.jpg?resize=350%2C200","width":350,"height":200},"classes":[]},{"id":101887,"url":"https:\/\/www.24baires.com\/?p=101887","url_meta":{"origin":8223,"position":4},"title":"Vidal supervis\u00f3 los operativos en las zonas m\u00e1s castigadas del Conurbano por el temporal","author":"GB","date":"30\/04\/2018","format":false,"excerpt":"La Gobernadora visit\u00f3 un centro de evacuados en PIlar y m\u00e1s tarde estuvo en el Centro de Monitoreo de Tres de Febrero. Son dos de los municipios que m\u00e1s padecieron las consecuencias de las tormentas del fin de semana. La gobernadora Mar\u00eda Eugenia Vidal, visit\u00f3 durante la tarde de ayer\u2026","rel":"","context":"En \u00abProvincia\u00bb","block_context":{"text":"Provincia","link":"https:\/\/www.24baires.com\/?cat=40"},"img":{"alt_text":"","src":"https:\/\/i0.wp.com\/www.24baires.com\/wp-content\/uploads\/2018\/04\/e.jpeg?resize=350%2C200","width":350,"height":200,"srcset":"https:\/\/i0.wp.com\/www.24baires.com\/wp-content\/uploads\/2018\/04\/e.jpeg?resize=350%2C200 1x, https:\/\/i0.wp.com\/www.24baires.com\/wp-content\/uploads\/2018\/04\/e.jpeg?resize=525%2C300 1.5x"},"classes":[]},{"id":40150,"url":"https:\/\/www.24baires.com\/?p=40150","url_meta":{"origin":8223,"position":5},"title":"En la Provincia queda un centenar de evacuados pero anuncian nuevas lluvias","author":"Grupo Sierra","date":"09\/02\/2014","format":false,"excerpt":"Un centenar de personas continuaba evacuada o afectada esta tarde en los diferentes distritos de la provincia de Buenos Aires afectados por el temporal de lluvia y viento de los \u00faltimos d\u00edas. En Brandsen, 40 persponas continuaban evacuados pero hab\u00eda un numero similar de afectados por la crecida de varios\u2026","rel":"","context":"En \u00abSociedad\u00bb","block_context":{"text":"Sociedad","link":"https:\/\/www.24baires.com\/?cat=1"},"img":{"alt_text":"inundaciones feb 2014","src":"https:\/\/i0.wp.com\/www.24baires.com\/wp-content\/uploads\/2014\/02\/inundaciones-feb-2014-300x199.jpg?resize=350%2C200","width":350,"height":200},"classes":[]}],"jetpack_sharing_enabled":true,"jetpack_likes_enabled":true,"_links":{"self":[{"href":"https:\/\/www.24baires.com\/index.php?rest_route=\/wp\/v2\/posts\/8223","targetHints":{"allow":["GET"]}}],"collection":[{"href":"https:\/\/www.24baires.com\/index.php?rest_route=\/wp\/v2\/posts"}],"about":[{"href":"https:\/\/www.24baires.com\/index.php?rest_route=\/wp\/v2\/types\/post"}],"author":[{"embeddable":true,"href":"https:\/\/www.24baires.com\/index.php?rest_route=\/wp\/v2\/users\/4"}],"replies":[{"embeddable":true,"href":"https:\/\/www.24baires.com\/index.php?rest_route=%2Fwp%2Fv2%2Fcomments&post=8223"}],"version-history":[{"count":3,"href":"https:\/\/www.24baires.com\/index.php?rest_route=\/wp\/v2\/posts\/8223\/revisions"}],"predecessor-version":[{"id":8226,"href":"https:\/\/www.24baires.com\/index.php?rest_route=\/wp\/v2\/posts\/8223\/revisions\/8226"}],"wp:attachment":[{"href":"https:\/\/www.24baires.com\/index.php?rest_route=%2Fwp%2Fv2%2Fmedia&parent=8223"}],"wp:term":[{"taxonomy":"category","embeddable":true,"href":"https:\/\/www.24baires.com\/index.php?rest_route=%2Fwp%2Fv2%2Fcategories&post=8223"},{"taxonomy":"post_tag","embeddable":true,"href":"https:\/\/www.24baires.com\/index.php?rest_route=%2Fwp%2Fv2%2Ftags&post=8223"}],"curies":[{"name":"wp","href":"https:\/\/api.w.org\/{rel}","templated":true}]}}