{"id":8218,"date":"2012-12-07T10:23:36","date_gmt":"2012-12-07T13:23:36","guid":{"rendered":"http:\/\/www.24baires.com\/?p=8218"},"modified":"2012-12-08T11:05:06","modified_gmt":"2012-12-08T14:05:06","slug":"el-gobierno-ya-apelo-el-fallo-contra-la-plena-vigencia-de-la-ley-de-medios","status":"publish","type":"post","link":"https:\/\/www.24baires.com\/?p=8218","title":{"rendered":"El Gobierno ya apel\u00f3 el fallo contra la plena vigencia de la Ley de Medios"},"content":{"rendered":"<p>El Ejecutivo apel\u00f3 la decisi\u00f3n de la C\u00e1mara en lo Civil y Comercial de prorrogar la medida cautelar que mantiene suspendida la aplicaci\u00f3n integral de la Ley de Servicios de Comunicaci\u00f3n Audiovisual en el marco de la causa que el grupo Clar\u00edn mantiene contra el Estado Nacional.<!--more--><br \/>\nFuentes judiciales consignaron que la presentaci\u00f3n fue realizada por la Jefatura de Gabinete de Ministros ante la Sala I de la C\u00e1mara Civil y Comercial.<\/p>\n","protected":false},"excerpt":{"rendered":"<p>El Ejecutivo apel\u00f3 la decisi\u00f3n de la C\u00e1mara en lo Civil y Comercial de prorrogar la medida cautelar que mantiene suspendida la aplicaci\u00f3n integral de la Ley de Servicios de Comunicaci\u00f3n Audiovisual en el marco de la causa que el grupo Clar\u00edn mantiene contra el Estado Nacional.<\/p>\n","protected":false},"author":4,"featured_media":0,"comment_status":"open","ping_status":"open","sticky":false,"template":"","format":"standard","meta":{"_jetpack_newsletter_access":"","_jetpack_dont_email_post_to_subs":false,"_jetpack_newsletter_tier_id":0,"_jetpack_memberships_contains_paywalled_content":false,"_jetpack_memberships_contains_paid_content":false,"footnotes":""},"categories":[54],"tags":[],"class_list":["post-8218","post","type-post","status-publish","format-standard","hentry","category-medios"],"jetpack_featured_media_url":"","jetpack_shortlink":"https:\/\/wp.me\/p2JWE0-28y","jetpack-related-posts":[{"id":23178,"url":"https:\/\/www.24baires.com\/?p=23178","url_meta":{"origin":8218,"position":0},"title":"La AFSCA apel\u00f3 ante la Corte Suprema contra el \u00faltimo fallo","author":"AF","date":"10\/05\/2013","format":false,"excerpt":"La Autoridad Federal de Servicios de Comunicaci\u00f3n Audiovisual (AFSCA) present\u00f3 este viernes el recurso extraordinario federal ante la Corte Suprema de Justicia de la Naci\u00f3n contra el \u00faltimo fallo de la C\u00e1mara de Apelaciones en lo Civil y Comercial Federal sobre la ley de Servicios de Comunicaci\u00f3n Audiovisual. As\u00ed lo\u2026","rel":"","context":"En \u00abMedios\u00bb","block_context":{"text":"Medios","link":"https:\/\/www.24baires.com\/?cat=54"},"img":{"alt_text":"sabbatella fallo","src":"https:\/\/i0.wp.com\/www.24baires.com\/wp-content\/uploads\/2012\/12\/sabbatella-fallo-300x200.jpg?resize=350%2C200","width":350,"height":200},"classes":[]},{"id":16333,"url":"https:\/\/www.24baires.com\/?p=16333","url_meta":{"origin":8218,"position":1},"title":"Apelaron la medida cautelar contra la devoluci\u00f3n de La Rural","author":"Grupo Sierra","date":"21\/02\/2013","format":false,"excerpt":"El Gobierno apel\u00f3 la medida cautelar dictada por la C\u00e1mara Civil y Comercial federal durante la feria de enero en la que bloque\u00f3 el traspaso al Estado del predio ferial de la SRA. \u00a0 \u00a0 El tr\u00e1mite inicia el procedimiento para que la Corte Suprema de Justicia tome el expediente\u2026","rel":"","context":"En \u00abPol\u00edtica\u00bb","block_context":{"text":"Pol\u00edtica","link":"https:\/\/www.24baires.com\/?cat=51"},"img":{"alt_text":"rural","src":"https:\/\/i0.wp.com\/www.24baires.com\/wp-content\/uploads\/2013\/02\/rural-300x200.jpg?resize=350%2C200","width":350,"height":200},"classes":[]},{"id":3875,"url":"https:\/\/www.24baires.com\/?p=3875","url_meta":{"origin":8218,"position":2},"title":"Renunciaron los camaristas del fuero civil y comercial federal Farrel y Kiernan","author":"AF","date":"30\/10\/2012","format":false,"excerpt":"Los integrantes de la C\u00e1mara Nacional de Apelaciones Civil y Comercial se alejaron de sus cargos para permitir la puesta en marcha del mecanismo que establece la ley para el nombramiento de subrogantes,\u00a0tras la pol\u00e9mica por la designaci\u00f3n de jueces en torno a la Ley de Medios.\u00a0 Los jueces Mart\u00edn\u2026","rel":"","context":"En \u00abPol\u00edtica\u00bb","block_context":{"text":"Pol\u00edtica","link":"https:\/\/www.24baires.com\/?cat=51"},"img":{"alt_text":"","src":"","width":0,"height":0},"classes":[]},{"id":9584,"url":"https:\/\/www.24baires.com\/?p=9584","url_meta":{"origin":8218,"position":3},"title":"Ley de Medios: el juez Alfonso acept\u00f3 la apelaci\u00f3n de Clar\u00edn","author":"AF","date":"18\/12\/2012","format":false,"excerpt":"El juez subrogante de primera instancia en lo Civil y Comercial, Horacio Alfonso, acept\u00f3 este martes la apelaci\u00f3n del Grupo Clar\u00edn respecto del fallo que sosten\u00eda la constitucionalidad de los art\u00edculos 161 y 45 de la ley de Servicios de Comunicaci\u00f3n Audiovisual. La C\u00e1mara Nacional de Apelaciones en lo Civil\u2026","rel":"","context":"En \u00abMedios\u00bb","block_context":{"text":"Medios","link":"https:\/\/www.24baires.com\/?cat=54"},"img":{"alt_text":"alfonso juez","src":"https:\/\/i0.wp.com\/www.24baires.com\/wp-content\/uploads\/2012\/12\/alfonso-juez-300x224.jpg?resize=350%2C200","width":350,"height":200},"classes":[]},{"id":10728,"url":"https:\/\/www.24baires.com\/?p=10728","url_meta":{"origin":8218,"position":4},"title":"\u00abClar\u00edn tiene la esperanza de que se modifique el Congreso por eso extiende la cautelar\u00bb","author":"Grupo Sierra","date":"28\/12\/2012","format":false,"excerpt":"El ministro de Justicia, julio Alak se sum\u00f3 a los pedidos para que la C\u00e1mara Federal Civil y Comercial resuelva cuanto antes la cuesti\u00f3n de fondo sobre los art\u00edculos cuestionados de la Ley de Medios. Adem\u00e1s advirti\u00f3 que \"la estrategia final de Clar\u00edn es extender la cautelar hasta las pr\u00f3ximas\u2026","rel":"","context":"En \u00abPol\u00edtica\u00bb","block_context":{"text":"Pol\u00edtica","link":"https:\/\/www.24baires.com\/?cat=51"},"img":{"alt_text":"","src":"","width":0,"height":0},"classes":[]},{"id":8154,"url":"https:\/\/www.24baires.com\/?p=8154","url_meta":{"origin":8218,"position":5},"title":"Verg\u00fcenza Ajena: La C\u00e1mara recusada por el Gobierno extendi\u00f3 la cautelar al Grupo Clar\u00edn","author":"Grupo Sierra","date":"06\/12\/2012","format":false,"excerpt":"La C\u00e1mara en lo Civil y Comercial Federal favoreci\u00f3 al Grupo Clar\u00edn extendi\u00e9ndole la medida cautelar \"hasta que se dicte sentencia definitiva\". La decisi\u00f3n impide que se le aplique de forma plena la Ley de Medios al grupo period\u00edstico hasta que se resuelva la cuesti\u00f3n de la constitucionalidad del art\u00edculo\u2026","rel":"","context":"En \u00abMedios\u00bb","block_context":{"text":"Medios","link":"https:\/\/www.24baires.com\/?cat=54"},"img":{"alt_text":"","src":"","width":0,"height":0},"classes":[]}],"jetpack_sharing_enabled":true,"jetpack_likes_enabled":true,"_links":{"self":[{"href":"https:\/\/www.24baires.com\/index.php?rest_route=\/wp\/v2\/posts\/8218","targetHints":{"allow":["GET"]}}],"collection":[{"href":"https:\/\/www.24baires.com\/index.php?rest_route=\/wp\/v2\/posts"}],"about":[{"href":"https:\/\/www.24baires.com\/index.php?rest_route=\/wp\/v2\/types\/post"}],"author":[{"embeddable":true,"href":"https:\/\/www.24baires.com\/index.php?rest_route=\/wp\/v2\/users\/4"}],"replies":[{"embeddable":true,"href":"https:\/\/www.24baires.com\/index.php?rest_route=%2Fwp%2Fv2%2Fcomments&post=8218"}],"version-history":[{"count":3,"href":"https:\/\/www.24baires.com\/index.php?rest_route=\/wp\/v2\/posts\/8218\/revisions"}],"predecessor-version":[{"id":8222,"href":"https:\/\/www.24baires.com\/index.php?rest_route=\/wp\/v2\/posts\/8218\/revisions\/8222"}],"wp:attachment":[{"href":"https:\/\/www.24baires.com\/index.php?rest_route=%2Fwp%2Fv2%2Fmedia&parent=8218"}],"wp:term":[{"taxonomy":"category","embeddable":true,"href":"https:\/\/www.24baires.com\/index.php?rest_route=%2Fwp%2Fv2%2Fcategories&post=8218"},{"taxonomy":"post_tag","embeddable":true,"href":"https:\/\/www.24baires.com\/index.php?rest_route=%2Fwp%2Fv2%2Ftags&post=8218"}],"curies":[{"name":"wp","href":"https:\/\/api.w.org\/{rel}","templated":true}]}}