{"id":8210,"date":"2012-12-07T10:00:50","date_gmt":"2012-12-07T13:00:50","guid":{"rendered":"http:\/\/www.24baires.com\/?p=8210"},"modified":"2012-12-07T10:00:50","modified_gmt":"2012-12-07T13:00:50","slug":"ya-esta-circulando-la-polemica-propaganda-que-hasselhoff-filmo-para-scioli","status":"publish","type":"post","link":"https:\/\/www.24baires.com\/?p=8210","title":{"rendered":"Ya est\u00e1 circulando la pol\u00e9mica propaganda que Hasselhoff film\u00f3 para Scioli"},"content":{"rendered":"<p><object width=\"560\" height=\"420\" classid=\"clsid:d27cdb6e-ae6d-11cf-96b8-444553540000\" codebase=\"http:\/\/download.macromedia.com\/pub\/shockwave\/cabs\/flash\/swflash.cab#version=6,0,40,0\"><param name=\"allowFullScreen\" value=\"true\" \/><param name=\"allowscriptaccess\" value=\"always\" \/><param name=\"src\" value=\"http:\/\/www.youtube.com\/v\/9AWmkIhXPEI?version=3&amp;hl=es_ES;rel=0;showinfo=0;controls=0\" \/><param name=\"allowfullscreen\" value=\"true\" \/><\/object><\/p>\n<p><strong>COSTA ATL\u00c1NTICA &#8211;<\/strong>\u00a0El protagonista de la serie Baywatch, David Hasselhoff,\u00a0promociona las costas bonaerenses junto al argentino Emilio Disi en una publicidad titulada \u201cVamos a la playa\u201d, que encarg\u00f3 la secretar\u00eda de Turismo provincial de cara al verano 2013.<!--more--><\/p>\n<div><\/div>\n<p>La <a href=\"http:\/\/www.24baires.com\/wp-admin\/post.php?post=6267&amp;action=edit\" target=\"_blank\">pol\u00e9mica propaganda<\/a> ya comenz\u00f3 a circular por internet y por televisi\u00f3n.\u00a0El protagonista de la serie estadounidense Baywatch, David Hasselhoff, fue contratado por el Gobierno provincial para un spot de cara a la temporada 2013. Varios legisladores de la oposici\u00f3n cuestionaron un presunto desembolso en d\u00f3lares en medio de la crisis econ\u00f3mica que atraviesa la Provincia.<\/p>\n<p>&nbsp;<\/p>\n","protected":false},"excerpt":{"rendered":"<p>COSTA ATL\u00c1NTICA &#8211;\u00a0El protagonista de la serie Baywatch, David Hasselhoff,\u00a0promociona las costas bonaerenses junto al argentino Emilio Disi en una publicidad titulada \u201cVamos a la playa\u201d, que encarg\u00f3 la secretar\u00eda de Turismo provincial de cara al verano 2013.<\/p>\n","protected":false},"author":4,"featured_media":0,"comment_status":"open","ping_status":"open","sticky":false,"template":"","format":"standard","meta":{"_jetpack_newsletter_access":"","_jetpack_dont_email_post_to_subs":false,"_jetpack_newsletter_tier_id":0,"_jetpack_memberships_contains_paywalled_content":false,"_jetpack_memberships_contains_paid_content":false,"footnotes":""},"categories":[40],"tags":[],"class_list":["post-8210","post","type-post","status-publish","format-standard","hentry","category-provincia"],"jetpack_featured_media_url":"","jetpack_shortlink":"https:\/\/wp.me\/p2JWE0-28q","jetpack-related-posts":[{"id":11734,"url":"https:\/\/www.24baires.com\/?p=11734","url_meta":{"origin":8210,"position":0},"title":"Hasselhoff, el guardavidas de Scioli, fue elegido como peor actor","author":"AF","date":"10\/01\/2013","format":false,"excerpt":"El protagonista de la propaganda \"Vamos a la Playa\" no qued\u00f3 bien parado en la elecci\u00f3n de un premio. David Hasselhoff llega en el auto fant\u00e1stico a la playa. Se baja y corre como en Baywatch hasta la garita donde lo esperaba Emilio Disi. Uno de los protagonistas de los\u2026","rel":"","context":"En \u00abSociedad\u00bb","block_context":{"text":"Sociedad","link":"https:\/\/www.24baires.com\/?cat=1"},"img":{"alt_text":"disi hasselhoff","src":"https:\/\/i0.wp.com\/www.24baires.com\/wp-content\/uploads\/2013\/01\/disi-hasselhoff.jpg?resize=350%2C200","width":350,"height":200},"classes":[]},{"id":6267,"url":"https:\/\/www.24baires.com\/?p=6267","url_meta":{"origin":8210,"position":1},"title":"Scioli vuelve a hacer de la suyas: ahora habr\u00eda contratado David Hasselhoff de Baywatch","author":"Grupo Sierra","date":"21\/11\/2012","format":false,"excerpt":"El protagonista de la serie estadounidense Baywatch, David Hasselhoff, habr\u00eda sido contratado por el Gobierno provincial para un spot de cara a la temporada 2013. Varios legisladores de la oposici\u00f3n cuestionaron un presunto desembolso en d\u00f3lares en medio de la crisis econ\u00f3mica que atraviesa la Provincia. \"\u00bfEs una\u00a0joda? hace 4\u2026","rel":"","context":"En \u00abProvincia\u00bb","block_context":{"text":"Provincia","link":"https:\/\/www.24baires.com\/?cat=40"},"img":{"alt_text":"","src":"https:\/\/i0.wp.com\/www.24baires.com\/wp-content\/uploads\/2012\/11\/publicidad-mar-del-plata.jpg?resize=350%2C200","width":350,"height":200,"srcset":"https:\/\/i0.wp.com\/www.24baires.com\/wp-content\/uploads\/2012\/11\/publicidad-mar-del-plata.jpg?resize=350%2C200 1x, https:\/\/i0.wp.com\/www.24baires.com\/wp-content\/uploads\/2012\/11\/publicidad-mar-del-plata.jpg?resize=525%2C300 1.5x"},"classes":[]},{"id":6796,"url":"https:\/\/www.24baires.com\/?p=6796","url_meta":{"origin":8210,"position":2},"title":"Guardavidas se movilizar\u00e1n exigiendo pol\u00edticas de seguridad en playa","author":"AF","date":"26\/11\/2012","format":false,"excerpt":"El Sindicato \u00danico de Guardavidas de la Rep\u00fablica Argentina (SUGARA) confirm\u00f3 una movilizaci\u00f3n masiva a la Casa de Gobierno bonaerense, el pr\u00f3ximo mi\u00e9rcoles, ante la \u201causencia de pol\u00edticas de seguridad en Playa\u201d de la gesti\u00f3n de Daniel Scioli de cara al inicio de la temporada de verano. As\u00ed lo confirm\u00f3\u2026","rel":"","context":"En \u00abSociedad\u00bb","block_context":{"text":"Sociedad","link":"https:\/\/www.24baires.com\/?cat=1"},"img":{"alt_text":"","src":"https:\/\/i0.wp.com\/www.24baires.com\/wp-content\/uploads\/2012\/11\/guardavidas.png?resize=350%2C200","width":350,"height":200},"classes":[]},{"id":7113,"url":"https:\/\/www.24baires.com\/?p=7113","url_meta":{"origin":8210,"position":3},"title":"Guardavidas furiosos marcharon a la Gobernaci\u00f3n","author":"AF","date":"28\/11\/2012","format":false,"excerpt":"LA PLATA - Piden que la Jefatura de Gabinete remueva de su cargo al titular de la Comisi\u00f3n Provincial de Guardavidas, a quien acusan de \u201cusurpar un cargo y no entender nada de la actividad\u201d. Piden que \u201cse tome la profesi\u00f3n con seriedad\u201d y no descartan profundizar las medidas de\u2026","rel":"","context":"En \u00abSociedad\u00bb","block_context":{"text":"Sociedad","link":"https:\/\/www.24baires.com\/?cat=1"},"img":{"alt_text":"","src":"https:\/\/i0.wp.com\/www.24baires.com\/wp-content\/uploads\/2012\/11\/guardavidas-gobernaci%C3%B3n.jpg?resize=350%2C200","width":350,"height":200,"srcset":"https:\/\/i0.wp.com\/www.24baires.com\/wp-content\/uploads\/2012\/11\/guardavidas-gobernaci%C3%B3n.jpg?resize=350%2C200 1x, https:\/\/i0.wp.com\/www.24baires.com\/wp-content\/uploads\/2012\/11\/guardavidas-gobernaci%C3%B3n.jpg?resize=525%2C300 1.5x"},"classes":[]},{"id":102154,"url":"https:\/\/www.24baires.com\/?p=102154","url_meta":{"origin":8210,"position":4},"title":"Aranguren anticipa que bajar las tarifas tendr\u00eda un costo millonario","author":"AF","date":"15\/05\/2018","format":false,"excerpt":"El ministro de Energ\u00eda, principal impulsor del megatarifazo en los servicios, apret\u00f3 a los legisladores al decir que buscar retrotraer las tarifas el\u00e9ctricas a diciembre de 2017, tendr\u00eda un costo de $ 170.000 millones para el Estado. Ajustan y avisan que, sin megaajuste, habr\u00e1 megacostos. Esa es la manera coercitiva\u2026","rel":"","context":"En \u00abPol\u00edtica\u00bb","block_context":{"text":"Pol\u00edtica","link":"https:\/\/www.24baires.com\/?cat=51"},"img":{"alt_text":"","src":"https:\/\/i0.wp.com\/www.24baires.com\/wp-content\/uploads\/2016\/09\/aranguren.jpg?resize=350%2C200","width":350,"height":200,"srcset":"https:\/\/i0.wp.com\/www.24baires.com\/wp-content\/uploads\/2016\/09\/aranguren.jpg?resize=350%2C200 1x, https:\/\/i0.wp.com\/www.24baires.com\/wp-content\/uploads\/2016\/09\/aranguren.jpg?resize=525%2C300 1.5x"},"classes":[]},{"id":103172,"url":"https:\/\/www.24baires.com\/?p=103172","url_meta":{"origin":8210,"position":5},"title":"Como con los vuelos, el Gobierno nacional ahora apunta a \u00abmicros low cost\u00bb","author":"GB","date":"05\/07\/2018","format":false,"excerpt":"El ministro de Transporte, Guillermo Dietrich, adelant\u00f3 que en las pr\u00f3ximas semanas eliminar\u00e1n el precio m\u00ednimo en los pasajes de micros de media y larga distancia, como sucedi\u00f3 d\u00edas atr\u00e1s con los tickets de avi\u00f3n, por lo que se espera que aparezcan servicios denominados low cost (bajo costo). \"Van a\u2026","rel":"","context":"En \u00abPol\u00edtica\u00bb","block_context":{"text":"Pol\u00edtica","link":"https:\/\/www.24baires.com\/?cat=51"},"img":{"alt_text":"","src":"https:\/\/i0.wp.com\/www.24baires.com\/wp-content\/uploads\/2016\/03\/dietrich.jpg?resize=350%2C200","width":350,"height":200,"srcset":"https:\/\/i0.wp.com\/www.24baires.com\/wp-content\/uploads\/2016\/03\/dietrich.jpg?resize=350%2C200 1x, https:\/\/i0.wp.com\/www.24baires.com\/wp-content\/uploads\/2016\/03\/dietrich.jpg?resize=525%2C300 1.5x"},"classes":[]}],"jetpack_sharing_enabled":true,"jetpack_likes_enabled":true,"_links":{"self":[{"href":"https:\/\/www.24baires.com\/index.php?rest_route=\/wp\/v2\/posts\/8210","targetHints":{"allow":["GET"]}}],"collection":[{"href":"https:\/\/www.24baires.com\/index.php?rest_route=\/wp\/v2\/posts"}],"about":[{"href":"https:\/\/www.24baires.com\/index.php?rest_route=\/wp\/v2\/types\/post"}],"author":[{"embeddable":true,"href":"https:\/\/www.24baires.com\/index.php?rest_route=\/wp\/v2\/users\/4"}],"replies":[{"embeddable":true,"href":"https:\/\/www.24baires.com\/index.php?rest_route=%2Fwp%2Fv2%2Fcomments&post=8210"}],"version-history":[{"count":2,"href":"https:\/\/www.24baires.com\/index.php?rest_route=\/wp\/v2\/posts\/8210\/revisions"}],"predecessor-version":[{"id":8212,"href":"https:\/\/www.24baires.com\/index.php?rest_route=\/wp\/v2\/posts\/8210\/revisions\/8212"}],"wp:attachment":[{"href":"https:\/\/www.24baires.com\/index.php?rest_route=%2Fwp%2Fv2%2Fmedia&parent=8210"}],"wp:term":[{"taxonomy":"category","embeddable":true,"href":"https:\/\/www.24baires.com\/index.php?rest_route=%2Fwp%2Fv2%2Fcategories&post=8210"},{"taxonomy":"post_tag","embeddable":true,"href":"https:\/\/www.24baires.com\/index.php?rest_route=%2Fwp%2Fv2%2Ftags&post=8210"}],"curies":[{"name":"wp","href":"https:\/\/api.w.org\/{rel}","templated":true}]}}