{"id":82045,"date":"2016-04-28T19:30:40","date_gmt":"2016-04-28T22:30:40","guid":{"rendered":"http:\/\/www.24baires.com\/?p=82045"},"modified":"2016-04-28T17:50:12","modified_gmt":"2016-04-28T20:50:12","slug":"belen-no-es-macri","status":"publish","type":"post","link":"https:\/\/www.24baires.com\/?p=82045","title":{"rendered":"Bel\u00e9n no es Macri"},"content":{"rendered":"<p><img data-recalc-dims=\"1\" loading=\"lazy\" decoding=\"async\" src=\"https:\/\/i0.wp.com\/www.24baires.com\/wp-content\/uploads\/2016\/04\/marcha-aborto.jpg?resize=560%2C315\" alt=\"marcha aborto\" width=\"560\" height=\"315\" class=\"aligncenter size-full wp-image-82046\" srcset=\"https:\/\/i0.wp.com\/www.24baires.com\/wp-content\/uploads\/2016\/04\/marcha-aborto.jpg?w=560&amp;ssl=1 560w, https:\/\/i0.wp.com\/www.24baires.com\/wp-content\/uploads\/2016\/04\/marcha-aborto.jpg?resize=300%2C169&amp;ssl=1 300w\" sizes=\"auto, (max-width: 560px) 100vw, 560px\" \/>Desde hace algunos d\u00edas comenz\u00f3 a rebotar una noticia: una joven de 19 a\u00f1os, Bel\u00e9n, fue condenada a 8 a\u00f1os de prisi\u00f3n luego de haber tenido un aborto espont\u00e1neo en el Hospital de Cl\u00ednicas Avellaneda en San Miguel de Tucum\u00e1n. <!--more--><\/p>\n<p>Pero es noticia ahora, es decir, nos enteramos ahora aunque el origen de esa reciente condena sucedi\u00f3 hace tiempo. El 21 de marzo del 2014 Bel\u00e9n ingres\u00f3 a dicho nosocomio con fuertes dolores, con los s\u00edntomas de un aborto espont\u00e1neo. Ella no sab\u00eda que estaba embarazada. Los m\u00e9dicos y enfermeras del hospital encontraron un feto en el ba\u00f1o. Se lo llevaron, se lo mostraron y la acusaron.<br \/>\nBel\u00e9n nunca pudo volver a su casa. Qued\u00f3 detenida. La causa, iniciada como aborto, luego cambi\u00f3 de caratula a \u201chomicidio doblemente agravado por el v\u00ednculo y por alevos\u00eda\u201d. Bel\u00e9n estuvo estos m\u00e1s de dos a\u00f1os con prisi\u00f3n preventiva en una c\u00e1rcel de Tucum\u00e1n.<br \/>\nEsta joven norte\u00f1a proviene de un sector social vulnerado, y as\u00ed fue el trato que recibi\u00f3 desde el Estado, fiel reflejo de los abusos y privaciones que siempre vivi\u00f3. No s\u00f3lo hablamos del maltrato f\u00edsico y psicol\u00f3gico obvio, ya que alguien que llega en esas condiciones a un hospital debe ser atendido respetando sus derechos humanos, para empezar. Ni qu\u00e9 decir del hecho de que le presenten un feto en un recipiente, la acusen, la agredan y la maltraten los mismos que deber\u00edan velar porque sus derechos no sean vulnerados.<br \/>\nBel\u00e9n estuvo este tiempo con prisi\u00f3n preventiva, cuando sabemos que otros procesados han podido gozar de libertad mientras las causas en las que se los imputan avanzan (o no) en la Justicia. De hecho, en nuestro pa\u00eds, los procesados hasta pueden ser candidatos a Presidente. Y ganar. Pero Bel\u00e9n no es Macri, ni naci\u00f3 sin privaciones como \u00e9l, ni tiene un pasar acomodado, ni recibi\u00f3 la educaci\u00f3n y contenci\u00f3n necesaria cuando qued\u00f3 detenida. No pudo pagar abogados, la defensora que le toc\u00f3 antes de la exposici\u00f3n oral, en ning\u00fan momento se\u00f1al\u00f3 estas aberraciones en el proceso, que habr\u00edan podido propiciar la anulaci\u00f3n del juicio que el 19 de abril la conden\u00f3.<br \/>\nClaro. Bel\u00e9n es pobre, una obviedad a esta altura, pero la base podrida de toda esta historia, de la historia de todas las Bel\u00e9n que llegan a un hospital con un aborto espont\u00e1neo o que quieren interrumpir un embarazo. Si Bel\u00e9n hubiera querido abortar y hubiera tenido recursos, no estar\u00eda presa. Pero, otra vez, Bel\u00e9n es pobre. Tiene esa otra condena sobre sus hombros: la desigualdad, la injusticia, el asesino mandato patriarcal de nuestra sociedad.<br \/>\nQuiz\u00e1 si Bel\u00e9n hubiera muerto desangrada o por otras complicaciones el d\u00eda que entr\u00f3 al hospital, no hubi\u00e9ramos conocido su caso. Porque hubiera sido una m\u00e1s de las cientos de pibas que pierden la vida todos los a\u00f1os por abortos clandestinos. Un cad\u00e1ver m\u00e1s de mujer pobre en una pila que no para de crecer.<br \/>\nReci\u00e9n ahora Bel\u00e9n tiene una abogada que en verdad hace su trabajo: defenderla. A Bel\u00e9n nadie le va a devolver estos a\u00f1os en prisi\u00f3n, nadie le va a retirar de la memoria ese feto que le estamparon delante de sus ojos mientras la se\u00f1alaban con el dedo quienes deb\u00edan sanarla y atenderla. A Bel\u00e9n nadie la salvar\u00e1 de semejante maltrato, porque ya la lastimaron todos aquellos que deb\u00edan hacer valer sus derechos.<br \/>\nY aunque no existen pruebas de que se haya provocado el aborto ni de que ese feto tenga alguna filiaci\u00f3n con ella, est\u00e1 condenada a otros 8 a\u00f1os en la c\u00e1rcel. Muchas menos pruebas hay de que haya asesinado a una persona, como rezaba la car\u00e1tula de su caso.<br \/>\nPero ah\u00ed est\u00e1 Bel\u00e9n, privada de su libertad, no s\u00f3lo desde que fue retenida e imputada, sino desde mucho antes. El mismo Estado atent\u00f3 contra su libertad aun antes de vulnerar en el hospital los derechos por los que deb\u00eda velar, porque \u00bfqu\u00e9 opciones tuvo esta joven? Ninguna. Lleg\u00f3 condenada a urgencias, condenada por las condiciones de su procedencia, condenada por una justicia que obliga a la maternidad a las mujeres, que decide sobre nuestros cuerpos anulando nuestro albedr\u00edo. Condenada por la matriz machista de una sociedad que mira hacia otro lado cada vez que una piba deja en tierra la sangre y las tripas apu\u00f1adas con agujas de tejer porque no quiere parir.<br \/>\nHace tiempo se logr\u00f3 un avance: el aborto no punible. Con este protocolo, cuando peligra la vida de la embarazada o cuando el embarazo es producto de una violaci\u00f3n, se puede practicar legalmente un aborto. La ley dice que \u201ces de aplicaci\u00f3n obligatoria en todo el territorio argentino y debe ser puesto en pr\u00e1ctica por todas las instituciones sanitarias, tanto p\u00fablicas como privadas\u201d. A Bel\u00e9n nadie le pregunt\u00f3 nada. No indagaron c\u00f3mo fue que qued\u00f3 embarazada, ni si su salud corr\u00eda riesgos, s\u00f3lo la culparon sin m\u00e1s y la metieron en prisi\u00f3n.<br \/>\nEste caso, con todo el dolor que ha tra\u00eddo para su protagonista, sirve para volver a poner en escena un tema que la mayor\u00eda trata de ocultar siempre, cuando no negarlo: la imperiosa necesidad de legalizar el aborto. No s\u00f3lo despenalizarlo, sino hacerlo libre, seguro y gratuito. Porque van a seguir muriendo mujeres por practicarlo en la clandestinidad, en condiciones nada higi\u00e9nicas, arriesgando la vida, porque la violencia institucional que sufren es moneda corriente, porque el cuerpo de una mujer es de ella y de nadie m\u00e1s. Porque decir Ni Una Menos, tambi\u00e9n es decir Aborto Legal.<\/p>\n","protected":false},"excerpt":{"rendered":"<p>Desde hace algunos d\u00edas comenz\u00f3 a rebotar una noticia: una joven de 19 a\u00f1os, Bel\u00e9n, fue condenada a 8 a\u00f1os de prisi\u00f3n luego de haber tenido un aborto espont\u00e1neo en el Hospital de Cl\u00ednicas Avellaneda en San Miguel de Tucum\u00e1n.<\/p>\n","protected":false},"author":8,"featured_media":0,"comment_status":"open","ping_status":"open","sticky":false,"template":"","format":"standard","meta":{"_jetpack_newsletter_access":"","_jetpack_dont_email_post_to_subs":false,"_jetpack_newsletter_tier_id":0,"_jetpack_memberships_contains_paywalled_content":false,"_jetpack_memberships_contains_paid_content":false,"footnotes":""},"categories":[64],"tags":[],"class_list":["post-82045","post","type-post","status-publish","format-standard","hentry","category-opinion"],"jetpack_featured_media_url":"","jetpack_shortlink":"https:\/\/wp.me\/p2JWE0-llj","jetpack-related-posts":[{"id":93360,"url":"https:\/\/www.24baires.com\/?p=93360","url_meta":{"origin":82045,"position":0},"title":"Absolvieron a Bel\u00e9n, la joven que estuvo presa tras un aborto espont\u00e1neo","author":"GB","date":"27\/03\/2017","format":false,"excerpt":"La Justicia dej\u00f3 sin efecto el fallo que sentenciaba a la joven a ocho a\u00f1os de prisi\u00f3n por \u201chomicidio doblemente agravado y por alevos\u00eda\u201d. La detenci\u00f3n por casi dos a\u00f1os y la condena hab\u00edan sido fuertemente repudiadas por organismos nacionales e internacionales. La Corte Suprema de Tucum\u00e1n absolvi\u00f3 a \"Bel\u00e9n\",\u2026","rel":"","context":"En \u00abSociedad\u00bb","block_context":{"text":"Sociedad","link":"https:\/\/www.24baires.com\/?cat=1"},"img":{"alt_text":"","src":"https:\/\/i0.wp.com\/www.24baires.com\/wp-content\/uploads\/2017\/03\/justicia-por-belen.jpg?resize=350%2C200","width":350,"height":200,"srcset":"https:\/\/i0.wp.com\/www.24baires.com\/wp-content\/uploads\/2017\/03\/justicia-por-belen.jpg?resize=350%2C200 1x, https:\/\/i0.wp.com\/www.24baires.com\/wp-content\/uploads\/2017\/03\/justicia-por-belen.jpg?resize=525%2C300 1.5x"},"classes":[]},{"id":113011,"url":"https:\/\/www.24baires.com\/?p=113011","url_meta":{"origin":82045,"position":1},"title":"Contundente apoyo de Alberto Fern\u00e1ndez para la aprobaci\u00f3n del aborto legal","author":"GB","date":"15\/11\/2019","format":false,"excerpt":"El presidente electo particip\u00f3 de la presentaci\u00f3n del libro \"Somos Belen\" sobre la j\u00f3ven que estuvo 29 meses presa por un aborto espont\u00e1neo en Tucum\u00e1n. \u201cEra muy necesario estar presente, mi objetivo es que las mujeres tengan m\u00e1s derechos\u201d, precis\u00f3 el mandatario que asumir\u00e1 el 10 de diciembre. El 18\u2026","rel":"","context":"En \u00abSociedad\u00bb","block_context":{"text":"Sociedad","link":"https:\/\/www.24baires.com\/?cat=1"},"img":{"alt_text":"","src":"https:\/\/i0.wp.com\/www.24baires.com\/wp-content\/uploads\/2019\/11\/alberto-aborto.jpg?resize=350%2C200","width":350,"height":200,"srcset":"https:\/\/i0.wp.com\/www.24baires.com\/wp-content\/uploads\/2019\/11\/alberto-aborto.jpg?resize=350%2C200 1x, https:\/\/i0.wp.com\/www.24baires.com\/wp-content\/uploads\/2019\/11\/alberto-aborto.jpg?resize=525%2C300 1.5x"},"classes":[]},{"id":113030,"url":"https:\/\/www.24baires.com\/?p=113030","url_meta":{"origin":82045,"position":2},"title":"Alberto Fern\u00e1ndez enviar\u00e1 \u201ccuanto antes\u201d un proyecto para legalizar el aborto al Congreso","author":"GB","date":"18\/11\/2019","format":false,"excerpt":"El presidente electo Alberto Fern\u00e1ndez lo anunci\u00f3 ayer durante una entrevista y adem\u00e1s, destac\u00f3 que se trata de un tema que va mas all\u00e1 de debates entre progresistas y conservadores, porque es de salud p\u00fablica. Adem\u00e1s record\u00f3 que despenalizaci\u00f3n no implica obligatoriedad. \u201cQuisiera que el debate no sea una disputa\u2026","rel":"","context":"En \u00abPol\u00edtica\u00bb","block_context":{"text":"Pol\u00edtica","link":"https:\/\/www.24baires.com\/?cat=51"},"img":{"alt_text":"","src":"https:\/\/i0.wp.com\/www.24baires.com\/wp-content\/uploads\/2019\/11\/alberto-aborto.jpg?resize=350%2C200","width":350,"height":200,"srcset":"https:\/\/i0.wp.com\/www.24baires.com\/wp-content\/uploads\/2019\/11\/alberto-aborto.jpg?resize=350%2C200 1x, https:\/\/i0.wp.com\/www.24baires.com\/wp-content\/uploads\/2019\/11\/alberto-aborto.jpg?resize=525%2C300 1.5x"},"classes":[]},{"id":94254,"url":"https:\/\/www.24baires.com\/?p=94254","url_meta":{"origin":82045,"position":3},"title":"El Comit\u00e9 contra la Tortura de la ONU cuestion\u00f3 al Estado argentino","author":"GB","date":"03\/05\/2017","format":false,"excerpt":"El debilitamiento del proceso de juicios a los represores, la tortura sistem\u00e1tica en los lugares de encierro, los abusos cometidos por fuerzas de seguridad y los retrocesos en materia de pol\u00edticas migratorias fueron algunos de los puntos se\u00f1alados por los referentes de Naciones Unidas. El Comit\u00e9 de las Naciones Unidas\u2026","rel":"","context":"En \u00abSociedad\u00bb","block_context":{"text":"Sociedad","link":"https:\/\/www.24baires.com\/?cat=1"},"img":{"alt_text":"","src":"https:\/\/i0.wp.com\/www.24baires.com\/wp-content\/uploads\/2017\/05\/devoto.jpg?resize=350%2C200","width":350,"height":200,"srcset":"https:\/\/i0.wp.com\/www.24baires.com\/wp-content\/uploads\/2017\/05\/devoto.jpg?resize=350%2C200 1x, https:\/\/i0.wp.com\/www.24baires.com\/wp-content\/uploads\/2017\/05\/devoto.jpg?resize=525%2C300 1.5x"},"classes":[]},{"id":33758,"url":"https:\/\/www.24baires.com\/?p=33758","url_meta":{"origin":82045,"position":4},"title":"Bel\u00e9n Mosquera: del video con Cabandi\u00e9 a las fotos &#8216;hot&#8217; en Noticias","author":"GB","date":"18\/10\/2013","format":false,"excerpt":"La ex agente de la polic\u00eda bonaerense de 22 a\u00f1os aparece en versi\u00f3n er\u00f3tica, tras haber saltado a la fama por la discusi\u00f3n con el diputado kirchnerista. Parece ser que Bel\u00e9n Mosquera sigue los pasos de Mar\u00eda Luj\u00e1n Telpuk, la agente de seguridad aeroportuaria que descubri\u00f3 los d\u00f3lares en la\u2026","rel":"","context":"En \u00abPol\u00edtica\u00bb","block_context":{"text":"Pol\u00edtica","link":"https:\/\/www.24baires.com\/?cat=51"},"img":{"alt_text":"beles mosquera","src":"https:\/\/i0.wp.com\/www.24baires.com\/wp-content\/uploads\/2013\/10\/beles-mosquera.jpg?resize=350%2C200","width":350,"height":200,"srcset":"https:\/\/i0.wp.com\/www.24baires.com\/wp-content\/uploads\/2013\/10\/beles-mosquera.jpg?resize=350%2C200 1x, https:\/\/i0.wp.com\/www.24baires.com\/wp-content\/uploads\/2013\/10\/beles-mosquera.jpg?resize=525%2C300 1.5x"},"classes":[]},{"id":69859,"url":"https:\/\/www.24baires.com\/?p=69859","url_meta":{"origin":82045,"position":5},"title":"Ordenaron la captura del acusado de matar a Bel\u00e9n","author":"AF","date":"31\/07\/2015","format":false,"excerpt":"Alberto Sebasti\u00e1n Moreno no tiene auto, ni celular. Los investigadores creen que, tras el crimen, fue hasta la empresa arenera de la zona en la que trabajaba a pedir ayuda. El titular del Juzgado de Garant\u00edas N\u00ba 7 de Pilar, Walter Saettone, pidi\u00f3 la \u201ccaptura nacional\u201d: la medida implica el\u2026","rel":"","context":"En \u00abGeneral\u00bb","block_context":{"text":"General","link":"https:\/\/www.24baires.com\/?cat=67"},"img":{"alt_text":"moreno2","src":"https:\/\/i0.wp.com\/www.24baires.com\/wp-content\/uploads\/2015\/07\/moreno2-300x200.jpg?resize=350%2C200","width":350,"height":200},"classes":[]}],"jetpack_sharing_enabled":true,"jetpack_likes_enabled":true,"_links":{"self":[{"href":"https:\/\/www.24baires.com\/index.php?rest_route=\/wp\/v2\/posts\/82045","targetHints":{"allow":["GET"]}}],"collection":[{"href":"https:\/\/www.24baires.com\/index.php?rest_route=\/wp\/v2\/posts"}],"about":[{"href":"https:\/\/www.24baires.com\/index.php?rest_route=\/wp\/v2\/types\/post"}],"author":[{"embeddable":true,"href":"https:\/\/www.24baires.com\/index.php?rest_route=\/wp\/v2\/users\/8"}],"replies":[{"embeddable":true,"href":"https:\/\/www.24baires.com\/index.php?rest_route=%2Fwp%2Fv2%2Fcomments&post=82045"}],"version-history":[{"count":1,"href":"https:\/\/www.24baires.com\/index.php?rest_route=\/wp\/v2\/posts\/82045\/revisions"}],"predecessor-version":[{"id":82047,"href":"https:\/\/www.24baires.com\/index.php?rest_route=\/wp\/v2\/posts\/82045\/revisions\/82047"}],"wp:attachment":[{"href":"https:\/\/www.24baires.com\/index.php?rest_route=%2Fwp%2Fv2%2Fmedia&parent=82045"}],"wp:term":[{"taxonomy":"category","embeddable":true,"href":"https:\/\/www.24baires.com\/index.php?rest_route=%2Fwp%2Fv2%2Fcategories&post=82045"},{"taxonomy":"post_tag","embeddable":true,"href":"https:\/\/www.24baires.com\/index.php?rest_route=%2Fwp%2Fv2%2Ftags&post=82045"}],"curies":[{"name":"wp","href":"https:\/\/api.w.org\/{rel}","templated":true}]}}