{"id":81931,"date":"2016-04-26T17:04:40","date_gmt":"2016-04-26T20:04:40","guid":{"rendered":"http:\/\/www.24baires.com\/?p=81931"},"modified":"2016-04-27T10:53:50","modified_gmt":"2016-04-27T13:53:50","slug":"cablevision-ya-puede-dar-telefonia-fija","status":"publish","type":"post","link":"https:\/\/www.24baires.com\/?p=81931","title":{"rendered":"Cablevisi\u00f3n ya puede dar telefon\u00eda fija"},"content":{"rendered":"<p><img data-recalc-dims=\"1\" loading=\"lazy\" decoding=\"async\" src=\"https:\/\/i0.wp.com\/www.24baires.com\/wp-content\/uploads\/2012\/12\/cablevisi%C3%B3n1.jpg?resize=560%2C372\" alt=\"cablevisi\u00f3n\" width=\"560\" height=\"372\" class=\"aligncenter size-full wp-image-10382\" srcset=\"https:\/\/i0.wp.com\/www.24baires.com\/wp-content\/uploads\/2012\/12\/cablevisi%C3%B3n1.jpg?w=560&amp;ssl=1 560w, https:\/\/i0.wp.com\/www.24baires.com\/wp-content\/uploads\/2012\/12\/cablevisi%C3%B3n1.jpg?resize=300%2C199&amp;ssl=1 300w\" sizes=\"auto, (max-width: 560px) 100vw, 560px\" \/>Fibertel puede transferir a la empresa de tv paga la licencia de telecomunicaciones obtenida en 2002. Lo permiti\u00f3 el Enacom.<!--more--><\/p>\n<p>A trav\u00e9s de la resoluci\u00f3n 1359 del ENACOM (Ente Nacional de Comunicaciones) se habilit\u00f3 a Cablevisi\u00f3n para para ofrecer servicios de telecomunicaciones incluyendo transmisi\u00f3n de datos, aviso a personas, videoconferencia, repetidor comunitario, transporte de se\u00f1ales de radiodifusi\u00f3n, servicios de valor agregado y radioel\u00e9ctrico de concentraci\u00f3n de enlaces, telefon\u00eda local y telefon\u00eda p\u00fablica.<\/p>\n<p>De esta manera se autoriz\u00f3 a Fibertel a transferir a Cablevisi\u00f3n la licencia \u00fanica de servicios de telecomunicaciones y los registros para servicios relacionados. En agosto 2010 la gesti\u00f3n anterior hab\u00eda rechazado lo hab\u00eda rechazado.<\/p>\n<p>En este marco Fibertel, Cablevisi\u00f3n y el grupo Clar\u00edn apelaron a la Justicia y en febrero de este a\u00f1o el Ministerio de Comunicaciones elimin\u00f3 la resoluci\u00f3n por \u201crazones de ilegitimidad\u201d. De esta manera el ministro Oscar Aguad declar\u00f3 caducas las licencias.<\/p>\n","protected":false},"excerpt":{"rendered":"<p>Fibertel puede transferir a la empresa de tv paga la licencia de telecomunicaciones obtenida en 2002. Lo permiti\u00f3 el Enacom.<\/p>\n","protected":false},"author":8,"featured_media":0,"comment_status":"open","ping_status":"open","sticky":false,"template":"","format":"standard","meta":{"_jetpack_newsletter_access":"","_jetpack_dont_email_post_to_subs":false,"_jetpack_newsletter_tier_id":0,"_jetpack_memberships_contains_paywalled_content":false,"_jetpack_memberships_contains_paid_content":false,"footnotes":""},"categories":[54],"tags":[],"class_list":["post-81931","post","type-post","status-publish","format-standard","hentry","category-medios"],"jetpack_featured_media_url":"","jetpack_shortlink":"https:\/\/wp.me\/p2JWE0-ljt","jetpack-related-posts":[{"id":116810,"url":"https:\/\/www.24baires.com\/?p=116810","url_meta":{"origin":81931,"position":0},"title":"Enero traer\u00e1 subas de hasta el 20% en la tarifa de cable, internet y telefon\u00eda","author":"GB","date":"02\/12\/2020","format":false,"excerpt":"Las compa\u00f1\u00edas que proveen los servicios argumentaron que la decisi\u00f3n responde a \u201clos incrementos que no pudieron realizar\u201d durante la mayor parte de este a\u00f1o. Las empresas proveedoras de los servicios de Internet, televisi\u00f3n por cable y telefon\u00eda fija y m\u00f3vil advirti\u00f3 a sus usuarios que enero llegar\u00e1 con aumentos\u2026","rel":"","context":"En \u00abConsumidores\u00bb","block_context":{"text":"Consumidores","link":"https:\/\/www.24baires.com\/?cat=78"},"img":{"alt_text":"","src":"https:\/\/i0.wp.com\/www.24baires.com\/wp-content\/uploads\/2014\/06\/celular.jpg?resize=350%2C200","width":350,"height":200,"srcset":"https:\/\/i0.wp.com\/www.24baires.com\/wp-content\/uploads\/2014\/06\/celular.jpg?resize=350%2C200 1x, https:\/\/i0.wp.com\/www.24baires.com\/wp-content\/uploads\/2014\/06\/celular.jpg?resize=525%2C300 1.5x"},"classes":[]},{"id":624,"url":"https:\/\/www.24baires.com\/?p=624","url_meta":{"origin":81931,"position":1},"title":"La CNC asegur\u00f3 que \u00abFibertel no tiene autorizaci\u00f3n legal para funcionar\u00bb","author":"Grupo Sierra","date":"28\/09\/2012","format":false,"excerpt":"El interventor de la Comisi\u00f3n Nacional de Comunicaciones, Ceferino Namuncur\u00e1, record\u00f3 que Fibertel no tiene la autorizaci\u00f3n \"puesto que le fue determinada la caducidad de la licencia al violar la normativa vigente en materia de regulaci\u00f3n de las telecomunicaciones\". Namuncur\u00e1 realiz\u00f3 estas declaraciones en respuesta a los conceptos vertidos ayer\u2026","rel":"","context":"En \u00abMedios\u00bb","block_context":{"text":"Medios","link":"https:\/\/www.24baires.com\/?cat=54"},"img":{"alt_text":"","src":"","width":0,"height":0},"classes":[]},{"id":103076,"url":"https:\/\/www.24baires.com\/?p=103076","url_meta":{"origin":81931,"position":2},"title":"Aprobaron la megafusi\u00f3n entre Cablevisi\u00f3n y Telecom","author":"AF","date":"29\/06\/2018","format":false,"excerpt":"El visto bueno lleg\u00f3 a trav\u00e9s de la \"Comisi\u00f3n Nacional de Defensa de la Competencia\". El negocio de las telecomunicaciones -virtualmente- pasa a manos del Grupo hegem\u00f3nico de H\u00e9ctor Magnetto. El nuevo gigante vale cerca de u$s11 mil millones. Finalmente, el Gobierno de Mauricio Macri aprob\u00f3 la fusi\u00f3n entre Cablevisi\u00f3n,\u2026","rel":"","context":"En \u00abSociedad\u00bb","block_context":{"text":"Sociedad","link":"https:\/\/www.24baires.com\/?cat=1"},"img":{"alt_text":"","src":"https:\/\/i0.wp.com\/www.24baires.com\/wp-content\/uploads\/2012\/12\/cablevisi%C3%B3n1.jpg?resize=350%2C200","width":350,"height":200,"srcset":"https:\/\/i0.wp.com\/www.24baires.com\/wp-content\/uploads\/2012\/12\/cablevisi%C3%B3n1.jpg?resize=350%2C200 1x, https:\/\/i0.wp.com\/www.24baires.com\/wp-content\/uploads\/2012\/12\/cablevisi%C3%B3n1.jpg?resize=525%2C300 1.5x"},"classes":[]},{"id":117494,"url":"https:\/\/www.24baires.com\/?p=117494","url_meta":{"origin":81931,"position":3},"title":"Vuelven a aumentar los celulares","author":"GB","date":"28\/04\/2021","format":false,"excerpt":"Lejos de las pretensiones del Gobierno, las empresas desoyen a Enacom y subir\u00e1n muy por encima de la meta inflacionaria cuando a\u00fan restar\u00e1 un semestre para que finalice el a\u00f1o. Otra vez vuelven a subir los planes de celulares y tambi\u00e9n lo har\u00e1n los servicios de televisi\u00f3n paga e internet.\u2026","rel":"","context":"En \u00abConsumidores\u00bb","block_context":{"text":"Consumidores","link":"https:\/\/www.24baires.com\/?cat=78"},"img":{"alt_text":"","src":"https:\/\/i0.wp.com\/www.24baires.com\/wp-content\/uploads\/2014\/06\/celular.jpg?resize=350%2C200","width":350,"height":200,"srcset":"https:\/\/i0.wp.com\/www.24baires.com\/wp-content\/uploads\/2014\/06\/celular.jpg?resize=350%2C200 1x, https:\/\/i0.wp.com\/www.24baires.com\/wp-content\/uploads\/2014\/06\/celular.jpg?resize=525%2C300 1.5x"},"classes":[]},{"id":19022,"url":"https:\/\/www.24baires.com\/?p=19022","url_meta":{"origin":81931,"position":4},"title":"Repudian convenio entre Cablevisi\u00f3n y el Banco Provincia","author":"AF","date":"21\/03\/2013","format":false,"excerpt":"La C\u00e1mara de Diputados bonaerense aprob\u00f3 un proyecto de declaraci\u00f3n de Nuevo Encuentro que cuestiona el convenio entre el Banco de la Provincia de Buenos Aires y la empresa Cablevisi\u00f3n, por el cual se ofrecen descuentos a los clientes de la banca p\u00fablica que adhieran al cableoperador y al servicio\u2026","rel":"","context":"En \u00abSociedad\u00bb","block_context":{"text":"Sociedad","link":"https:\/\/www.24baires.com\/?cat=1"},"img":{"alt_text":"","src":"","width":0,"height":0},"classes":[]},{"id":99570,"url":"https:\/\/www.24baires.com\/?p=99570","url_meta":{"origin":81931,"position":5},"title":"Enacom aprob\u00f3 la fusi\u00f3n de Telecom con Cablevisi\u00f3n","author":"AF","date":"21\/12\/2017","format":false,"excerpt":"La operaci\u00f3n considerada como la mas importante de la historia de las comunicaciones en el pa\u00eds fue tomada hoy por el directorio del Ente Nacional de Comunicaciones. C\u00f3mo afectar\u00e1 a los consumidores y al mercado de Internet. El directorio del Ente Nacional de Comunicaciones (Enacom) aprob\u00f3 hoy la fusi\u00f3n de\u2026","rel":"","context":"En \u00abSociedad\u00bb","block_context":{"text":"Sociedad","link":"https:\/\/www.24baires.com\/?cat=1"},"img":{"alt_text":"","src":"https:\/\/i0.wp.com\/www.24baires.com\/wp-content\/uploads\/2017\/12\/f.jpg?resize=350%2C200","width":350,"height":200,"srcset":"https:\/\/i0.wp.com\/www.24baires.com\/wp-content\/uploads\/2017\/12\/f.jpg?resize=350%2C200 1x, https:\/\/i0.wp.com\/www.24baires.com\/wp-content\/uploads\/2017\/12\/f.jpg?resize=525%2C300 1.5x"},"classes":[]}],"jetpack_sharing_enabled":true,"jetpack_likes_enabled":true,"_links":{"self":[{"href":"https:\/\/www.24baires.com\/index.php?rest_route=\/wp\/v2\/posts\/81931","targetHints":{"allow":["GET"]}}],"collection":[{"href":"https:\/\/www.24baires.com\/index.php?rest_route=\/wp\/v2\/posts"}],"about":[{"href":"https:\/\/www.24baires.com\/index.php?rest_route=\/wp\/v2\/types\/post"}],"author":[{"embeddable":true,"href":"https:\/\/www.24baires.com\/index.php?rest_route=\/wp\/v2\/users\/8"}],"replies":[{"embeddable":true,"href":"https:\/\/www.24baires.com\/index.php?rest_route=%2Fwp%2Fv2%2Fcomments&post=81931"}],"version-history":[{"count":1,"href":"https:\/\/www.24baires.com\/index.php?rest_route=\/wp\/v2\/posts\/81931\/revisions"}],"predecessor-version":[{"id":81932,"href":"https:\/\/www.24baires.com\/index.php?rest_route=\/wp\/v2\/posts\/81931\/revisions\/81932"}],"wp:attachment":[{"href":"https:\/\/www.24baires.com\/index.php?rest_route=%2Fwp%2Fv2%2Fmedia&parent=81931"}],"wp:term":[{"taxonomy":"category","embeddable":true,"href":"https:\/\/www.24baires.com\/index.php?rest_route=%2Fwp%2Fv2%2Fcategories&post=81931"},{"taxonomy":"post_tag","embeddable":true,"href":"https:\/\/www.24baires.com\/index.php?rest_route=%2Fwp%2Fv2%2Ftags&post=81931"}],"curies":[{"name":"wp","href":"https:\/\/api.w.org\/{rel}","templated":true}]}}