{"id":81833,"date":"2016-04-23T17:00:26","date_gmt":"2016-04-23T20:00:26","guid":{"rendered":"http:\/\/www.24baires.com\/?p=81833"},"modified":"2016-04-23T15:13:20","modified_gmt":"2016-04-23T18:13:20","slug":"el-gobierno-de-las-cuentas-offshore-busca-deslegitimar-la-lucha-de-trimarco","status":"publish","type":"post","link":"https:\/\/www.24baires.com\/?p=81833","title":{"rendered":"El gobierno de las cuentas offshore busca deslegitimar la lucha de Trimarco"},"content":{"rendered":"<p><img data-recalc-dims=\"1\" loading=\"lazy\" decoding=\"async\" class=\"aligncenter size-full wp-image-69806\" src=\"https:\/\/i0.wp.com\/www.24baires.com\/wp-content\/uploads\/2015\/07\/trimarco3.jpg?resize=560%2C315\" alt=\"trimarco3\" width=\"560\" height=\"315\" srcset=\"https:\/\/i0.wp.com\/www.24baires.com\/wp-content\/uploads\/2015\/07\/trimarco3.jpg?w=560&amp;ssl=1 560w, https:\/\/i0.wp.com\/www.24baires.com\/wp-content\/uploads\/2015\/07\/trimarco3.jpg?resize=300%2C169&amp;ssl=1 300w\" sizes=\"auto, (max-width: 560px) 100vw, 560px\" \/>Hace unos d\u00edas nos enteramos de algo ins\u00f3lito: El gobierno nacional intim\u00f3 a la Fundaci\u00f3n Mar\u00eda de los \u00c1ngeles Ver\u00f3n a devolver dos terrenos que la administraci\u00f3n de Cristina Kirchner le hab\u00eda cedido en comodato para la contenci\u00f3n de las v\u00edctimas de trata, violencia de g\u00e9nero y sus hijos. <!--more--><\/p>\n<p>All\u00ed Susana Trimarco, madre de Marita Ver\u00f3n y presidenta de la Fundaci\u00f3n, hab\u00eda planeado la construcci\u00f3n de un Centro de Desarrollo Materno Infantil y una Casa Educativa Terap\u00e9utica, un polideportivo con pileta de nataci\u00f3n ol\u00edmpica, una plaza seca y un jard\u00edn con preescolar con capacidad para 118 ni\u00f1os. Adem\u00e1s, all\u00ed se desarrollar\u00edan microemprendimientos de peluquer\u00eda, cocina, reposter\u00eda, pintura, corte y confecci\u00f3n: opciones, oportunidades de desarrollo laboral para las chicas rescatadas de las redes de trata.<br \/>\n\u00bfY qu\u00e9 pas\u00f3? Bueno, la Agencia de Administraci\u00f3n de Bienes del Estado (AABE), orden\u00f3 que la ONG \u201cdesocupe y restituya los inmuebles en un t\u00e9rmino de diez d\u00edas a contar desde la notificaci\u00f3n de la medida, bajo apercibimiento de iniciar las acciones legales pertinentes\u201d. Desde ese organismo explicaron que la medida corresponde \u201ca una decisi\u00f3n pol\u00edtica del Poder Ejecutivo Nacional de hacer prevalecer el proceso de preservaci\u00f3n del patrimonio inmobiliario estatal y la racionalizaci\u00f3n del espacio f\u00edsico del mismo, con vistas a su mejor aprovechamiento y utilizaci\u00f3n\u201d.<\/p>\n<p>La decisi\u00f3n de retirarle los predios cedidos a la Fundaci\u00f3n de debi\u00f3, nos cuenta diligentemente Clar\u00edn, a que, \u201cluego de conocerse un informe de la secretaria de Vivienda y H\u00e1bitat, que conduce el ex intendente de la capital tucumana Domingo Amaya. El escrito daba cuenta de que el monto pautado para los trabajos es de $ 22,4 millones, y que a principios de diciembre del a\u00f1o pasado se hab\u00eda hecho el primer pago por $ 5,6 millones\u201d, y que \u201cA la fecha, dicho pago no ha sido rendido ni se ha presentado el certificado de inicio de obra\u201d.<\/p>\n<p>Pero en la misma nota de ese medio oligop\u00f3lico, tambi\u00e9n podemos leer que Trimarco asegur\u00f3 que \u201cfui yo misma quien inform\u00f3 al secretario de Vivienda, Domingo Amaya, que la Naci\u00f3n nos hab\u00eda enviado ese dinero antes de que finalice la anterior gesti\u00f3n. Viaj\u00e9 en enero, tras solicitarle una audiencia, para comentarle sobre esa situaci\u00f3n y para pedirle su opini\u00f3n sobre qu\u00e9 hacer con los recursos. Contin\u00faan en la cuenta, porque lo enviado era insuficiente para comenzar y garantizar la continuidad de la obra\u201d.<\/p>\n<p>Entonces, \u00bfpor qu\u00e9 intimar a la Fundaci\u00f3n, con aviso de posibles acciones legales, a devolver esos predios? Terrenos que, no est\u00e1 de m\u00e1s recordar, pertenec\u00edan al Ej\u00e9rcito y donde funcionaron centros de detenci\u00f3n clandestina. \u00bfPor qu\u00e9? Porque lo que el macrismo busca, con un ah\u00ednco desgarrador, es ensuciar y deslegitimar a todas las figuras sociales preponderantes que, ellos creen, se acercaron al kirchnerismo. Y ah\u00ed cometen el primer error de una extensa e infortunada lista: fue el kirchnerismo el que se acerc\u00f3 a Trimarco, como a Milagro Sala. Las obras que llevaban adelante estas mujeres son previas a la llegada de CFK a la presidencia, trabajaban supliendo el rol del Estado, un Estado que estuvo ausente mucho tiempo y que hoy vuelve a pegar el faltazo a conciencia.<\/p>\n<p>Tratan a Trimarco como a una delincuente, siendo que es ella, solita, quien se enfrenta a la mafia global que desaparece pibas todos los d\u00edas, las tortura, las viola y las explota sexualmente. Ellos son los delincuentes, ellos y quienes los encubren, no Susana.<\/p>\n<p>Y s\u00ed, gran sorpresa para el macrismo y los medios que divulgan extasiados sus desastrosas incursiones pol\u00edticas: para hacer eso se necesita plata. Mucha. Y el Estado se acerc\u00f3 a la Fundaci\u00f3n, cuando estaba conducido por Cristina, entendi\u00f3 eso y obr\u00f3 en consecuencia.<\/p>\n<p>Y es esa mujer, que buscando a su hija se sumergi\u00f3 literalmente en la mierda inmunda de los prost\u00edbulos, que logr\u00f3 rescatar a cientos de chicas y ofrecerles la oportunidad de volver a vivir, de reconstruir los d\u00edas, uno a uno, conteni\u00e9ndolas, d\u00e1ndoles techo, comida, ropa, oportunidades. Esa mujer debe darle explicaciones al gobierno encabezado por un tipo con<\/p>\n<p>cuentas en para\u00edsos fiscales. Un tipo que resulta ser amigo de Ra\u00fal Martins, famoso proxeneta, adem\u00e1s.<\/p>\n<p>Y as\u00ed no s\u00f3lo se empe\u00f1an en deslegitimarla y deslegitimar su inconmensurable labor, as\u00ed desguazan la lucha contra la trata de personas. Y a m\u00ed me queda la duda, \u00bfqu\u00e9 buscan, en verdad? \u00bfS\u00f3lo manchar un nombre para, ellos creen, socavar al kirchnerismo, o algo much\u00edsimo peor, como ser\u00eda desmantelar los andamios de la estructura constru\u00edda con tanto esfuerzo y dolor para batallar contra el millonario negocio de la esclavitud sexual?<\/p>\n<p>El macrismo se justifica diciendo que el Poder Ejecutivo Nacional quiere \u201chacer prevalecer el proceso de preservaci\u00f3n del patrimonio inmobiliario estatal\u201d, y si esto no fuera algo tan terrible hasta quiz\u00e1 podr\u00eda hacernos asomar una sonrisa ir\u00f3nica.<\/p>\n<p>Pero parece que mucho no prendi\u00f3 esta agresi\u00f3n a Trimarco y han decidido volver contra Milagro Sala, al menos en estas \u00faltimas horas. Parece que hay m\u00e1s gente predispuesta a creer que la l\u00edder social de Jujuy, Parlamentaria del Mercosur, presa pol\u00edtica desde hace meses, es m\u00e1s susceptible a este tipo de difamaciones que la mam\u00e1 de Marita.<\/p>\n<p>Y as\u00ed van a seguir, porque la \u00fanica pol\u00edtica que conf\u00eda poder aplicar el macrismo es esa: la injuria, la mentira, la calumnia. Y no les ha ido nada mal con eso.<\/p>\n<p>Imagino que las v\u00edctimas de este sistema siniestro que se difunde en cadena nacional d\u00eda y noche, como Susana Trimarco, seguir\u00e1n haciendo lo que saben, lo que nos ense\u00f1an: luchar. Y ese es el dato fundamental que le falta al actual gobierno nacional, lo que no logran interpretar despu\u00e9s de todo lo que ha pasado: es imposible vencer a quienes nunca se rinden.<\/p>\n","protected":false},"excerpt":{"rendered":"<p>Hace unos d\u00edas nos enteramos de algo ins\u00f3lito: El gobierno nacional intim\u00f3 a la Fundaci\u00f3n Mar\u00eda de los \u00c1ngeles Ver\u00f3n a devolver dos terrenos que la administraci\u00f3n de Cristina Kirchner le hab\u00eda cedido en comodato para la contenci\u00f3n de las v\u00edctimas de trata, violencia de g\u00e9nero y sus hijos.<\/p>\n","protected":false},"author":4,"featured_media":0,"comment_status":"open","ping_status":"open","sticky":false,"template":"","format":"standard","meta":{"_jetpack_newsletter_access":"","_jetpack_dont_email_post_to_subs":false,"_jetpack_newsletter_tier_id":0,"_jetpack_memberships_contains_paywalled_content":false,"_jetpack_memberships_contains_paid_content":false,"footnotes":""},"categories":[64],"tags":[],"class_list":["post-81833","post","type-post","status-publish","format-standard","hentry","category-opinion"],"jetpack_featured_media_url":"","jetpack_shortlink":"https:\/\/wp.me\/p2JWE0-lhT","jetpack-related-posts":[{"id":13443,"url":"https:\/\/www.24baires.com\/?p=13443","url_meta":{"origin":81833,"position":0},"title":"Abal Medina reiter\u00f3 el genuino compromiso del Gobierno en la lucha contra la trata","author":"AF","date":"24\/01\/2013","format":false,"excerpt":"El jefe de Gabinete recibi\u00f3 este jueves en la Casa de Gobierno a Susana Trimarco y en ese marco reiter\u00f3 el \"irrenunciable compromiso del gobierno nacional en la lucha contra la trata de personas\". Durante la reuni\u00f3n con la madre de Marita Ver\u00f3n, el jefe de Gabinete reiter\u00f3 el \"irrenunciable\u2026","rel":"","context":"En \u00abSociedad\u00bb","block_context":{"text":"Sociedad","link":"https:\/\/www.24baires.com\/?cat=1"},"img":{"alt_text":"abal medina trimarco","src":"https:\/\/i0.wp.com\/www.24baires.com\/wp-content\/uploads\/2013\/01\/abal-medina-trimarco-300x200.jpg?resize=350%2C200","width":350,"height":200},"classes":[]},{"id":12823,"url":"https:\/\/www.24baires.com\/?p=12823","url_meta":{"origin":81833,"position":1},"title":"Susana Trimarco confundi\u00f3 a una joven con su hija durante un operativo","author":"AF","date":"19\/01\/2013","format":false,"excerpt":"ENTRE R\u00cdOS - Susana Trimarco, madre de Marita Ver\u00f3n, particip\u00f3 de un operativo realizado en la localidad entrerriana de Crespo y dijo que en el lugar vio a una joven que era obligada a ejercer la prostituci\u00f3n y ten\u00eda un gran parecido f\u00edsico a su hija, pero luego comprob\u00f3 que\u2026","rel":"","context":"En \u00abSociedad\u00bb","block_context":{"text":"Sociedad","link":"https:\/\/www.24baires.com\/?cat=1"},"img":{"alt_text":"susana trimarco","src":"https:\/\/i0.wp.com\/www.24baires.com\/wp-content\/uploads\/2013\/01\/susana-trimarco1.jpg?resize=350%2C200","width":350,"height":200},"classes":[]},{"id":29816,"url":"https:\/\/www.24baires.com\/?p=29816","url_meta":{"origin":81833,"position":2},"title":"Alak y Trimarco firmaron un acuerdo de asistencia para v\u00edctimas de la trata","author":"AF","date":"09\/08\/2013","format":false,"excerpt":"El ministro de Justicia y Derechos Humanos, Julio Alak, suscribi\u00f3 un convenio de cooperaci\u00f3n con Susana Trimarco, madre de Marita Ver\u00f3n y titular de la instituci\u00f3n que trabaja en la prevenci\u00f3n, la protecci\u00f3n y la asistencia integral de las v\u00edctimas de ese delito. El ministro de Justicia y Derechos Humanos,\u2026","rel":"","context":"En \u00abSociedad\u00bb","block_context":{"text":"Sociedad","link":"https:\/\/www.24baires.com\/?cat=1"},"img":{"alt_text":"trimarco alak","src":"https:\/\/i0.wp.com\/www.24baires.com\/wp-content\/uploads\/2013\/08\/trimarco-alak-300x200.jpg?resize=350%2C200","width":350,"height":200},"classes":[]},{"id":23905,"url":"https:\/\/www.24baires.com\/?p=23905","url_meta":{"origin":81833,"position":3},"title":"Repudio a la campa\u00f1a de desprestigio del Grupo Clar\u00edn contra la madre de Marita Ver\u00f3n","author":"Grupo Sierra","date":"19\/05\/2013","format":false,"excerpt":"Organizaciones de derechos humanos, gremios y otros movimientos manifestaron \u2013a trav\u00e9s de una solicitada- su \"m\u00e1s en\u00e9rgico repudio a la campa\u00f1a de desprestigio impulsada por el Grupo Clar\u00edn contra Susana Trimarco, una de las referentes m\u00e1s importantes a nivel internacional en la lucha contra la Trata de personas\". Organizaciones y\u2026","rel":"","context":"En \u00abMedios\u00bb","block_context":{"text":"Medios","link":"https:\/\/www.24baires.com\/?cat=54"},"img":{"alt_text":"marita ver\u00f3n2","src":"https:\/\/i0.wp.com\/www.24baires.com\/wp-content\/uploads\/2013\/04\/marita-ver%C3%B3n2.jpg?resize=350%2C200","width":350,"height":200,"srcset":"https:\/\/i0.wp.com\/www.24baires.com\/wp-content\/uploads\/2013\/04\/marita-ver%C3%B3n2.jpg?resize=350%2C200 1x, https:\/\/i0.wp.com\/www.24baires.com\/wp-content\/uploads\/2013\/04\/marita-ver%C3%B3n2.jpg?resize=525%2C300 1.5x"},"classes":[]},{"id":13051,"url":"https:\/\/www.24baires.com\/?p=13051","url_meta":{"origin":81833,"position":4},"title":"Denuncian que amenazaron de muerte a Susana Trimarco por tel\u00e9fono","author":"Grupo Sierra","date":"21\/01\/2013","format":false,"excerpt":"La madre de Marita Ver\u00f3n, Susana Trimarco fue amenazada de muerte a trav\u00e9s de llamados\u00a0telef\u00f3nicos\u00a0an\u00f3nimos, seg\u00fan denunciaron hoy los abogados de la Fundaci\u00f3n Mar\u00eda de los \u00c1ngeles que vinculan el caso a una interna policial. Las amenazas fueron realizadas durante el fin de semana y se conocieron hoy a partir\u2026","rel":"","context":"En \u00abSociedad\u00bb","block_context":{"text":"Sociedad","link":"https:\/\/www.24baires.com\/?cat=1"},"img":{"alt_text":"trimarco susana","src":"https:\/\/i0.wp.com\/www.24baires.com\/wp-content\/uploads\/2013\/01\/trimarco-susana.jpg?resize=350%2C200","width":350,"height":200,"srcset":"https:\/\/i0.wp.com\/www.24baires.com\/wp-content\/uploads\/2013\/01\/trimarco-susana.jpg?resize=350%2C200 1x, https:\/\/i0.wp.com\/www.24baires.com\/wp-content\/uploads\/2013\/01\/trimarco-susana.jpg?resize=525%2C300 1.5x"},"classes":[]},{"id":43343,"url":"https:\/\/www.24baires.com\/?p=43343","url_meta":{"origin":81833,"position":5},"title":"Un festival y muchas voces por Marita Ver\u00f3n","author":"Grupo Sierra","date":"05\/04\/2014","format":false,"excerpt":"La consigna \"Yo le digo No a la trata de personas\" uni\u00f3 a miles de j\u00f3venes y adultos que se concentraron en la Plaza Independencia para recordar a Marita Ver\u00f3n, quien fue secuestrada por una red el 3 abril de 2002. La Bersuit Vergarabat, Kapanga, Karamelo Santo, Nonpalidece, David Bolzoni,\u2026","rel":"","context":"En \u00abMemoria\u00bb","block_context":{"text":"Memoria","link":"https:\/\/www.24baires.com\/?cat=50"},"img":{"alt_text":"marita ver\u00f3n2","src":"https:\/\/i0.wp.com\/www.24baires.com\/wp-content\/uploads\/2013\/04\/marita-ver%C3%B3n2.jpg?resize=350%2C200","width":350,"height":200,"srcset":"https:\/\/i0.wp.com\/www.24baires.com\/wp-content\/uploads\/2013\/04\/marita-ver%C3%B3n2.jpg?resize=350%2C200 1x, https:\/\/i0.wp.com\/www.24baires.com\/wp-content\/uploads\/2013\/04\/marita-ver%C3%B3n2.jpg?resize=525%2C300 1.5x"},"classes":[]}],"jetpack_sharing_enabled":true,"jetpack_likes_enabled":true,"_links":{"self":[{"href":"https:\/\/www.24baires.com\/index.php?rest_route=\/wp\/v2\/posts\/81833","targetHints":{"allow":["GET"]}}],"collection":[{"href":"https:\/\/www.24baires.com\/index.php?rest_route=\/wp\/v2\/posts"}],"about":[{"href":"https:\/\/www.24baires.com\/index.php?rest_route=\/wp\/v2\/types\/post"}],"author":[{"embeddable":true,"href":"https:\/\/www.24baires.com\/index.php?rest_route=\/wp\/v2\/users\/4"}],"replies":[{"embeddable":true,"href":"https:\/\/www.24baires.com\/index.php?rest_route=%2Fwp%2Fv2%2Fcomments&post=81833"}],"version-history":[{"count":1,"href":"https:\/\/www.24baires.com\/index.php?rest_route=\/wp\/v2\/posts\/81833\/revisions"}],"predecessor-version":[{"id":81834,"href":"https:\/\/www.24baires.com\/index.php?rest_route=\/wp\/v2\/posts\/81833\/revisions\/81834"}],"wp:attachment":[{"href":"https:\/\/www.24baires.com\/index.php?rest_route=%2Fwp%2Fv2%2Fmedia&parent=81833"}],"wp:term":[{"taxonomy":"category","embeddable":true,"href":"https:\/\/www.24baires.com\/index.php?rest_route=%2Fwp%2Fv2%2Fcategories&post=81833"},{"taxonomy":"post_tag","embeddable":true,"href":"https:\/\/www.24baires.com\/index.php?rest_route=%2Fwp%2Fv2%2Ftags&post=81833"}],"curies":[{"name":"wp","href":"https:\/\/api.w.org\/{rel}","templated":true}]}}