{"id":8161,"date":"2012-12-06T19:12:00","date_gmt":"2012-12-06T22:12:00","guid":{"rendered":"http:\/\/www.24baires.com\/?p=8161"},"modified":"2012-12-07T10:22:48","modified_gmt":"2012-12-07T13:22:48","slug":"los-jueces-que-viajan-a-miami-financiados-por-clarin-terminan-siendo-su-equipo-juridico","status":"publish","type":"post","link":"https:\/\/www.24baires.com\/?p=8161","title":{"rendered":"\u00abLos jueces que viajan a Miami financiados por Clar\u00edn terminan siendo su equipo jur\u00eddico\u00bb"},"content":{"rendered":"<p><img data-recalc-dims=\"1\" loading=\"lazy\" decoding=\"async\" class=\"alignleft size-medium wp-image-8165\" title=\"sabbatella fallo\" src=\"https:\/\/i0.wp.com\/www.24baires.com\/wp-content\/uploads\/2012\/12\/sabbatella-fallo.jpg?resize=300%2C200\" alt=\"\" width=\"300\" height=\"200\" srcset=\"https:\/\/i0.wp.com\/www.24baires.com\/wp-content\/uploads\/2012\/12\/sabbatella-fallo.jpg?resize=300%2C200&amp;ssl=1 300w, https:\/\/i0.wp.com\/www.24baires.com\/wp-content\/uploads\/2012\/12\/sabbatella-fallo.jpg?w=510&amp;ssl=1 510w\" sizes=\"auto, (max-width: 300px) 100vw, 300px\" \/>El titular de la AFSCA, Mart\u00edn Sabbatella, \u00a0asegur\u00f3 que el fallo adoptado por la C\u00e1mara Civil y Comercial Federal que extendi\u00f3 la medida cautelar sobre el art\u00edculo 161, beneficiando as\u00ed al Grupo Clar\u00edn, \u00ablesiona la democracia\u00bb.<\/p>\n<p><!--more--><\/p>\n<p>&nbsp;<\/p>\n<p>Sabbatella, \u00a0asegur\u00f3 adem\u00e1s que el fallo difundido hoy en favor del Grupo Clar\u00edn, \u00abdemuestra que ten\u00edamos raz\u00f3n cuando dijimos que los jueces que viajan a Miami financiados por Clar\u00edn terminan convertidos en su equipo jur\u00eddico\u00bb.<\/p>\n<p>A la vez, lament\u00f3 que \u00abla justicia argentina no est\u00e1 preparada para pelear con las corporaciones porque gran parte est\u00e1 colonizada por esas mismas corporaciones\u00bb.<\/p>\n<p>El titular de la Afsca lo expres\u00f3 a poco de ser notificado del fallo de la Sala 1 de la C\u00e1mara, que a un d\u00eda de la fecha fijada por la Corte para el vencimiento de la cautelar que beneficiaba al Grupo Clar\u00edn, decidi\u00f3 prorrogar la medida que mantiene suspendido el art\u00edculo 161 de la Ley de medios \u00abhasta que se dicte una sentencia definitiva en la causa\u201d.<\/p>\n<p>La resoluci\u00f3n lleva la firma de los jueces Francisco de las Carreras y Mar\u00eda Susana Najurieta y comenz\u00f3 a ser notificada a las partes esta tarde, y la C\u00e1mara tambi\u00e9n rechaz\u00f3 las recusaciones que realiz\u00f3 el Estado Nacional a los jueces que resolvieron la medida.<\/p>\n<p>&nbsp;<\/p>\n<p>&nbsp;<\/p>\n<p>&nbsp;<\/p>\n<p>&nbsp;<\/p>\n<p>&nbsp;<\/p>\n<p>&nbsp;<\/p>\n","protected":false},"excerpt":{"rendered":"<p>El titular de la AFSCA, Mart\u00edn Sabbatella, \u00a0asegur\u00f3 que el fallo adoptado por la C\u00e1mara Civil y Comercial Federal que extendi\u00f3 la medida cautelar sobre el art\u00edculo 161, beneficiando as\u00ed al Grupo Clar\u00edn, \u00ablesiona la democracia\u00bb.<\/p>\n","protected":false},"author":11,"featured_media":0,"comment_status":"open","ping_status":"open","sticky":false,"template":"","format":"standard","meta":{"_jetpack_newsletter_access":"","_jetpack_dont_email_post_to_subs":false,"_jetpack_newsletter_tier_id":0,"_jetpack_memberships_contains_paywalled_content":false,"_jetpack_memberships_contains_paid_content":false,"footnotes":""},"categories":[54],"tags":[],"class_list":["post-8161","post","type-post","status-publish","format-standard","hentry","category-medios"],"jetpack_featured_media_url":"","jetpack_shortlink":"https:\/\/wp.me\/p2JWE0-27D","jetpack-related-posts":[{"id":8731,"url":"https:\/\/www.24baires.com\/?p=8731","url_meta":{"origin":8161,"position":0},"title":"\u00abClar\u00edn no soporta que la democracia y las instituciones le pongan l\u00edmites\u00bb","author":"Grupo Sierra","date":"11\/12\/2012","format":false,"excerpt":"El titular del AFSCA, Mart\u00edn Sabbatella, consider\u00f3 que la resoluci\u00f3n de la C\u00e1mara Civil y Comercial que extiende la medida cautelar sobre dos art\u00edculos de la ley de medios \u201ces vergonzosa\u201d y adem\u00e1s consider\u00f3 que \u201cnecesitamos que la Justicia se libere de las presiones corporativas, econ\u00f3micas\u201d. \"La Ley es constitucional\u2026","rel":"","context":"En \u00abMedios\u00bb","block_context":{"text":"Medios","link":"https:\/\/www.24baires.com\/?cat=54"},"img":{"alt_text":"","src":"","width":0,"height":0},"classes":[]},{"id":26089,"url":"https:\/\/www.24baires.com\/?p=26089","url_meta":{"origin":8161,"position":1},"title":"Sabbatella pide \u201cceleridad\u201d a la Corte Suprema","author":"Grupo Sierra","date":"16\/06\/2013","format":false,"excerpt":"\u201cLa ley de Medios avanza, a pesar de la acci\u00f3n judicial del Grupo Clar\u00edn y la cantidad de maniobras pol\u00edticas, comunicacionales y judiciales que buscan extender los tiempos para sostener su situaci\u00f3n de privilegio y as\u00ed dilatar la aplicaci\u00f3n integral de la norma\u201d, asegur\u00f3 el titular de la Autoridad Federal\u2026","rel":"","context":"En \u00abMedios\u00bb","block_context":{"text":"Medios","link":"https:\/\/www.24baires.com\/?cat=54"},"img":{"alt_text":"","src":"","width":0,"height":0},"classes":[]},{"id":24098,"url":"https:\/\/www.24baires.com\/?p=24098","url_meta":{"origin":8161,"position":2},"title":"Para Sabbatella el Decreto de Macri es un \u00abmamarracho jur\u00eddico\u00bb","author":"Grupo Sierra","date":"22\/05\/2013","format":false,"excerpt":"El titular de la Afsca, Mart\u00edn Sabbatella, se refiri\u00f3 hoy a la medida cautelar dectada ayer por la Justicia porte\u00f1a y que frena el DNU de Macri, del que reiter\u00f3 que \u201cdesde el punto de vista jur\u00eddico es un mamarracho\". \u201cEl titular de la Autoridad Federal de Servicios de Comunicaci\u00f3n\u2026","rel":"","context":"En \u00abMedios\u00bb","block_context":{"text":"Medios","link":"https:\/\/www.24baires.com\/?cat=54"},"img":{"alt_text":"","src":"","width":0,"height":0},"classes":[]},{"id":21276,"url":"https:\/\/www.24baires.com\/?p=21276","url_meta":{"origin":8161,"position":3},"title":"\u00abLa C\u00e1mara se ocup\u00f3 de beneficiar al Grupo Clar\u00edn\u00bb afirm\u00f3 Sabbatella","author":"Grupo Sierra","date":"17\/04\/2013","format":false,"excerpt":"El titular del Afsca, Mart\u00edn Sabbatella, se refiri\u00f3 al fallo de la C\u00e1mara Civil y Comercial que contin\u00faa resguardando los intereses del grupo monop\u00f3lico de medios de comunicaci\u00f3n. El titular de la Afsca, Mart\u00edn Sabbatella, asegur\u00f3 hoy que el organismo acudir\u00e1 a la Corte Suprema \"para que resuelva r\u00e1pidamente\" acerca\u2026","rel":"","context":"En \u00abMedios\u00bb","block_context":{"text":"Medios","link":"https:\/\/www.24baires.com\/?cat=54"},"img":{"alt_text":"sabbatella mendoza","src":"https:\/\/i0.wp.com\/www.24baires.com\/wp-content\/uploads\/2012\/11\/sabbatella-mendoza.jpg?resize=350%2C200","width":350,"height":200,"srcset":"https:\/\/i0.wp.com\/www.24baires.com\/wp-content\/uploads\/2012\/11\/sabbatella-mendoza.jpg?resize=350%2C200 1x, https:\/\/i0.wp.com\/www.24baires.com\/wp-content\/uploads\/2012\/11\/sabbatella-mendoza.jpg?resize=525%2C300 1.5x"},"classes":[]},{"id":17513,"url":"https:\/\/www.24baires.com\/?p=17513","url_meta":{"origin":8161,"position":4},"title":"Sabbatella, clar\u00edsimo: \u00abNadie tiene coronita, las reglas son parejas\u00bb","author":"AF","date":"05\/03\/2013","format":false,"excerpt":"El titular de la Autoridad Federal de Servicios de Comunicaci\u00f3n Audiovisual (Afsca), Mart\u00edn Sabbatella, asegur\u00f3 hoy que la venta de medios del grupo Hadad al grupo Indalo, aprobada por ese organismo, \"se ajusta perfectamente a la ley\" porque se enmarca en el plan de adecuaci\u00f3n, e insisti\u00f3 con que \"las\u2026","rel":"","context":"En \u00abMedios\u00bb","block_context":{"text":"Medios","link":"https:\/\/www.24baires.com\/?cat=54"},"img":{"alt_text":"","src":"","width":0,"height":0},"classes":[]},{"id":72225,"url":"https:\/\/www.24baires.com\/?p=72225","url_meta":{"origin":8161,"position":5},"title":"Compra de Nextel: \u201cMagnetto se quiere asociar a los buitres que litigan contra Argentina\u201d","author":"GB","date":"16\/09\/2015","format":false,"excerpt":"El presidente de la AFSCA asegur\u00f3, adem\u00e1s, que \u201cla compra de Nextel por parte de Clar\u00edn no es legal\". \u201cEl Estado no puede permitir que se ampl\u00ede una empresa que, por ley, debe reducirse\u201d, explic\u00f3. El presidente de la Autoridad Federal de Servicios de Comunicaci\u00f3n Audiovisual (AFSCA), Mart\u00edn Sabbatella, asegur\u00f3\u2026","rel":"","context":"En \u00abMedios\u00bb","block_context":{"text":"Medios","link":"https:\/\/www.24baires.com\/?cat=54"},"img":{"alt_text":"sabbatella post fallo","src":"https:\/\/i0.wp.com\/www.24baires.com\/wp-content\/uploads\/2012\/12\/sabbatella-post-fallo.jpg?resize=350%2C200","width":350,"height":200,"srcset":"https:\/\/i0.wp.com\/www.24baires.com\/wp-content\/uploads\/2012\/12\/sabbatella-post-fallo.jpg?resize=350%2C200 1x, https:\/\/i0.wp.com\/www.24baires.com\/wp-content\/uploads\/2012\/12\/sabbatella-post-fallo.jpg?resize=525%2C300 1.5x"},"classes":[]}],"jetpack_sharing_enabled":true,"jetpack_likes_enabled":true,"_links":{"self":[{"href":"https:\/\/www.24baires.com\/index.php?rest_route=\/wp\/v2\/posts\/8161","targetHints":{"allow":["GET"]}}],"collection":[{"href":"https:\/\/www.24baires.com\/index.php?rest_route=\/wp\/v2\/posts"}],"about":[{"href":"https:\/\/www.24baires.com\/index.php?rest_route=\/wp\/v2\/types\/post"}],"author":[{"embeddable":true,"href":"https:\/\/www.24baires.com\/index.php?rest_route=\/wp\/v2\/users\/11"}],"replies":[{"embeddable":true,"href":"https:\/\/www.24baires.com\/index.php?rest_route=%2Fwp%2Fv2%2Fcomments&post=8161"}],"version-history":[{"count":3,"href":"https:\/\/www.24baires.com\/index.php?rest_route=\/wp\/v2\/posts\/8161\/revisions"}],"predecessor-version":[{"id":8220,"href":"https:\/\/www.24baires.com\/index.php?rest_route=\/wp\/v2\/posts\/8161\/revisions\/8220"}],"wp:attachment":[{"href":"https:\/\/www.24baires.com\/index.php?rest_route=%2Fwp%2Fv2%2Fmedia&parent=8161"}],"wp:term":[{"taxonomy":"category","embeddable":true,"href":"https:\/\/www.24baires.com\/index.php?rest_route=%2Fwp%2Fv2%2Fcategories&post=8161"},{"taxonomy":"post_tag","embeddable":true,"href":"https:\/\/www.24baires.com\/index.php?rest_route=%2Fwp%2Fv2%2Ftags&post=8161"}],"curies":[{"name":"wp","href":"https:\/\/api.w.org\/{rel}","templated":true}]}}