{"id":8154,"date":"2012-12-06T19:14:45","date_gmt":"2012-12-06T22:14:45","guid":{"rendered":"http:\/\/www.24baires.com\/?p=8154"},"modified":"2012-12-07T10:22:01","modified_gmt":"2012-12-07T13:22:01","slug":"verguenza-ajena-la-camara-recusada-por-el-gobierno-extendio-la-cautelar-al-grupo-clarin","status":"publish","type":"post","link":"https:\/\/www.24baires.com\/?p=8154","title":{"rendered":"Verg\u00fcenza Ajena: La C\u00e1mara recusada por el Gobierno extendi\u00f3 la cautelar al Grupo Clar\u00edn"},"content":{"rendered":"<p>La C\u00e1mara en lo Civil y Comercial Federal favoreci\u00f3 al <strong>Grupo Clar\u00edn<\/strong> extendi\u00e9ndole la medida cautelar \u00abhasta que se dicte sentencia definitiva\u00bb. La decisi\u00f3n impide que se le aplique de forma plena la Ley de Medios al grupo period\u00edstico hasta que se resuelva la cuesti\u00f3n de la constitucionalidad del art\u00edculo 161. El fallo completo.\u00a0<!--more--><\/p>\n<p>La Sala I de la C\u00e1mara Nacional de Apelaciones en lo Civil y Comercial Federal, integrada por los jueces Mar\u00eda Susana Najurieta y Francisco de las Carreras, resolvi\u00f3 este jueves prorrogar la medida cautelar que hab\u00eda requerido el Grupo Clar\u00edn en el marco de la causa por la Ley de Servicios de Comunicaci\u00f3n Audiovisual. La decisi\u00f3n es \u201chasta que se dicte la sentencia definitiva en la causa\u201d.<\/p>\n<p>Esta C\u00e1mara es fuertemente cuestionada por el Gobierno y en esta resoluci\u00f3n <strong>omiti\u00f3 darle traslado de las recusaciones contra los integrantes del cuerpo<\/strong> pedidas por Autoridad Federal de Servicios de Comunicaci\u00f3n Audiovisual (AFSCA) al juez Eduardo Mor\u00e1n.<\/p>\n<p>Asimismo, resulta inusual la rapidez con que fall\u00f3 el C\u00e1mara y, a su vez, en el mismo d\u00eda en que cuatro agrupaciones de magistrados de todo el pa\u00eds se pronunciaron a favor de la \u00abindependencia de poderes\u00bb.<\/p>\n<p>&nbsp;<\/p>\n<p><strong><a href=\"http:\/\/www.cij.gov.ar\/adj\/pdfs\/ADJ-0.979705001354831057.pdf\" target=\"_blank\">AQU\u00cd EL FALLO COMPLETO\u00a0<\/a><\/strong><\/p>\n","protected":false},"excerpt":{"rendered":"<p>La C\u00e1mara en lo Civil y Comercial Federal favoreci\u00f3 al Grupo Clar\u00edn extendi\u00e9ndole la medida cautelar \u00abhasta que se dicte sentencia definitiva\u00bb. La decisi\u00f3n impide que se le aplique de forma plena la Ley de Medios al grupo period\u00edstico hasta que se resuelva la cuesti\u00f3n de la constitucionalidad del art\u00edculo 161. El fallo completo.\u00a0<\/p>\n","protected":false},"author":11,"featured_media":0,"comment_status":"open","ping_status":"open","sticky":false,"template":"","format":"standard","meta":{"_jetpack_newsletter_access":"","_jetpack_dont_email_post_to_subs":false,"_jetpack_newsletter_tier_id":0,"_jetpack_memberships_contains_paywalled_content":false,"_jetpack_memberships_contains_paid_content":false,"footnotes":""},"categories":[54],"tags":[],"class_list":["post-8154","post","type-post","status-publish","format-standard","hentry","category-medios"],"jetpack_featured_media_url":"","jetpack_shortlink":"https:\/\/wp.me\/p2JWE0-27w","jetpack-related-posts":[{"id":8627,"url":"https:\/\/www.24baires.com\/?p=8627","url_meta":{"origin":8154,"position":0},"title":"La Corte Suprema rechaz\u00f3 el per saltum","author":"Grupo Sierra","date":"10\/12\/2012","format":false,"excerpt":"El m\u00e1ximo tribunal resolvi\u00f3 no hacer uso de ese recurso, solicitado por el Gobierno para revisar el fallo de la C\u00e1mara que hab\u00eda extendido la cautelar del Grupo Clar\u00edn en contra de la aplicaci\u00f3n de la Ley de Medios. Se deber\u00e1 esperar el fallo del Juez Alfonso. AMPLIAREMOS La Corte\u2026","rel":"","context":"En \u00abMedios\u00bb","block_context":{"text":"Medios","link":"https:\/\/www.24baires.com\/?cat=54"},"img":{"alt_text":"","src":"","width":0,"height":0},"classes":[]},{"id":11351,"url":"https:\/\/www.24baires.com\/?p=11351","url_meta":{"origin":8154,"position":1},"title":"\u00abLa cautelar es un bochorno hist\u00f3rico\u00bb, sentenci\u00f3 An\u00edbal Fern\u00e1ndez","author":"AF","date":"06\/01\/2013","format":false,"excerpt":"El senador del FPV critic\u00f3 duramente a la C\u00e1mara Civil y Comercial por fallar a favor de la Sociedad Rural, aunque no se mostr\u00f3 sorprendido: \"Era impensado que esta C\u00e1mara fallara de otra manera que no fuera a favor de las corporaciones\". \"La cautelar es un bochorno hist\u00f3rico\", sentenci\u00f3 Fern\u00e1ndez\u2026","rel":"","context":"En \u00abMedios\u00bb","block_context":{"text":"Medios","link":"https:\/\/www.24baires.com\/?cat=54"},"img":{"alt_text":"fern\u00e1ndez an\u00edbal2","src":"https:\/\/i0.wp.com\/www.24baires.com\/wp-content\/uploads\/2012\/11\/fern%C3%A1ndez-an%C3%ADbal2-300x193.jpg?resize=350%2C200","width":350,"height":200},"classes":[]},{"id":7018,"url":"https:\/\/www.24baires.com\/?p=7018","url_meta":{"origin":8154,"position":2},"title":"La Corte rechaz\u00f3 el pedido del grupo de Magnetto de prorrogar la cautelar","author":"Grupo Sierra","date":"27\/11\/2012","format":false,"excerpt":"La Corte rechaz\u00f3 el pedido del grupo que reclamaba una pr\u00f3rroga de la cautelar que paraliza la aplicaci\u00f3n del art\u00edculo 161 sobre la adecuaci\u00f3n de licencias e inst\u00f3 a los jueces a dictar \u201cuna sentencia de fondo\u201d. \u201cLa ley de medios est\u00e1 vigente y el AFSCA (Autoridad Federal de Servicio\u2026","rel":"","context":"En \u00abMedios\u00bb","block_context":{"text":"Medios","link":"https:\/\/www.24baires.com\/?cat=54"},"img":{"alt_text":"","src":"https:\/\/i0.wp.com\/www.24baires.com\/wp-content\/uploads\/2012\/11\/tribunales.jpg?resize=350%2C200","width":350,"height":200,"srcset":"https:\/\/i0.wp.com\/www.24baires.com\/wp-content\/uploads\/2012\/11\/tribunales.jpg?resize=350%2C200 1x, https:\/\/i0.wp.com\/www.24baires.com\/wp-content\/uploads\/2012\/11\/tribunales.jpg?resize=525%2C300 1.5x"},"classes":[]},{"id":8161,"url":"https:\/\/www.24baires.com\/?p=8161","url_meta":{"origin":8154,"position":3},"title":"\u00abLos jueces que viajan a Miami financiados por Clar\u00edn terminan siendo su equipo jur\u00eddico\u00bb","author":"Grupo Sierra","date":"06\/12\/2012","format":false,"excerpt":"El titular de la AFSCA, Mart\u00edn Sabbatella, \u00a0asegur\u00f3 que el fallo adoptado por la C\u00e1mara Civil y Comercial Federal que extendi\u00f3 la medida cautelar sobre el art\u00edculo 161, beneficiando as\u00ed al Grupo Clar\u00edn, \"lesiona la democracia\". \u00a0 Sabbatella, \u00a0asegur\u00f3 adem\u00e1s que el fallo difundido hoy en favor del Grupo Clar\u00edn,\u2026","rel":"","context":"En \u00abMedios\u00bb","block_context":{"text":"Medios","link":"https:\/\/www.24baires.com\/?cat=54"},"img":{"alt_text":"","src":"https:\/\/i0.wp.com\/www.24baires.com\/wp-content\/uploads\/2012\/12\/sabbatella-fallo-300x200.jpg?resize=350%2C200","width":350,"height":200},"classes":[]},{"id":59781,"url":"https:\/\/www.24baires.com\/?p=59781","url_meta":{"origin":8154,"position":4},"title":"Por la adecuaci\u00f3n de Clar\u00edn habilitan la feria judicial","author":"Grupo Sierra","date":"08\/01\/2015","format":false,"excerpt":"La Justicia hizo lugar a un planteo del AFSCA para que la justicia contin\u00fae adelante con el expediente durante el receso de verano. La medida la adopt\u00f3 el conjuez de primera instancia en lo Civil y Comercial Federal, Antonio Rojas Salinas, al hacer lugar a un reclamo de la Autoridad\u2026","rel":"","context":"En \u00abMedios\u00bb","block_context":{"text":"Medios","link":"https:\/\/www.24baires.com\/?cat=54"},"img":{"alt_text":"clar\u00edn mitre","src":"https:\/\/i0.wp.com\/www.24baires.com\/wp-content\/uploads\/2014\/11\/clar%C3%ADn-mitre.jpg?resize=350%2C200","width":350,"height":200,"srcset":"https:\/\/i0.wp.com\/www.24baires.com\/wp-content\/uploads\/2014\/11\/clar%C3%ADn-mitre.jpg?resize=350%2C200 1x, https:\/\/i0.wp.com\/www.24baires.com\/wp-content\/uploads\/2014\/11\/clar%C3%ADn-mitre.jpg?resize=525%2C300 1.5x"},"classes":[]},{"id":10728,"url":"https:\/\/www.24baires.com\/?p=10728","url_meta":{"origin":8154,"position":5},"title":"\u00abClar\u00edn tiene la esperanza de que se modifique el Congreso por eso extiende la cautelar\u00bb","author":"Grupo Sierra","date":"28\/12\/2012","format":false,"excerpt":"El ministro de Justicia, julio Alak se sum\u00f3 a los pedidos para que la C\u00e1mara Federal Civil y Comercial resuelva cuanto antes la cuesti\u00f3n de fondo sobre los art\u00edculos cuestionados de la Ley de Medios. Adem\u00e1s advirti\u00f3 que \"la estrategia final de Clar\u00edn es extender la cautelar hasta las pr\u00f3ximas\u2026","rel":"","context":"En \u00abPol\u00edtica\u00bb","block_context":{"text":"Pol\u00edtica","link":"https:\/\/www.24baires.com\/?cat=51"},"img":{"alt_text":"","src":"","width":0,"height":0},"classes":[]}],"jetpack_sharing_enabled":true,"jetpack_likes_enabled":true,"_links":{"self":[{"href":"https:\/\/www.24baires.com\/index.php?rest_route=\/wp\/v2\/posts\/8154","targetHints":{"allow":["GET"]}}],"collection":[{"href":"https:\/\/www.24baires.com\/index.php?rest_route=\/wp\/v2\/posts"}],"about":[{"href":"https:\/\/www.24baires.com\/index.php?rest_route=\/wp\/v2\/types\/post"}],"author":[{"embeddable":true,"href":"https:\/\/www.24baires.com\/index.php?rest_route=\/wp\/v2\/users\/11"}],"replies":[{"embeddable":true,"href":"https:\/\/www.24baires.com\/index.php?rest_route=%2Fwp%2Fv2%2Fcomments&post=8154"}],"version-history":[{"count":3,"href":"https:\/\/www.24baires.com\/index.php?rest_route=\/wp\/v2\/posts\/8154\/revisions"}],"predecessor-version":[{"id":8219,"href":"https:\/\/www.24baires.com\/index.php?rest_route=\/wp\/v2\/posts\/8154\/revisions\/8219"}],"wp:attachment":[{"href":"https:\/\/www.24baires.com\/index.php?rest_route=%2Fwp%2Fv2%2Fmedia&parent=8154"}],"wp:term":[{"taxonomy":"category","embeddable":true,"href":"https:\/\/www.24baires.com\/index.php?rest_route=%2Fwp%2Fv2%2Fcategories&post=8154"},{"taxonomy":"post_tag","embeddable":true,"href":"https:\/\/www.24baires.com\/index.php?rest_route=%2Fwp%2Fv2%2Ftags&post=8154"}],"curies":[{"name":"wp","href":"https:\/\/api.w.org\/{rel}","templated":true}]}}