{"id":8137,"date":"2012-12-06T15:29:03","date_gmt":"2012-12-06T18:29:03","guid":{"rendered":"http:\/\/www.24baires.com\/?p=8137"},"modified":"2012-12-06T15:12:06","modified_gmt":"2012-12-06T18:12:06","slug":"aprobaran-la-adhesion-de-la-provincia-a-la-ley-nacional-de-muerte-digna","status":"publish","type":"post","link":"https:\/\/www.24baires.com\/?p=8137","title":{"rendered":"Aprobar\u00e1n la adhesi\u00f3n de la Provincia a la Ley Nacional de Muerte Digna"},"content":{"rendered":"<p><img data-recalc-dims=\"1\" loading=\"lazy\" decoding=\"async\" class=\"alignleft size-medium wp-image-8138\" title=\"muerte digna\" src=\"https:\/\/i0.wp.com\/www.24baires.com\/wp-content\/uploads\/2012\/12\/muerte-digna.jpg?resize=300%2C198\" alt=\"\" width=\"300\" height=\"198\" srcset=\"https:\/\/i0.wp.com\/www.24baires.com\/wp-content\/uploads\/2012\/12\/muerte-digna.jpg?resize=300%2C198&amp;ssl=1 300w, https:\/\/i0.wp.com\/www.24baires.com\/wp-content\/uploads\/2012\/12\/muerte-digna.jpg?w=560&amp;ssl=1 560w\" sizes=\"auto, (max-width: 300px) 100vw, 300px\" \/>Ya tiene media sanci\u00f3n de Diputados y esperan que antes de fin de a\u00f1o la apruebe el Senado. El ministerio de Salud ser\u00e1 la autoridad de aplicaci\u00f3n.<!--more--><\/p>\n<p>El viceministro de Salud de la Provincia, Sergio Alejandre, anunci\u00f3 que antes de fin de a\u00f1o se aprobar\u00e1 la adhesi\u00f3n de la provincia de Buenos Aires a la ley nacional de muerte digna, que respeta el derecho del paciente y su familia a negarse a intervenciones m\u00e9dicas en casos terminales.<\/p>\n<p>\u201cEl ministro Collia y el autor del proyecto provincial, Marcelo Feli\u00fa, trabajan intensamente para lograr la sanci\u00f3n de esta ley, que respeta el derecho a morir dignamente, porque curar no es s\u00f3lo dar el medicamento m\u00e1s avanzado sino tambi\u00e9n poner al sujeto en el centro de la escena, y respetar su voluntad\u201d, enfatiz\u00f3 Alejandre durante la jornada sobre muerte digna organizada por el servicio de Docencia e Investigaci\u00f3n del hospital provincial Rodolfo Rossi de La Plata.<\/p>\n<p>\u201cEstamos frente a una ley progresista e inclusiva que respeta, como ninguna otra, los derechos humanos: con su aplicaci\u00f3n el paciente deja de ser objeto de asistencia para decidir en funci\u00f3n de su deseo\u201d, detall\u00f3 la psicoanalista Cecilia Fasano, organizadora de la jornada.<\/p>\n<p>La ley 26.742 o de \u201cMuerte Digna\u201d, sancionada en mayo de este a\u00f1o a nivel nacional requiere de una adhesi\u00f3n en la provincia. \u201cLa autoridad de aplicaci\u00f3n ser\u00e1 el ministerio de Salud que, al igual que para los abortos no punibles, deber\u00e1 generar un protocolo de atenci\u00f3n para que el equipo de salud implemente con hechos concretos y preestablecidos esta normativa\u201d, agreg\u00f3 Alejandre.<\/p>\n<p>La norma permite que el paciente terminal o los familiares (en caso de imposibilidad o inconciencia del enfermo), rechacen procedimientos que no ayuden a revertir ni a mejorar la salud de la persona, con la intenci\u00f3n de evitar el encarnizamiento m\u00e9dico y la prolongaci\u00f3n de la agon\u00eda. Al mismo tiempo, protege al m\u00e9dico en forma expl\u00edcita de eventuales juicios de mala praxis.<\/p>\n<p>Por lo novedosa, la nueva ley a\u00fan genera dudas tanto entre los miembros del equipo de salud como en la comunidad. Por eso, el encuentro del Rossi cont\u00f3 con prestigiosos disertantes especializados en el tema, como el m\u00e9dico Juan Carlos Tealdi, la psicoanalista Graciela Musachi, el periodista y escritor Miguel Russo y la trabajadora social Natalia Luxardo, entre otros.<\/p>\n<p>PUNTOS CLAVE<\/p>\n<p>En el encuentro los expertos coincidieron en que la promulgaci\u00f3n de la ley reconoci\u00f3 un derecho humano fundamental: la autonom\u00eda de las personas con relaci\u00f3n a c\u00f3mo vivir, c\u00f3mo morir y c\u00f3mo transitar el arduo transcurrir de una enfermedad terminal.<\/p>\n<p>Los disertantes detallaron que esta norma no es otra cosa que la modificaci\u00f3n de una de la ley de derechos del paciente; ya que establece que aquella persona (o sus familiares en caso de inconciencia) que padezca una enfermedad irreversible, incurable o haya sufrido lesiones que la coloquen en igual situaci\u00f3n y haya sido informada en forma fehaciente, tiene derecho a rechazar procedimientos quir\u00fargicos, de hidrataci\u00f3n y alimentaci\u00f3n o reanimaci\u00f3n artificial, y al retiro de medidas de soporte vital, cuando sean desproporcionados en relaci\u00f3n a las perspectivas de mejor\u00eda, o que produzcan sufrimiento desmesurado.<\/p>\n<p>Tambi\u00e9n garantiza el derecho de rechazar procedimientos de hidrataci\u00f3n y alimentaci\u00f3n cuando produzcan como \u00fanico efecto la prolongaci\u00f3n en el tiempo de ese estadio terminal.<\/p>\n<p>Del lado de los m\u00e9dicos, la ley de muerte digna deja en claro que \u201cning\u00fan profesional interviniente que haya obrado de acuerdo a las disposiciones de la norma, est\u00e1 sujeto a responsabilidad civil, penal ni administrativa\u201d.<\/p>\n<p>Los especialistas reconocen que la ley sirve para dejar morir en paz cuando la enfermedad no s\u00f3lo es incurable sino que adem\u00e1s representa un suplicio insoportable, por eso, se\u00f1alaron que \u201csiempre que el paciente lo pida, no hay que vacilar porque, en estos casos, el da\u00f1o mayor es la enfermedad y no la muerte\u201d.<\/p>\n<p>Del encuentro participaron especialistas, m\u00e9dicos, enfermeros y miembros de la comunidad. All\u00ed se present\u00f3 tambi\u00e9n la quinta revista MedPal, especializada en medicina paliativa.<\/p>\n","protected":false},"excerpt":{"rendered":"<p>Ya tiene media sanci\u00f3n de Diputados y esperan que antes de fin de a\u00f1o la apruebe el Senado. El ministerio de Salud ser\u00e1 la autoridad de aplicaci\u00f3n.<\/p>\n","protected":false},"author":4,"featured_media":0,"comment_status":"open","ping_status":"open","sticky":false,"template":"","format":"standard","meta":{"_jetpack_newsletter_access":"","_jetpack_dont_email_post_to_subs":false,"_jetpack_newsletter_tier_id":0,"_jetpack_memberships_contains_paywalled_content":false,"_jetpack_memberships_contains_paid_content":false,"footnotes":""},"categories":[1],"tags":[],"class_list":["post-8137","post","type-post","status-publish","format-standard","hentry","category-sociedad"],"jetpack_featured_media_url":"","jetpack_shortlink":"https:\/\/wp.me\/p2JWE0-27f","jetpack-related-posts":[{"id":4802,"url":"https:\/\/www.24baires.com\/?p=4802","url_meta":{"origin":8137,"position":0},"title":"La \u00abmuerte digna\u00bb ya tiene media sanci\u00f3n","author":"AF","date":"08\/11\/2012","format":false,"excerpt":"El proyecto de ley que ya fue girado al Senado se aprob\u00f3 en conjunto con la adhesi\u00f3n a la ley nacional 26.529 sobre derechos del paciente en relaci\u00f3n con los profesionales de la salud. \u201cCon esta iniciativa, estamos respetando la autonom\u00eda y la voluntad de cada persona para decidir sobre\u2026","rel":"","context":"En \u00abSociedad\u00bb","block_context":{"text":"Sociedad","link":"https:\/\/www.24baires.com\/?cat=1"},"img":{"alt_text":"","src":"","width":0,"height":0},"classes":[]},{"id":14389,"url":"https:\/\/www.24baires.com\/?p=14389","url_meta":{"origin":8137,"position":1},"title":"La Ley de Muerte Digna fue promulgada en la Provincia","author":"AF","date":"02\/02\/2013","format":false,"excerpt":"El gobernador Daniel Scioli promulg\u00f3 la Ley de Muerte Digna que permitir\u00e1 a los enfermos terminales rechazar tratamientos que no sirvan para mejorar su estado de salud. La normativa impulsada por el diputado Marcelo Feli\u00fa (FpV-PJ) y aprobada por unanimidad en ambas c\u00e1maras, tendr\u00e1 al ministerio de Salud de la\u2026","rel":"","context":"En \u00abSociedad\u00bb","block_context":{"text":"Sociedad","link":"https:\/\/www.24baires.com\/?cat=1"},"img":{"alt_text":"manos","src":"https:\/\/i0.wp.com\/www.24baires.com\/wp-content\/uploads\/2013\/02\/manos-300x187.jpg?resize=350%2C200","width":350,"height":200},"classes":[]},{"id":8995,"url":"https:\/\/www.24baires.com\/?p=8995","url_meta":{"origin":8137,"position":2},"title":"El Senado le dio sanci\u00f3n definitiva a la Muerte Digna en la Provincia","author":"AF","date":"13\/12\/2012","format":false,"excerpt":"Un proyecto elaborado por el diputado del Frente para la Victoria-Partido Justicialista Marcelo Feli\u00fa sobre el derecho de los pacientes terminales a morir con dignidad se convirti\u00f3 en ley este jueves, luego de que el Senado le diera sanci\u00f3n definitiva, por unanimidad, tal cual ocurri\u00f3 con su tratamiento en la\u2026","rel":"","context":"En \u00abSociedad\u00bb","block_context":{"text":"Sociedad","link":"https:\/\/www.24baires.com\/?cat=1"},"img":{"alt_text":"","src":"","width":0,"height":0},"classes":[]},{"id":100161,"url":"https:\/\/www.24baires.com\/?p=100161","url_meta":{"origin":8137,"position":3},"title":"Luego de 13 a\u00f1os, la Provincia adhiri\u00f3 al D\u00eda Nacional del Derecho a la Identidad","author":"AF","date":"25\/01\/2018","format":false,"excerpt":"La provincia de Buenos Aires formaliz\u00f3 hoy su adhesi\u00f3n a la ley nacional 26.001, sancionada en 2005 y que estableci\u00f3 el 22 de octubre de cada a\u00f1o como D\u00eda Nacional del Derecho a la Identidad en conmemoraci\u00f3n al inicio de la lucha emprendida por las Abuelas de Plaza de Mayo.\u2026","rel":"","context":"En \u00abProvincia\u00bb","block_context":{"text":"Provincia","link":"https:\/\/www.24baires.com\/?cat=40"},"img":{"alt_text":"","src":"https:\/\/i0.wp.com\/www.24baires.com\/wp-content\/uploads\/2016\/10\/gobernaci%C3%B3n.jpg?resize=350%2C200","width":350,"height":200,"srcset":"https:\/\/i0.wp.com\/www.24baires.com\/wp-content\/uploads\/2016\/10\/gobernaci%C3%B3n.jpg?resize=350%2C200 1x, https:\/\/i0.wp.com\/www.24baires.com\/wp-content\/uploads\/2016\/10\/gobernaci%C3%B3n.jpg?resize=525%2C300 1.5x"},"classes":[]},{"id":120909,"url":"https:\/\/www.24baires.com\/?p=120909","url_meta":{"origin":8137,"position":4},"title":"La Provincia sali\u00f3 a defender el aborto legal","author":"GB","date":"26\/01\/2024","format":false,"excerpt":"Tanto el ministro de Salud bonaerense, Nicolas Kreplak, como su par de Mujeres defendieron la ley de aborto legal. La escena pol\u00edtica nacional est\u00e1 convulsionada por los debates de la ley \u00f3mnibus y el mega DNU, la administraci\u00f3n libertaria tir\u00f3 otra bomba. A trav\u00e9s del procurador del Tesoro de la\u2026","rel":"","context":"En \u00abProvincia\u00bb","block_context":{"text":"Provincia","link":"https:\/\/www.24baires.com\/?cat=40"},"img":{"alt_text":"","src":"https:\/\/i0.wp.com\/www.24baires.com\/wp-content\/uploads\/2024\/01\/salud-provincia.webp?resize=350%2C200","width":350,"height":200,"srcset":"https:\/\/i0.wp.com\/www.24baires.com\/wp-content\/uploads\/2024\/01\/salud-provincia.webp?resize=350%2C200 1x, https:\/\/i0.wp.com\/www.24baires.com\/wp-content\/uploads\/2024\/01\/salud-provincia.webp?resize=525%2C300 1.5x, https:\/\/i0.wp.com\/www.24baires.com\/wp-content\/uploads\/2024\/01\/salud-provincia.webp?resize=700%2C400 2x"},"classes":[]},{"id":120510,"url":"https:\/\/www.24baires.com\/?p=120510","url_meta":{"origin":8137,"position":5},"title":"El Congreso cre\u00f3 tres universidades nacionales en la Provincia del Buenos Aires","author":"GB","date":"29\/09\/2023","format":false,"excerpt":"La C\u00e1mara de Senadores de la Naci\u00f3n le dio sanci\u00f3n definitiva a la creaci\u00f3n de tres universidades en la provincia de Buenos Aires. Tras casi un a\u00f1o de tr\u00e1mite legislativo, el Congreso de la Naci\u00f3n aprob\u00f3 la creaci\u00f3n de tres universidades emplazadas en la provincia de Buenos Aires. El gobernador\u2026","rel":"","context":"En \u00abSociedad\u00bb","block_context":{"text":"Sociedad","link":"https:\/\/www.24baires.com\/?cat=1"},"img":{"alt_text":"","src":"https:\/\/i0.wp.com\/www.24baires.com\/wp-content\/uploads\/2023\/09\/voto-congreso.webp?resize=350%2C200","width":350,"height":200,"srcset":"https:\/\/i0.wp.com\/www.24baires.com\/wp-content\/uploads\/2023\/09\/voto-congreso.webp?resize=350%2C200 1x, https:\/\/i0.wp.com\/www.24baires.com\/wp-content\/uploads\/2023\/09\/voto-congreso.webp?resize=525%2C300 1.5x, https:\/\/i0.wp.com\/www.24baires.com\/wp-content\/uploads\/2023\/09\/voto-congreso.webp?resize=700%2C400 2x"},"classes":[]}],"jetpack_sharing_enabled":true,"jetpack_likes_enabled":true,"_links":{"self":[{"href":"https:\/\/www.24baires.com\/index.php?rest_route=\/wp\/v2\/posts\/8137","targetHints":{"allow":["GET"]}}],"collection":[{"href":"https:\/\/www.24baires.com\/index.php?rest_route=\/wp\/v2\/posts"}],"about":[{"href":"https:\/\/www.24baires.com\/index.php?rest_route=\/wp\/v2\/types\/post"}],"author":[{"embeddable":true,"href":"https:\/\/www.24baires.com\/index.php?rest_route=\/wp\/v2\/users\/4"}],"replies":[{"embeddable":true,"href":"https:\/\/www.24baires.com\/index.php?rest_route=%2Fwp%2Fv2%2Fcomments&post=8137"}],"version-history":[{"count":1,"href":"https:\/\/www.24baires.com\/index.php?rest_route=\/wp\/v2\/posts\/8137\/revisions"}],"predecessor-version":[{"id":8139,"href":"https:\/\/www.24baires.com\/index.php?rest_route=\/wp\/v2\/posts\/8137\/revisions\/8139"}],"wp:attachment":[{"href":"https:\/\/www.24baires.com\/index.php?rest_route=%2Fwp%2Fv2%2Fmedia&parent=8137"}],"wp:term":[{"taxonomy":"category","embeddable":true,"href":"https:\/\/www.24baires.com\/index.php?rest_route=%2Fwp%2Fv2%2Fcategories&post=8137"},{"taxonomy":"post_tag","embeddable":true,"href":"https:\/\/www.24baires.com\/index.php?rest_route=%2Fwp%2Fv2%2Ftags&post=8137"}],"curies":[{"name":"wp","href":"https:\/\/api.w.org\/{rel}","templated":true}]}}