{"id":8134,"date":"2012-12-06T09:30:20","date_gmt":"2012-12-06T12:30:20","guid":{"rendered":"http:\/\/www.24baires.com\/?p=8134"},"modified":"2012-12-06T15:03:38","modified_gmt":"2012-12-06T18:03:38","slug":"proponen-declarar-la-emergencia-del-servicio-alimentario-escolar","status":"publish","type":"post","link":"https:\/\/www.24baires.com\/?p=8134","title":{"rendered":"Proponen declarar la emergencia del servicio alimentario escolar"},"content":{"rendered":"<p>La iniciativa es impulsada por la senadora bonaerense Mar\u00eda Isabel Gainza frente a la situaci\u00f3n de los proveedores de los comedores escolares, quienes amenazaron con cortar el servicio por la elevada deuda que mantiene la provincia de Buenos Aires.<!--more--><\/p>\n<p>A trav\u00e9s de un proyecto de ley, la legisladora de la Coalici\u00f3n C\u00edvica, Mar\u00eda Isabel Gainza, busca tambi\u00e9n declarar de \u00abinter\u00e9s prioritario\u00bb el programa \u00abEscuelas Abiertas de Verano\u00bb para as\u00ed garantizar su normal funcionamiento durante los meses de enero y febrero en todo el territorio provincial.<\/p>\n<p>Para Gainza las actividades estivales son fundamentales para contener a menores en situaci\u00f3n de riesgo, por lo que debe considerarse de inter\u00e9s prioritario la cabal implementaci\u00f3n del programa \u00b4Escuelas Abiertas de Verano\u00b4: no s\u00f3lo en aquellos municipios que puedan y se avengan a financiarlos y no s\u00f3lo en enero, como han expresado algunos funcionarios provinciales\u201d, se\u00f1al\u00f3.<\/p>\n<p>La iniciativa busca declarar por un a\u00f1o el estado de emergencia del SAE y del servicio de transporte escolar \u201cante el deterioro inadmisible y persistente que se observa desde hace al menos cinco a\u00f1os tanto en la calidad de prestaciones brindadas como en su ubicaci\u00f3n en las prioridades del gasto p\u00fablico, que ha llegado a normalizar su utilizaci\u00f3n como variable de ajuste\u201d.<\/p>\n<p>El atraso irregular en los pagos a los proveedores desde hace cinco a\u00f1os -a pesar de contar con partidas espec\u00edficas asignadas para cada ejercicio presupuestario- genera la posibilidad de un corte en el servicio y un evidente deterioro en la cantidad y calidad de su ya magro alimento diario.<\/p>\n<p>\u201cTomar el servicio alimentario escolar como variable de ajuste sumado a la presi\u00f3n inflacionaria, da lugar a la reducci\u00f3n de la cantidad, del valor nutricional y la calidad de los alimentos provistos. Cuando los ni\u00f1os no se alimentan adecuadamente en las ventanas cr\u00edticas del crecimiento, las consecuencias son permanentes: all\u00ed aparecen las alteraciones intelectuales la disminuci\u00f3n de la capacidad de aprendizaje, y una predisposici\u00f3n exponencial a enfermarse\u201d, advierte la vicepresidenta de la Comisi\u00f3n de Ni\u00f1ez y Familia de la c\u00e1mara alta.<\/p>\n","protected":false},"excerpt":{"rendered":"<p>La iniciativa es impulsada por la senadora bonaerense Mar\u00eda Isabel Gainza frente a la situaci\u00f3n de los proveedores de los comedores escolares, quienes amenazaron con cortar el servicio por la elevada deuda que mantiene la provincia de Buenos Aires.<\/p>\n","protected":false},"author":4,"featured_media":0,"comment_status":"open","ping_status":"open","sticky":false,"template":"","format":"standard","meta":{"_jetpack_newsletter_access":"","_jetpack_dont_email_post_to_subs":false,"_jetpack_newsletter_tier_id":0,"_jetpack_memberships_contains_paywalled_content":false,"_jetpack_memberships_contains_paid_content":false,"footnotes":""},"categories":[1],"tags":[],"class_list":["post-8134","post","type-post","status-publish","format-standard","hentry","category-sociedad"],"jetpack_featured_media_url":"","jetpack_shortlink":"https:\/\/wp.me\/p2JWE0-27c","jetpack-related-posts":[{"id":14144,"url":"https:\/\/www.24baires.com\/?p=14144","url_meta":{"origin":8134,"position":0},"title":"Comedores y transportes escolares en la Provincia: solicitan declarar la Emergencia","author":"AF","date":"31\/01\/2013","format":false,"excerpt":"El proyecto de ley es impulsado por la senadora bonaerense, Mar\u00eda Isabel Gainza, y pretende declarar por doce meses la emergencia de los comedores escolares y los transportes de alumnos. La senadora provincial Mar\u00eda Isabel Gainza, manifest\u00f3 que desde su bloque \u201chemos denunciado en forma permanente la falta de ejecuci\u00f3n\u2026","rel":"","context":"En \u00abSociedad\u00bb","block_context":{"text":"Sociedad","link":"https:\/\/www.24baires.com\/?cat=1"},"img":{"alt_text":"","src":"","width":0,"height":0},"classes":[]},{"id":16127,"url":"https:\/\/www.24baires.com\/?p=16127","url_meta":{"origin":8134,"position":1},"title":"Presentan proyecto para crear una materia escolar sobre la violencia de g\u00e9nero","author":"AF","date":"19\/02\/2013","format":false,"excerpt":"Un proyecto de ley impulsado en el Senado bonaerense busca que los estudiantes de las escuelas del distrito cursen una materia destinada a prevenir la violencia de g\u00e9nero. La iniciativa de la senadora provincial Mar\u00eda Isabel (Coalici\u00f3n C\u00edvica) Gainza, incorpora al dise\u00f1o curricular del sistema educativo bonaerense, con car\u00e1cter obligatorio\u2026","rel":"","context":"En \u00abSociedad\u00bb","block_context":{"text":"Sociedad","link":"https:\/\/www.24baires.com\/?cat=1"},"img":{"alt_text":"clase","src":"https:\/\/i0.wp.com\/www.24baires.com\/wp-content\/uploads\/2013\/02\/clase-300x198.jpg?resize=350%2C200","width":350,"height":200},"classes":[]},{"id":1627,"url":"https:\/\/www.24baires.com\/?p=1627","url_meta":{"origin":8134,"position":2},"title":"Denuncian que empresa privada reemplaza personal de seguridad por polic\u00edas bonaerenses","author":"AF","date":"10\/10\/2012","format":false,"excerpt":"La senadora provincial de la Coalici\u00f3n C\u00edvica, Mar\u00eda Isabel Gainza, asegur\u00f3 que en las pr\u00f3ximas horas elevar\u00e1n un pedido de informes al Ejecutivo. \u201cLos polic\u00edas son servidores p\u00fablicos que est\u00e1n para dar seguridad a todos los bonaerenses y no a los bienes de una empresa. Queremos saber si Casal est\u00e1\u2026","rel":"","context":"En \u00abSociedad\u00bb","block_context":{"text":"Sociedad","link":"https:\/\/www.24baires.com\/?cat=1"},"img":{"alt_text":"","src":"","width":0,"height":0},"classes":[]},{"id":5786,"url":"https:\/\/www.24baires.com\/?p=5786","url_meta":{"origin":8134,"position":3},"title":"Sugieren la creaci\u00f3n de un sistema integral de atenci\u00f3n para adictos","author":"AF","date":"17\/11\/2012","format":false,"excerpt":"El proyecto pertenece a la senadora Mar\u00eda Isabel Gainza y tiene como objetivo implementar en todo el territorio provincial un organismo de atenci\u00f3n p\u00fablico (SiPAPCA) dedicado a prevenir, diagnosticar y brindar atenci\u00f3n m\u00e9dica para personas adictas. El proyecto de la senadora Maria Isabel Gainza propone crear el Sistema P\u00fablico de\u2026","rel":"","context":"En \u00abSociedad\u00bb","block_context":{"text":"Sociedad","link":"https:\/\/www.24baires.com\/?cat=1"},"img":{"alt_text":"","src":"","width":0,"height":0},"classes":[]},{"id":14906,"url":"https:\/\/www.24baires.com\/?p=14906","url_meta":{"origin":8134,"position":4},"title":"La Senadora Gainza alert\u00f3 al Ejecutivo sobre el deplorable estado de las rutas bonaerenses","author":"AF","date":"07\/02\/2013","format":false,"excerpt":"La senadora de la 7ma secci\u00f3n electoral, Mar\u00eda Isabel Gainza, dio a conocer un parte de prensa, donde se\u00f1ala que \"en los \u00faltimos dos a\u00f1os present\u00f3 13 proyectos alertando al Ejecutivo bonaerense sobre el estado deplorable de las rutas 60, 65, 51, 76, 46\". Mientras el gobierno de Daniel Scioli\u2026","rel":"","context":"En \u00abProvincia\u00bb","block_context":{"text":"Provincia","link":"https:\/\/www.24baires.com\/?cat=40"},"img":{"alt_text":"ruta 2","src":"https:\/\/i0.wp.com\/www.24baires.com\/wp-content\/uploads\/2012\/12\/ruta-2-300x168.jpg?resize=350%2C200","width":350,"height":200},"classes":[]},{"id":22082,"url":"https:\/\/www.24baires.com\/?p=22082","url_meta":{"origin":8134,"position":5},"title":"Casi sin pruebas Casal quiere cerrar el caso del testigo muerto del Caso Candela","author":"Grupo Sierra","date":"28\/04\/2013","format":false,"excerpt":"Su subsecretario de Pol\u00edtica Criminal, C\u00e9sar Albarrac\u00edn, dio el primer paso en ese sentido al descartar de plano que la muerte del testigo del caso Candela \u201cse haya tratado de un homicidio\". Dos de los legisladores que investigar\u00e1n el hecho desde el Senado coincidieron en que es \u201cmuy apresurado\u201d aventurar\u2026","rel":"","context":"En \u00abProvincia\u00bb","block_context":{"text":"Provincia","link":"https:\/\/www.24baires.com\/?cat=40"},"img":{"alt_text":"CASAL 24 BAIRES small","src":"https:\/\/i0.wp.com\/www.24baires.com\/wp-content\/uploads\/2012\/12\/CASAL-24-BAIRES-small.jpg?resize=350%2C200","width":350,"height":200,"srcset":"https:\/\/i0.wp.com\/www.24baires.com\/wp-content\/uploads\/2012\/12\/CASAL-24-BAIRES-small.jpg?resize=350%2C200 1x, https:\/\/i0.wp.com\/www.24baires.com\/wp-content\/uploads\/2012\/12\/CASAL-24-BAIRES-small.jpg?resize=525%2C300 1.5x"},"classes":[]}],"jetpack_sharing_enabled":true,"jetpack_likes_enabled":true,"_links":{"self":[{"href":"https:\/\/www.24baires.com\/index.php?rest_route=\/wp\/v2\/posts\/8134","targetHints":{"allow":["GET"]}}],"collection":[{"href":"https:\/\/www.24baires.com\/index.php?rest_route=\/wp\/v2\/posts"}],"about":[{"href":"https:\/\/www.24baires.com\/index.php?rest_route=\/wp\/v2\/types\/post"}],"author":[{"embeddable":true,"href":"https:\/\/www.24baires.com\/index.php?rest_route=\/wp\/v2\/users\/4"}],"replies":[{"embeddable":true,"href":"https:\/\/www.24baires.com\/index.php?rest_route=%2Fwp%2Fv2%2Fcomments&post=8134"}],"version-history":[{"count":2,"href":"https:\/\/www.24baires.com\/index.php?rest_route=\/wp\/v2\/posts\/8134\/revisions"}],"predecessor-version":[{"id":8136,"href":"https:\/\/www.24baires.com\/index.php?rest_route=\/wp\/v2\/posts\/8134\/revisions\/8136"}],"wp:attachment":[{"href":"https:\/\/www.24baires.com\/index.php?rest_route=%2Fwp%2Fv2%2Fmedia&parent=8134"}],"wp:term":[{"taxonomy":"category","embeddable":true,"href":"https:\/\/www.24baires.com\/index.php?rest_route=%2Fwp%2Fv2%2Fcategories&post=8134"},{"taxonomy":"post_tag","embeddable":true,"href":"https:\/\/www.24baires.com\/index.php?rest_route=%2Fwp%2Fv2%2Ftags&post=8134"}],"curies":[{"name":"wp","href":"https:\/\/api.w.org\/{rel}","templated":true}]}}