{"id":8121,"date":"2012-12-06T14:30:51","date_gmt":"2012-12-06T17:30:51","guid":{"rendered":"http:\/\/www.24baires.com\/?p=8121"},"modified":"2012-12-06T19:59:04","modified_gmt":"2012-12-06T22:59:04","slug":"solo-media-empresa-no-quiere-cumplir-la-ley","status":"publish","type":"post","link":"https:\/\/www.24baires.com\/?p=8121","title":{"rendered":"\u00abSolo media empresa no quiere cumplir la ley\u00bb"},"content":{"rendered":"<p><img data-recalc-dims=\"1\" loading=\"lazy\" decoding=\"async\" class=\"aligncenter size-full wp-image-8122\" title=\"sabbatella media empresa\" src=\"https:\/\/i0.wp.com\/www.24baires.com\/wp-content\/uploads\/2012\/12\/sabbatella-media-empresa.jpg?resize=560%2C335\" alt=\"\" width=\"560\" height=\"335\" srcset=\"https:\/\/i0.wp.com\/www.24baires.com\/wp-content\/uploads\/2012\/12\/sabbatella-media-empresa.jpg?w=560&amp;ssl=1 560w, https:\/\/i0.wp.com\/www.24baires.com\/wp-content\/uploads\/2012\/12\/sabbatella-media-empresa.jpg?resize=300%2C179&amp;ssl=1 300w\" sizes=\"auto, (max-width: 560px) 100vw, 560px\" \/><\/p>\n<p>\u00abAhora hay 19 empresas y media que quieren cumplir con la ley y s\u00f3lo media que no\u00bb dijo el titular de la Autoridad Federal de Servicios de Comunicaci\u00f3n Audiovisual (AFSCA), Mart\u00edn Sabbatella, haciendo referencia al Grupo Clar\u00edn.<!--more--><\/p>\n<p>As\u00ed lo se\u00f1al\u00f3 al referirse a la presentaci\u00f3n realizada ayer por la compa\u00f1\u00eda Fintech Advisory Inc., propietaria del 40 por ciento de las acciones de Cablevisi\u00f3n, que consult\u00f3 sobre la viabilidad de una propuesta de plan de adecuaci\u00f3n que sugiere la salida del grupo Clar\u00edn de la sociedad que conforma esa red de televisi\u00f3n por cable.<br \/>\n\u00abMe parece muy sensato que un empresario diga que no quiere que su socio lo arrastre a la ilegalidad y que le dice a los accionistas `hagamos un plan de adecuaci\u00f3n y cumplamos con la ley como corresponde\u00b4\u00bb, afirm\u00f3 el titular de la AFSCA en declaraciones formuladas esta ma\u00f1ana a la radio La Red.<br \/>\nEn este marco, explic\u00f3 que lo presentado por la compa\u00f1\u00eda Fintech Advisory Inc. s\u00f3lo \u00abpodr\u00eda ser un plan de adecuaci\u00f3n si convence al resto de los socios de la compa\u00f1\u00eda\u00bb, que en este caso es el grupo Clar\u00edn, que posee el 60 por ciento de las acciones de Cablevisi\u00f3n Sociedad An\u00f3nima.<br \/>\n\u00abLo que hace Fintech es una consulta a la AFSCA, preguntando si esa propuesta ser\u00eda viable, si cumplir\u00eda los requisitos para ir a discutir con Cablevisi\u00f3n que hay que estar dentro de la ley\u00bb, explic\u00f3 el funcionario.<br \/>\nEn este sentido, adelant\u00f3 que, en el marco de una reuni\u00f3n de directorio que se desarrollar\u00e1 durante la jornada de hoy, la AFSCA evaluar\u00e1 esta consulta.<br \/>\n\u00abLo que proponen es que Clar\u00edn se vaya de Cablevisi\u00f3n, que venda su participaci\u00f3n porque est\u00e1 en conflicto con la Ley de Servicios de Comunicaci\u00f3n Audiovisual\u00bb, detall\u00f3 Sabbatella.<br \/>\nDe todas maneras, aclar\u00f3 que para que constituya un plan de adecuaci\u00f3n, seg\u00fan lo marcan las normas, \u00abdeber\u00eda convencer al resto\u00bb de los accionistas de la sociedad que conforma a esa red de televisi\u00f3n por cable.<br \/>\n\u00abAntes yo dec\u00eda que hab\u00eda 19 empresas que quer\u00edan cumplir con la ley y s\u00f3lo una que no; ahora, hay 19 empresas y media que quieren cumplir y s\u00f3lo media que no\u00bb, resumi\u00f3 Sabbatella.<\/p>\n<p>&nbsp;<\/p>\n<p>&nbsp;<\/p>\n<p>&nbsp;<\/p>\n<p>&nbsp;<\/p>\n<p>&nbsp;<\/p>\n<p>&nbsp;<\/p>\n<p>&nbsp;<\/p>\n<p>&nbsp;<\/p>\n<p>&nbsp;<\/p>\n<p>&nbsp;<\/p>\n","protected":false},"excerpt":{"rendered":"<p>\u00abAhora hay 19 empresas y media que quieren cumplir con la ley y s\u00f3lo media que no\u00bb dijo el titular de la Autoridad Federal de Servicios de Comunicaci\u00f3n Audiovisual (AFSCA), Mart\u00edn Sabbatella, haciendo referencia al Grupo Clar\u00edn.<\/p>\n","protected":false},"author":11,"featured_media":0,"comment_status":"open","ping_status":"open","sticky":false,"template":"","format":"standard","meta":{"_jetpack_newsletter_access":"","_jetpack_dont_email_post_to_subs":false,"_jetpack_newsletter_tier_id":0,"_jetpack_memberships_contains_paywalled_content":false,"_jetpack_memberships_contains_paid_content":false,"footnotes":""},"categories":[54],"tags":[],"class_list":["post-8121","post","type-post","status-publish","format-standard","hentry","category-medios"],"jetpack_featured_media_url":"","jetpack_shortlink":"https:\/\/wp.me\/p2JWE0-26Z","jetpack-related-posts":[{"id":38880,"url":"https:\/\/www.24baires.com\/?p=38880","url_meta":{"origin":8121,"position":0},"title":"Sabbatella: \u00abClar\u00edn empez\u00f3 a entender que la Argentina tiene reglas y debe cumplirlas\u00bb","author":"GB","date":"20\/01\/2014","format":false,"excerpt":"El titular de la Afsca, Mart\u00edn Sabbatella, afirm\u00f3 que \"si Clar\u00edn realmente quiere estar adentro de la ley (de Servicios de Comunicaci\u00f3n Audiovisual) tiene que adecuar la grilla de su sistema de cable\". \"Sin cumplimiento de la grilla no hay plan de adecuaci\u00f3n posible. Somos muy claros en ese tema.\u2026","rel":"","context":"En \u00abMedios\u00bb","block_context":{"text":"Medios","link":"https:\/\/www.24baires.com\/?cat=54"},"img":{"alt_text":"sabbatella post fallo","src":"https:\/\/i0.wp.com\/www.24baires.com\/wp-content\/uploads\/2012\/12\/sabbatella-post-fallo-300x200.jpg?resize=350%2C200","width":350,"height":200},"classes":[]},{"id":46502,"url":"https:\/\/www.24baires.com\/?p=46502","url_meta":{"origin":8121,"position":1},"title":"\u00abEstamos estudiando que no haya v\u00ednculo societario entre las unidades en que se dividi\u00f3 Clar\u00edn\u00bb","author":"AF","date":"22\/05\/2014","format":false,"excerpt":"El titular de la Autoridad Federal de Servicios de Comunicaci\u00f3n Audiovisual (Afsca), Mart\u00edn Sabbatella, asegur\u00f3 que el organismo estudia el plan de adecuaci\u00f3n presentado por el Grupo Clar\u00edn para verificar que \"no haya v\u00ednculo societario\" entre las diferentes unidades empresariales que debieron conformarse en cumplimiento de la Ley de Medios.\u2026","rel":"","context":"En \u00abMedios\u00bb","block_context":{"text":"Medios","link":"https:\/\/www.24baires.com\/?cat=54"},"img":{"alt_text":"sabbatella","src":"https:\/\/i0.wp.com\/www.24baires.com\/wp-content\/uploads\/2012\/09\/sabbatella.jpg?resize=350%2C200","width":350,"height":200,"srcset":"https:\/\/i0.wp.com\/www.24baires.com\/wp-content\/uploads\/2012\/09\/sabbatella.jpg?resize=350%2C200 1x, https:\/\/i0.wp.com\/www.24baires.com\/wp-content\/uploads\/2012\/09\/sabbatella.jpg?resize=525%2C300 1.5x"},"classes":[]},{"id":34725,"url":"https:\/\/www.24baires.com\/?p=34725","url_meta":{"origin":8121,"position":2},"title":"\u00abAfsca a\u00fan no opin\u00f3 sobre el contenido del plan del Grupo Clar\u00edn\u201d","author":"AF","date":"06\/11\/2013","format":false,"excerpt":"El titular de la Autoridad Federal de Servicios de Comunicaci\u00f3n Audiovisual consider\u00f3 \"un paso muy importante\" que \"todos los grupos de medios en Argentina\" hayan presentado ya sus procesos de adecuaci\u00f3n a la ley y aclar\u00f3 que el organismo \"a\u00fan no opin\u00f3 sobre el contenido\" de la propuesta presentada por\u2026","rel":"","context":"En \u00abMedios\u00bb","block_context":{"text":"Medios","link":"https:\/\/www.24baires.com\/?cat=54"},"img":{"alt_text":"afsca cordoba","src":"https:\/\/i0.wp.com\/www.24baires.com\/wp-content\/uploads\/2013\/02\/afsca-cordoba-300x200.jpg?resize=350%2C200","width":350,"height":200},"classes":[]},{"id":5148,"url":"https:\/\/www.24baires.com\/?p=5148","url_meta":{"origin":8121,"position":3},"title":"\u00abEl Estado no viene ni a estatizar ni a expropiar a nadie, lo que viene a hacer es cumplir la ley\u00bb","author":"Grupo Sierra","date":"12\/11\/2012","format":false,"excerpt":"El presidente de la Afsca, Mart\u00edn Sabbatella, asegur\u00f3 que el Estado \"viene a cumplir con la ley\" y \"garantizar el servicio y las fuentes de trabajo del conjunto de los trabajadores\", as\u00ed como tambi\u00e9n \"la libertad de expresi\u00f3n y el derecho a estar informados\". \"El Estado no viene ni a\u2026","rel":"","context":"En \u00abMedios\u00bb","block_context":{"text":"Medios","link":"https:\/\/www.24baires.com\/?cat=54"},"img":{"alt_text":"","src":"","width":0,"height":0},"classes":[]},{"id":34324,"url":"https:\/\/www.24baires.com\/?p=34324","url_meta":{"origin":8121,"position":4},"title":"\u00abA cumplir la ley todo el mundo\u201d sentenci\u00f3 Sabbatella","author":"GB","date":"29\/10\/2013","format":false,"excerpt":"Lo afirm\u00f3 el titular de la Afsca, Mart\u00edn Sabbatella: \u201cVamos a seguir con los mecanismos de adecuaci\u00f3n con todas las empresas, y ahora incluimos al Grupo Clar\u00edn\u201d. Adem\u00e1s, asegur\u00f3 que los licenciatarios deben mantener las fuentes de trabajo. Sabbatella se\u00f1al\u00f3 que el Grupo Clar\u00edn \"tiene el derecho de hacer lo\u2026","rel":"","context":"En \u00abMedios\u00bb","block_context":{"text":"Medios","link":"https:\/\/www.24baires.com\/?cat=54"},"img":{"alt_text":"Sabbatella ley","src":"https:\/\/i0.wp.com\/www.24baires.com\/wp-content\/uploads\/2013\/10\/Sabbatella-ley.jpg?resize=350%2C200","width":350,"height":200,"srcset":"https:\/\/i0.wp.com\/www.24baires.com\/wp-content\/uploads\/2013\/10\/Sabbatella-ley.jpg?resize=350%2C200 1x, https:\/\/i0.wp.com\/www.24baires.com\/wp-content\/uploads\/2013\/10\/Sabbatella-ley.jpg?resize=525%2C300 1.5x"},"classes":[]},{"id":34788,"url":"https:\/\/www.24baires.com\/?p=34788","url_meta":{"origin":8121,"position":5},"title":"Adecuaci\u00f3n de Clar\u00edn: \u00abLa ley contempla las divisiones, pero deben ser de verdad\u00bb","author":"AF","date":"07\/11\/2013","format":false,"excerpt":"El titular de la Afsca ratific\u00f3 que la ley de medios \"contempla la divisi\u00f3n\" de las empresas, tal como present\u00f3 en su plan de adecuaci\u00f3n el grupo Clar\u00edn, pero asever\u00f3 que esas separaciones deben ser \"de verdad\" y \"en serio\". \"Es una ley antimonop\u00f3lica y por lo tanto no solo\u2026","rel":"","context":"En \u00abLocales\u00bb","block_context":{"text":"Locales","link":"https:\/\/www.24baires.com\/?cat=38"},"img":{"alt_text":"sabbatella desafio","src":"https:\/\/i0.wp.com\/www.24baires.com\/wp-content\/uploads\/2012\/10\/sabbatella-desafio.jpg?resize=350%2C200","width":350,"height":200,"srcset":"https:\/\/i0.wp.com\/www.24baires.com\/wp-content\/uploads\/2012\/10\/sabbatella-desafio.jpg?resize=350%2C200 1x, https:\/\/i0.wp.com\/www.24baires.com\/wp-content\/uploads\/2012\/10\/sabbatella-desafio.jpg?resize=525%2C300 1.5x"},"classes":[]}],"jetpack_sharing_enabled":true,"jetpack_likes_enabled":true,"_links":{"self":[{"href":"https:\/\/www.24baires.com\/index.php?rest_route=\/wp\/v2\/posts\/8121","targetHints":{"allow":["GET"]}}],"collection":[{"href":"https:\/\/www.24baires.com\/index.php?rest_route=\/wp\/v2\/posts"}],"about":[{"href":"https:\/\/www.24baires.com\/index.php?rest_route=\/wp\/v2\/types\/post"}],"author":[{"embeddable":true,"href":"https:\/\/www.24baires.com\/index.php?rest_route=\/wp\/v2\/users\/11"}],"replies":[{"embeddable":true,"href":"https:\/\/www.24baires.com\/index.php?rest_route=%2Fwp%2Fv2%2Fcomments&post=8121"}],"version-history":[{"count":3,"href":"https:\/\/www.24baires.com\/index.php?rest_route=\/wp\/v2\/posts\/8121\/revisions"}],"predecessor-version":[{"id":8124,"href":"https:\/\/www.24baires.com\/index.php?rest_route=\/wp\/v2\/posts\/8121\/revisions\/8124"}],"wp:attachment":[{"href":"https:\/\/www.24baires.com\/index.php?rest_route=%2Fwp%2Fv2%2Fmedia&parent=8121"}],"wp:term":[{"taxonomy":"category","embeddable":true,"href":"https:\/\/www.24baires.com\/index.php?rest_route=%2Fwp%2Fv2%2Fcategories&post=8121"},{"taxonomy":"post_tag","embeddable":true,"href":"https:\/\/www.24baires.com\/index.php?rest_route=%2Fwp%2Fv2%2Ftags&post=8121"}],"curies":[{"name":"wp","href":"https:\/\/api.w.org\/{rel}","templated":true}]}}