{"id":81024,"date":"2016-04-05T17:02:54","date_gmt":"2016-04-05T20:02:54","guid":{"rendered":"http:\/\/www.24baires.com\/?p=81024"},"modified":"2016-04-05T17:02:54","modified_gmt":"2016-04-05T20:02:54","slug":"diario-aleman-apunto-contra-medios-argentinos-y-los-acuso-de-proteger-a-macri","status":"publish","type":"post","link":"https:\/\/www.24baires.com\/?p=81024","title":{"rendered":"Diario alem\u00e1n apunt\u00f3 contra medios argentinos y los acus\u00f3 de proteger a Macri"},"content":{"rendered":"<p><img data-recalc-dims=\"1\" loading=\"lazy\" decoding=\"async\" src=\"https:\/\/i0.wp.com\/www.24baires.com\/wp-content\/uploads\/2014\/09\/macri.jpg?resize=560%2C314\" alt=\"macri\" width=\"560\" height=\"314\" class=\"aligncenter size-full wp-image-53417\" srcset=\"https:\/\/i0.wp.com\/www.24baires.com\/wp-content\/uploads\/2014\/09\/macri.jpg?w=560&amp;ssl=1 560w, https:\/\/i0.wp.com\/www.24baires.com\/wp-content\/uploads\/2014\/09\/macri.jpg?resize=300%2C168&amp;ssl=1 300w\" sizes=\"auto, (max-width: 560px) 100vw, 560px\" \/>\u00abLlama la atenci\u00f3n que no le hayan dado tanta importancia al caso de Macri\u00bb, escribieron desde el SZ. La dura respuesta de Alconada Mon.<!--more--><\/p>\n<p>El diario alem\u00e1n S\u00fcddeutsche Zeitung (SZ), uno de los medios que es parte del Consorcio Internacional de Periodistas de Investigaci\u00f3n (ICIJ, por sus siglas e ingl\u00e9s), critic\u00f3 ayer a la prensa argentina por el tratamiento informativo de la noticia del involucramiento del presidente Mauricio Macri en una sociedad offshore en el marco del esc\u00e1ndalo de los Panam\u00e1 Papers. Por su parte, el periodista de La Naci\u00f3n, Hugo Alconada Mon, respondi\u00f3 al medio germano asegurando que la cobertura fue correcta.<\/p>\n<p>Al d\u00eda siguiente de la difusi\u00f3n mundial de los Panam\u00e1 Papers, SZ escribi\u00f3 una nota titulada \u00abAs\u00ed reaccion\u00f3 el Presidente argentino\u00bb en la que explica lo ocurrido con Macri, al tiempo que se asombra por el accionar de los principales diarios de Argentina: \u00abLlama la atenci\u00f3n que los medios argentinos no le hayan dado tanta importancia al caso de Macri teniendo en cuenta la gravedad de la denuncia\u00bb.<\/p>\n<p>En ese sentido, SZ se\u00f1ala que los medios argentinos le dieron \u00abm\u00e1s importancia a la denuncia vinculada al secretario de N\u00e9stor Kirchner que al propio Mauricio Macri\u00bb. Y agregan: \u00abSi hubiera sido el ex presidente Kirchner ya le hubieran pedido la renuncia\u00bb.<\/p>\n<p>El periodista Hugo Alconada Mon recogi\u00f3 el guante y le respondi\u00f3 al matutino germano. El hombre de La Naci\u00f3n dijo que antes SZ actu\u00f3 de la misma manera \u00abcon la sociedad Val de Loire\u00bb porque \u00abestaban obsesionados con decir que pertenec\u00eda a Crist\u00f3bal L\u00f3pez o, incluso, a los Kirchner\u00bb.Y agreg\u00f3: \u00abAl igual que sobre ciertos datos que surg\u00edan sobre Nevada y L\u00e1zaro B\u00e1ez, que de inmediato quer\u00edan pegar a los Kirchner\u00bb.<\/p>\n<p>Alconada Mon agreg\u00f3 que en ambas oportunidades fueron los periodistas argentinos quienes tuvieron que frenar a los alemanes. \u00abSi vamos a contar, contemos todo\u00bb, escribi\u00f3 desde su blog.<\/p>\n<p>Por otro lado, SZ tambi\u00e9n cuestion\u00f3 el comunicado emitido por el Gobierno para explicar lo ocurrido y asegur\u00f3 que el esc\u00e1ndalo de los Panam\u00e1 Papers \u00abpodr\u00eda generar un terremoto pol\u00edtico en Argentina\u00bb.<\/p>\n","protected":false},"excerpt":{"rendered":"<p>\u00abLlama la atenci\u00f3n que no le hayan dado tanta importancia al caso de Macri\u00bb, escribieron desde el SZ. La dura respuesta de Alconada Mon.<\/p>\n","protected":false},"author":8,"featured_media":0,"comment_status":"open","ping_status":"open","sticky":false,"template":"","format":"standard","meta":{"_jetpack_newsletter_access":"","_jetpack_dont_email_post_to_subs":false,"_jetpack_newsletter_tier_id":0,"_jetpack_memberships_contains_paywalled_content":false,"_jetpack_memberships_contains_paid_content":false,"footnotes":""},"categories":[54],"tags":[],"class_list":["post-81024","post","type-post","status-publish","format-standard","hentry","category-medios"],"jetpack_featured_media_url":"","jetpack_shortlink":"https:\/\/wp.me\/p2JWE0-l4Q","jetpack-related-posts":[{"id":81291,"url":"https:\/\/www.24baires.com\/?p=81291","url_meta":{"origin":81024,"position":0},"title":"Vinculan a Macri con otra cuenta offshore del Panam\u00e1 Papers","author":"GB","date":"11\/04\/2016","format":false,"excerpt":"Hugo Alconada Mon, el periodista que devel\u00f3 el esc\u00e1ndalo en la Argentina, declar\u00f3 como testigo ante la Justicia y aport\u00f3 documentacion sobre otra sociedad denominada \"Macri Group\", aunque asegura que no tiene comprobado que el Presidente tenga implicancia en la cuenta. El periodista Hugo Alconada Mon declar\u00f3 este lunes ante\u2026","rel":"","context":"En \u00abPol\u00edtica\u00bb","block_context":{"text":"Pol\u00edtica","link":"https:\/\/www.24baires.com\/?cat=51"},"img":{"alt_text":"macriiiii","src":"https:\/\/i0.wp.com\/www.24baires.com\/wp-content\/uploads\/2016\/02\/macriiiii.jpg?resize=350%2C200","width":350,"height":200,"srcset":"https:\/\/i0.wp.com\/www.24baires.com\/wp-content\/uploads\/2016\/02\/macriiiii.jpg?resize=350%2C200 1x, https:\/\/i0.wp.com\/www.24baires.com\/wp-content\/uploads\/2016\/02\/macriiiii.jpg?resize=525%2C300 1.5x"},"classes":[]},{"id":102894,"url":"https:\/\/www.24baires.com\/?p=102894","url_meta":{"origin":81024,"position":1},"title":"Hermano de Macri reconoce que blanque\u00f3 u$s 4 millones de una offshore","author":"Grupo Sierra","date":"21\/06\/2018","format":false,"excerpt":"El empresario Gianfranco Macri, hermano del Presidente de la Naci\u00f3n, reconoci\u00f3 ante la Administraci\u00f3n Federal de Ingresos P\u00fablicos (AFIP) ser el verdadero due\u00f1o de la sociedad offshore BF Corporation SA, a trav\u00e9s de la cual blanque\u00f3 4 millones de d\u00f3lares en la amnist\u00eda fiscal dispuesta por Mauricio Macri y como\u2026","rel":"","context":"En \u00abPANAM\u00c1 PAPERS\u00bb","block_context":{"text":"PANAM\u00c1 PAPERS","link":"https:\/\/www.24baires.com\/?cat=328"},"img":{"alt_text":"Gianfranco Macri.","src":"https:\/\/i0.wp.com\/media.ambito.com\/diario\/2018\/0621\/imagenes\/not_925262_21_083741_m.jpg?resize=350%2C200","width":350,"height":200,"srcset":"https:\/\/i0.wp.com\/media.ambito.com\/diario\/2018\/0621\/imagenes\/not_925262_21_083741_m.jpg?resize=350%2C200 1x, https:\/\/i0.wp.com\/media.ambito.com\/diario\/2018\/0621\/imagenes\/not_925262_21_083741_m.jpg?resize=525%2C300 1.5x"},"classes":[]},{"id":81460,"url":"https:\/\/www.24baires.com\/?p=81460","url_meta":{"origin":81024,"position":2},"title":"Diario franc\u00e9s critic\u00f3 a La Naci\u00f3n por su cobertura de los Panam\u00e1 Papers","author":"GB","date":"14\/04\/2016","format":false,"excerpt":"El reconocido diario franc\u00e9s apunt\u00f3 contra la selectiva publicaci\u00f3n de las revelaciones por tratarse de un medio \"salpicado\" por el esc\u00e1ndalo internacional de las cuentas off shore. El diario franc\u00e9s Le Monde cuestion\u00f3 la cobertura medi\u00e1tica que est\u00e1 haciendo el diario La Naci\u00f3n sobre el esc\u00e1ndalo internacional de Panam\u00e1 Papers.\u2026","rel":"","context":"En \u00abMedios\u00bb","block_context":{"text":"Medios","link":"https:\/\/www.24baires.com\/?cat=54"},"img":{"alt_text":"panam\u00e1 papers","src":"https:\/\/i0.wp.com\/www.24baires.com\/wp-content\/uploads\/2016\/04\/panam%C3%A1-papers.jpg?resize=350%2C200","width":350,"height":200,"srcset":"https:\/\/i0.wp.com\/www.24baires.com\/wp-content\/uploads\/2016\/04\/panam%C3%A1-papers.jpg?resize=350%2C200 1x, https:\/\/i0.wp.com\/www.24baires.com\/wp-content\/uploads\/2016\/04\/panam%C3%A1-papers.jpg?resize=525%2C300 1.5x"},"classes":[]},{"id":84601,"url":"https:\/\/www.24baires.com\/?p=84601","url_meta":{"origin":81024,"position":3},"title":"Escrache a Macri en Berl\u00edn","author":"GB","date":"05\/07\/2016","format":false,"excerpt":"A metros del encuentro entre Macri y Merkel, integrantes de la agrupaci\u00f3n Argentinos para la Victoria realizaron una movilizaci\u00f3n contra las pol\u00edticas del primer semestre, para exigir la liberaci\u00f3n de la l\u00edder juje\u00f1a y pedir que se investigue al Presidente por los Panama Papers. Miembros del colectivo \u201cArgentinos para la\u2026","rel":"","context":"En \u00abPol\u00edtica\u00bb","block_context":{"text":"Pol\u00edtica","link":"https:\/\/www.24baires.com\/?cat=51"},"img":{"alt_text":"escrache macri","src":"https:\/\/i0.wp.com\/www.24baires.com\/wp-content\/uploads\/2016\/07\/escrache-macri.jpg?resize=350%2C200","width":350,"height":200,"srcset":"https:\/\/i0.wp.com\/www.24baires.com\/wp-content\/uploads\/2016\/07\/escrache-macri.jpg?resize=350%2C200 1x, https:\/\/i0.wp.com\/www.24baires.com\/wp-content\/uploads\/2016\/07\/escrache-macri.jpg?resize=525%2C300 1.5x"},"classes":[]},{"id":90851,"url":"https:\/\/www.24baires.com\/?p=90851","url_meta":{"origin":81024,"position":4},"title":"Revelan que una offshore de Macri movi\u00f3 fondos a Suiza y destruy\u00f3 las pruebas","author":"GB","date":"17\/12\/2016","format":false,"excerpt":"La firma BF Corporation, vinculada a dos hermanos del presidente, realiz\u00f3 dos movimientos sospechosos apenas cuatro d\u00edas antes de los comicios de 2015. La firma offshore BF Corporation, vinculada a dos hermanos del presidente Mauricio Macri realiz\u00f3 dos movimientos sospechosos antes de la primera vuelta electoral de 2015. Seg\u00fan public\u00f3\u2026","rel":"","context":"En \u00abPol\u00edtica\u00bb","block_context":{"text":"Pol\u00edtica","link":"https:\/\/www.24baires.com\/?cat=51"},"img":{"alt_text":"","src":"https:\/\/i0.wp.com\/www.24baires.com\/wp-content\/uploads\/2016\/11\/macri.jpg?resize=350%2C200","width":350,"height":200,"srcset":"https:\/\/i0.wp.com\/www.24baires.com\/wp-content\/uploads\/2016\/11\/macri.jpg?resize=350%2C200 1x, https:\/\/i0.wp.com\/www.24baires.com\/wp-content\/uploads\/2016\/11\/macri.jpg?resize=525%2C300 1.5x"},"classes":[]},{"id":94197,"url":"https:\/\/www.24baires.com\/?p=94197","url_meta":{"origin":81024,"position":5},"title":"Odebrecht financi\u00f3 la campa\u00f1a presidencial de Macri","author":"AF","date":"30\/04\/2017","format":false,"excerpt":"La empresa brasilera que est\u00e1 en el ojo de la tormenta por casos de corrupci\u00f3n aport\u00f3 medio mill\u00f3n de pesos para apoyar la candidatura del actual Presidente. Odebrecht, la empresa constructora de Brasil que est\u00e1 en el ojo de la tormenta por esc\u00e1ndalos de corrupci\u00f3n y por haber pagado coimas\u2026","rel":"","context":"En \u00abPol\u00edtica\u00bb","block_context":{"text":"Pol\u00edtica","link":"https:\/\/www.24baires.com\/?cat=51"},"img":{"alt_text":"","src":"https:\/\/i0.wp.com\/www.24baires.com\/wp-content\/uploads\/2017\/04\/macri-vidal.jpg?resize=350%2C200","width":350,"height":200,"srcset":"https:\/\/i0.wp.com\/www.24baires.com\/wp-content\/uploads\/2017\/04\/macri-vidal.jpg?resize=350%2C200 1x, https:\/\/i0.wp.com\/www.24baires.com\/wp-content\/uploads\/2017\/04\/macri-vidal.jpg?resize=525%2C300 1.5x"},"classes":[]}],"jetpack_sharing_enabled":true,"jetpack_likes_enabled":true,"_links":{"self":[{"href":"https:\/\/www.24baires.com\/index.php?rest_route=\/wp\/v2\/posts\/81024","targetHints":{"allow":["GET"]}}],"collection":[{"href":"https:\/\/www.24baires.com\/index.php?rest_route=\/wp\/v2\/posts"}],"about":[{"href":"https:\/\/www.24baires.com\/index.php?rest_route=\/wp\/v2\/types\/post"}],"author":[{"embeddable":true,"href":"https:\/\/www.24baires.com\/index.php?rest_route=\/wp\/v2\/users\/8"}],"replies":[{"embeddable":true,"href":"https:\/\/www.24baires.com\/index.php?rest_route=%2Fwp%2Fv2%2Fcomments&post=81024"}],"version-history":[{"count":1,"href":"https:\/\/www.24baires.com\/index.php?rest_route=\/wp\/v2\/posts\/81024\/revisions"}],"predecessor-version":[{"id":81025,"href":"https:\/\/www.24baires.com\/index.php?rest_route=\/wp\/v2\/posts\/81024\/revisions\/81025"}],"wp:attachment":[{"href":"https:\/\/www.24baires.com\/index.php?rest_route=%2Fwp%2Fv2%2Fmedia&parent=81024"}],"wp:term":[{"taxonomy":"category","embeddable":true,"href":"https:\/\/www.24baires.com\/index.php?rest_route=%2Fwp%2Fv2%2Fcategories&post=81024"},{"taxonomy":"post_tag","embeddable":true,"href":"https:\/\/www.24baires.com\/index.php?rest_route=%2Fwp%2Fv2%2Ftags&post=81024"}],"curies":[{"name":"wp","href":"https:\/\/api.w.org\/{rel}","templated":true}]}}