{"id":8091,"date":"2012-12-06T12:53:09","date_gmt":"2012-12-06T15:53:09","guid":{"rendered":"http:\/\/www.24baires.com\/?p=8091"},"modified":"2012-12-06T10:44:47","modified_gmt":"2012-12-06T13:44:47","slug":"rutas-a-la-costa-ahora-los-radares-tambien-vigilaran-de-noche","status":"publish","type":"post","link":"https:\/\/www.24baires.com\/?p=8091","title":{"rendered":"Rutas a la costa: ahora, los radares tambi\u00e9n vigilar\u00e1n de noche"},"content":{"rendered":"<p>El Gobierno dispuso equipar con reflectores a 15 de los 77 radares que hay sobre las rutas 2, 11, 36, 29, 63 y 74. Adem\u00e1s extender\u00e1n operativos de control en banquinas.<!--more--><br \/>\nEl Gobierno anunci\u00f3 que equipar\u00e1 los radares con sistemas de iluminaci\u00f3n que permitir\u00e1n detectar los excesos de velocidad las 24 horas.<br \/>\nEl 20% de los cinem\u00f3metros instalados en las rutas 2, 11, 36, 29, 63 y 74 ser\u00e1n complementados con reflectores solares que iluminar\u00e1n el per\u00edmetro de alcance de los aparatos para captar infractores.<br \/>\nLa tecnolog\u00eda se incorporar\u00e1 en 15 de los 77 radares electr\u00f3nicos fijos que funcionan desde hace cuatro a\u00f1os en las carreteras de acceso a las principales ciudades tur\u00edsticas bonaerenses.<br \/>\nAdem\u00e1s, las autoridades decidieron extender los operativos de \u201ccontrol en banquinas\u201d para evitar irregularidades de tr\u00e1nsito en los d\u00edas de recambio tur\u00edstico y en los fines de semana claves de la temporada.<br \/>\nSon patrullas que recorren los m\u00e1rgenes de las calzadas de rutas y autopistas con m\u00e1quinas para hacer fotomultas.<\/p>\n","protected":false},"excerpt":{"rendered":"<p>El Gobierno dispuso equipar con reflectores a 15 de los 77 radares que hay sobre las rutas 2, 11, 36, 29, 63 y 74. Adem\u00e1s extender\u00e1n operativos de control en banquinas.<\/p>\n","protected":false},"author":4,"featured_media":0,"comment_status":"open","ping_status":"open","sticky":false,"template":"","format":"standard","meta":{"_jetpack_newsletter_access":"","_jetpack_dont_email_post_to_subs":false,"_jetpack_newsletter_tier_id":0,"_jetpack_memberships_contains_paywalled_content":false,"_jetpack_memberships_contains_paid_content":false,"footnotes":""},"categories":[1],"tags":[],"class_list":["post-8091","post","type-post","status-publish","format-standard","hentry","category-sociedad"],"jetpack_featured_media_url":"","jetpack_shortlink":"https:\/\/wp.me\/p2JWE0-26v","jetpack-related-posts":[{"id":10526,"url":"https:\/\/www.24baires.com\/?p=10526","url_meta":{"origin":8091,"position":0},"title":"Las multas que se realizar\u00e1n en las rutas bonaerenses tendr\u00e1n un alto costo","author":"AF","date":"27\/12\/2012","format":false,"excerpt":"Seg\u00fan informaron autoridades provinciales, ser\u00e1 el costo que se deber\u00e1 pagar por cometer infracciones por las rutas que van hacia la Costa. Adelantarse por la banquina, excederse en la velocidad y andar sin luces bajas por las rutas con destino a la Costa tendr\u00e1n un costo muy alto. Este verano\u2026","rel":"","context":"En \u00abEconom\u00eda\u00bb","block_context":{"text":"Econom\u00eda","link":"https:\/\/www.24baires.com\/?cat=45"},"img":{"alt_text":"multas","src":"https:\/\/i0.wp.com\/www.24baires.com\/wp-content\/uploads\/2012\/12\/multas.jpg?resize=350%2C200","width":350,"height":200},"classes":[]},{"id":58506,"url":"https:\/\/www.24baires.com\/?p=58506","url_meta":{"origin":8091,"position":1},"title":"La Provincia dio a conocer la ubicaci\u00f3n exacta de los radares en rutas","author":"AF","date":"12\/12\/2014","format":false,"excerpt":"Como todos los a\u00f1os, la Jefatura de Gabinete a cargo de Alberto P\u00e9rez, public\u00f3 hoy en su p\u00e1gina web www.gob.gba.gov.ar la ubicaci\u00f3n exacta de los cinem\u00f3metros y controles electr\u00f3nicos provinciales y municipales enmarcados en la Red Provincial de Seguridad Vial. \u201cEn la provincia de Buenos Aires hay instalados dispositivos electr\u00f3nicos\u2026","rel":"","context":"En \u00abProvincia\u00bb","block_context":{"text":"Provincia","link":"https:\/\/www.24baires.com\/?cat=40"},"img":{"alt_text":"radar min tran","src":"https:\/\/i0.wp.com\/www.24baires.com\/wp-content\/uploads\/2013\/02\/radar-min-tran.jpg?resize=350%2C200","width":350,"height":200,"srcset":"https:\/\/i0.wp.com\/www.24baires.com\/wp-content\/uploads\/2013\/02\/radar-min-tran.jpg?resize=350%2C200 1x, https:\/\/i0.wp.com\/www.24baires.com\/wp-content\/uploads\/2013\/02\/radar-min-tran.jpg?resize=525%2C300 1.5x"},"classes":[]},{"id":13913,"url":"https:\/\/www.24baires.com\/?p=13913","url_meta":{"origin":8091,"position":2},"title":"Gobierno bonaerense lanz\u00f3 aplicaci\u00f3n para smartphones que avisa ubicaci\u00f3n de radares","author":"AF","date":"29\/01\/2013","format":false,"excerpt":"El gobierno bonaerense brindar\u00e1 un servicio virtual de informaci\u00f3n a viajeros que transiten por las rutas hacia la Costa Atl\u00e1ntica para tel\u00e9fonos celulares inteligentes. La descarga del sistema es gratuita y funciona en todos los celulares con acceso a Internet. La herramienta brinda la ubicaci\u00f3n exacta de los radares a\u2026","rel":"","context":"En \u00abTecnolog\u00eda\u00bb","block_context":{"text":"Tecnolog\u00eda","link":"https:\/\/www.24baires.com\/?cat=46"},"img":{"alt_text":"","src":"","width":0,"height":0},"classes":[]},{"id":119952,"url":"https:\/\/www.24baires.com\/?p=119952","url_meta":{"origin":8091,"position":3},"title":"El SMN avanza con la instalaci\u00f3n de 10 nuevos radares meteorol\u00f3gicos","author":"AF","date":"27\/03\/2023","format":false,"excerpt":"El Servicio Meteorol\u00f3gico Nacional, dependiente del Ministerio de Defensa, inicia la tercera etapa del Sistema Nacional de Radares Meteorol\u00f3gicos (SINARAME), a trav\u00e9s del cual se instalar\u00e1n 10 nuevos radares y m\u00e1s equipamiento, por lo que llegar\u00e1 a 21 la cantidad de esos equipos que brindar\u00e1n una cobertura del 70 %\u2026","rel":"","context":"En \u00abSociedad\u00bb","block_context":{"text":"Sociedad","link":"https:\/\/www.24baires.com\/?cat=1"},"img":{"alt_text":"","src":"https:\/\/i0.wp.com\/www.24baires.com\/wp-content\/uploads\/2023\/03\/radar.jpeg?resize=350%2C200","width":350,"height":200,"srcset":"https:\/\/i0.wp.com\/www.24baires.com\/wp-content\/uploads\/2023\/03\/radar.jpeg?resize=350%2C200 1x, https:\/\/i0.wp.com\/www.24baires.com\/wp-content\/uploads\/2023\/03\/radar.jpeg?resize=525%2C300 1.5x, https:\/\/i0.wp.com\/www.24baires.com\/wp-content\/uploads\/2023\/03\/radar.jpeg?resize=700%2C400 2x"},"classes":[]},{"id":61704,"url":"https:\/\/www.24baires.com\/?p=61704","url_meta":{"origin":8091,"position":4},"title":"La Provincia realizar\u00e1 controles en rutas durante el pr\u00f3ximo fin de semana largo","author":"AF","date":"13\/02\/2015","format":false,"excerpt":"Habr\u00e1 fiscalizaci\u00f3n de veh\u00edculos, restricci\u00f3n de circulaci\u00f3n de camiones, control de cargas y de velocidad a trav\u00e9s de radares, adem\u00e1s de operativos en las principales terminales de \u00f3mnibus. El gobierno de la Provincia intensific\u00f3 los controles viales para el pr\u00f3ximo fin de semana largo de Carnaval en donde circular\u00e1n millones\u2026","rel":"","context":"En \u00abSociedad\u00bb","block_context":{"text":"Sociedad","link":"https:\/\/www.24baires.com\/?cat=1"},"img":{"alt_text":"control ruta","src":"https:\/\/i0.wp.com\/www.24baires.com\/wp-content\/uploads\/2013\/01\/control-ruta.jpg?resize=350%2C200","width":350,"height":200},"classes":[]},{"id":63432,"url":"https:\/\/www.24baires.com\/?p=63432","url_meta":{"origin":8091,"position":5},"title":"Comenz\u00f3 el \u00e9xodo tur\u00edstico: m\u00e1s de 2.200 autos por hora circulan hacia la Costa","author":"GB","date":"20\/03\/2015","format":false,"excerpt":"Unos 2.200 veh\u00edculos por hora circulaban esta tarde por la autov\u00eda 2 en sentido a la Costa Atl\u00e1ntica por lo que el tr\u00e1nsito se desplazaba con normalidad y sin demoras en el inicio del fin de semana largo por los feriados del 23 y 24 de marzo, inform\u00f3 La Direcci\u00f3n\u2026","rel":"","context":"En \u00abTurismo\u00bb","block_context":{"text":"Turismo","link":"https:\/\/www.24baires.com\/?cat=69"},"img":{"alt_text":"autos finde largo junio","src":"https:\/\/i0.wp.com\/www.24baires.com\/wp-content\/uploads\/2013\/06\/autos-finde-largo-junio.jpg?resize=350%2C200","width":350,"height":200,"srcset":"https:\/\/i0.wp.com\/www.24baires.com\/wp-content\/uploads\/2013\/06\/autos-finde-largo-junio.jpg?resize=350%2C200 1x, https:\/\/i0.wp.com\/www.24baires.com\/wp-content\/uploads\/2013\/06\/autos-finde-largo-junio.jpg?resize=525%2C300 1.5x"},"classes":[]}],"jetpack_sharing_enabled":true,"jetpack_likes_enabled":true,"_links":{"self":[{"href":"https:\/\/www.24baires.com\/index.php?rest_route=\/wp\/v2\/posts\/8091","targetHints":{"allow":["GET"]}}],"collection":[{"href":"https:\/\/www.24baires.com\/index.php?rest_route=\/wp\/v2\/posts"}],"about":[{"href":"https:\/\/www.24baires.com\/index.php?rest_route=\/wp\/v2\/types\/post"}],"author":[{"embeddable":true,"href":"https:\/\/www.24baires.com\/index.php?rest_route=\/wp\/v2\/users\/4"}],"replies":[{"embeddable":true,"href":"https:\/\/www.24baires.com\/index.php?rest_route=%2Fwp%2Fv2%2Fcomments&post=8091"}],"version-history":[{"count":2,"href":"https:\/\/www.24baires.com\/index.php?rest_route=\/wp\/v2\/posts\/8091\/revisions"}],"predecessor-version":[{"id":8093,"href":"https:\/\/www.24baires.com\/index.php?rest_route=\/wp\/v2\/posts\/8091\/revisions\/8093"}],"wp:attachment":[{"href":"https:\/\/www.24baires.com\/index.php?rest_route=%2Fwp%2Fv2%2Fmedia&parent=8091"}],"wp:term":[{"taxonomy":"category","embeddable":true,"href":"https:\/\/www.24baires.com\/index.php?rest_route=%2Fwp%2Fv2%2Fcategories&post=8091"},{"taxonomy":"post_tag","embeddable":true,"href":"https:\/\/www.24baires.com\/index.php?rest_route=%2Fwp%2Fv2%2Ftags&post=8091"}],"curies":[{"name":"wp","href":"https:\/\/api.w.org\/{rel}","templated":true}]}}