{"id":80900,"date":"2016-04-01T19:33:36","date_gmt":"2016-04-01T22:33:36","guid":{"rendered":"http:\/\/www.24baires.com\/?p=80900"},"modified":"2016-04-01T19:33:36","modified_gmt":"2016-04-01T22:33:36","slug":"cierran-areas-de-la-afsca-que-brindaban-apoyo-a-las-radios-comunitarias","status":"publish","type":"post","link":"https:\/\/www.24baires.com\/?p=80900","title":{"rendered":"Cierran \u00e1reas de la AFSCA que brindaban apoyo a las radios comunitarias"},"content":{"rendered":"<p><img data-recalc-dims=\"1\" loading=\"lazy\" decoding=\"async\" src=\"https:\/\/i0.wp.com\/www.24baires.com\/wp-content\/uploads\/2012\/11\/AFSCA.jpg?resize=222%2C227\" alt=\"AFSCA\" width=\"222\" height=\"227\" class=\"alignleft size-full wp-image-6115\" \/>Se trata del \u00e1rea de Proyectos Especiales de la AFSCA que apoyaba a los medios sin fines de lucro de todo el pa\u00eds.<!--more--><\/p>\n<p>El gobierno de Mauricio Macri desmantel\u00f3 el \u00e1rea de Proyectos Especiales de la Autoridad Federal de Servicios de Comunicaci\u00f3n Audiovisual (AFSCA) que cumpl\u00eda un importante rol de apoyo a los medios sin fines de lucro de todo el pa\u00eds y donde la semana pasada se hicieron conocer siete despidos.<\/p>\n<p>Los trabajadores explicaron que \u00ablos proyectos de FOMECA est\u00e1n completamente freezados desde el 23 de diciembre\u00bb y que \u00abel \u00e1rea pr\u00e1cticamente va a quedar desmantelada porque existe la posibilidad de que se pase de 20 personas a dos o tres\u00bb.<\/p>\n<p>El Fondo de Fomento Concursable para Medios de Comunicaci\u00f3n Audiovisual (FOMECA) es el mecanismo que dise\u00f1\u00f3 el AFSCA para hacer efectiva la implementaci\u00f3n del art\u00edculo 97, tomando en consideraci\u00f3n lo establecido por la Ley de Servicios de Comunicaci\u00f3n Audiovisual, que establece que el 10% de los fondos recaudados por el organismo ser\u00e1n destinados a proyectos especiales de comunicaci\u00f3n audiovisual comunitarios, de frontera y de los pueblos originarios.<\/p>\n<p>La legisladora porte\u00f1a y ex directora del \u00e1rea, Andrea Conde expres\u00f3: \u00abEl FOMECA implicaba una verdadera redistribuci\u00f3n de recursos y de la palabra, ya que los fondos proven\u00edan de las multas y grav\u00e1menes que pagaban los grandes licenciatarios al organismo. Trabajamos much\u00edsimo para ponerlo en marcha. No me sorprende que un gobierno que s\u00f3lo act\u00faa en funci\u00f3n de concentrar la riqueza decida desguazar el \u00e1rea\u00bb.<\/p>\n<p>\u00abLos medios comunitarios y de pueblos originarios tuvieron que esperar m\u00e1s de 30 a\u00f1os para ser reconocidos por la ley. En tres meses, se est\u00e1 destruyendo el paradigma de democratizaci\u00f3n de la palabra por el que el sector luch\u00f3 tanto tiempo.\u00bb, agreg\u00f3.<\/p>\n","protected":false},"excerpt":{"rendered":"<p>Se trata del \u00e1rea de Proyectos Especiales de la AFSCA que apoyaba a los medios sin fines de lucro de todo el pa\u00eds.<\/p>\n","protected":false},"author":8,"featured_media":0,"comment_status":"open","ping_status":"open","sticky":false,"template":"","format":"standard","meta":{"_jetpack_newsletter_access":"","_jetpack_dont_email_post_to_subs":false,"_jetpack_newsletter_tier_id":0,"_jetpack_memberships_contains_paywalled_content":false,"_jetpack_memberships_contains_paid_content":false,"footnotes":""},"categories":[54],"tags":[],"class_list":["post-80900","post","type-post","status-publish","format-standard","hentry","category-medios"],"jetpack_featured_media_url":"","jetpack_shortlink":"https:\/\/wp.me\/p2JWE0-l2Q","jetpack-related-posts":[{"id":42187,"url":"https:\/\/www.24baires.com\/?p=42187","url_meta":{"origin":80900,"position":0},"title":"Mar del Plata: presentaron un Fondo Concursable para impulsar medios locales","author":"Grupo Sierra","date":"15\/03\/2014","format":false,"excerpt":"Se trata del FOMECA y ya abri\u00f3 su inscripci\u00f3n. \u201cSe sustenta mayoritariamente con las multas de quienes no cumplen con la Ley de Medios\u201d y \u201cun porcentaje de ese dinero recaudado se redistribuye como pol\u00edtica de estado\u201d, dijo Osvaldo Franc\u00e9s. Bajo la participaci\u00f3n activa de Osvaldo Franc\u00e9s, vicepresidente del Consejo\u2026","rel":"","context":"En \u00abLocales\u00bb","block_context":{"text":"Locales","link":"https:\/\/www.24baires.com\/?cat=38"},"img":{"alt_text":"fomeca","src":"https:\/\/i0.wp.com\/www.24baires.com\/wp-content\/uploads\/2014\/03\/fomeca-300x201.jpg?resize=350%2C200","width":350,"height":200},"classes":[]},{"id":63731,"url":"https:\/\/www.24baires.com\/?p=63731","url_meta":{"origin":80900,"position":1},"title":"AFSCA concursa 35 millones de pesos para financiar proyectos de medios comunitarios","author":"GB","date":"30\/03\/2015","format":false,"excerpt":"El organismo aportar\u00e1 ese monto a trav\u00e9s del Fondo de Fomento Concursable (Fomeca) para financiar esos proyectos, mientras que la inversi\u00f3n total para 2015 ser\u00e1 de 129.230.000. Siete nuevas l\u00edneas de financiamiento por un total de 35,2 millones de pesos ser\u00e1n destinadas a proyectos de medios comunitarios, de frontera y\u2026","rel":"","context":"En \u00abMedios\u00bb","block_context":{"text":"Medios","link":"https:\/\/www.24baires.com\/?cat=54"},"img":{"alt_text":"AFSCA","src":"https:\/\/i0.wp.com\/www.24baires.com\/wp-content\/uploads\/2012\/11\/AFSCA.jpg?resize=350%2C200","width":350,"height":200},"classes":[]},{"id":52803,"url":"https:\/\/www.24baires.com\/?p=52803","url_meta":{"origin":80900,"position":2},"title":"A casi 5 a\u00f1os de la Ley de Medios los comunicadores Pymes siguen esperando","author":"Grupo Sierra","date":"31\/08\/2014","format":false,"excerpt":"La Asamblea Nacional de La CoRaMeCO (Confederaci\u00f3n de Radios y Medios de Comunicaci\u00f3n de Argentina), se mostr\u00f3 preocupada por la morosidad en la aplicaci\u00f3n de la Ley e inst\u00f3 a continuar el trabajo con los medios de comunicaci\u00f3n populares nacidos de la democracia. Resaltaron los esfuerzos hechos por la Presidenta\u2026","rel":"","context":"En \u00abMedios\u00bb","block_context":{"text":"Medios","link":"https:\/\/www.24baires.com\/?cat=54"},"img":{"alt_text":"lacorameco","src":"https:\/\/i0.wp.com\/www.24baires.com\/wp-content\/uploads\/2014\/08\/lacorameco.jpg?resize=350%2C200","width":350,"height":200,"srcset":"https:\/\/i0.wp.com\/www.24baires.com\/wp-content\/uploads\/2014\/08\/lacorameco.jpg?resize=350%2C200 1x, https:\/\/i0.wp.com\/www.24baires.com\/wp-content\/uploads\/2014\/08\/lacorameco.jpg?resize=525%2C300 1.5x"},"classes":[]},{"id":49677,"url":"https:\/\/www.24baires.com\/?p=49677","url_meta":{"origin":80900,"position":3},"title":"Realizar\u00e1n en Mar del Plata el 2\u00ba encuentro de productoras audiovisuales comunitarias","author":"AF","date":"11\/07\/2014","format":false,"excerpt":"Mediante un comunicado se dio a conocer que la jornada dar\u00e1 comienzo el 19 de julio a las 9 y contar\u00e1 con talleres de capacitaci\u00f3n brindados por docentes de la Escuela Nacional de Experimentaci\u00f3n y Realizaci\u00f3n (Enerc) del Instituto Nacional de Cine y Artes Audiovisuales (Incaa). Esta nueva reuni\u00f3n de\u2026","rel":"","context":"En \u00abSociedad\u00bb","block_context":{"text":"Sociedad","link":"https:\/\/www.24baires.com\/?cat=1"},"img":{"alt_text":"AFSCA","src":"https:\/\/i0.wp.com\/www.24baires.com\/wp-content\/uploads\/2012\/11\/AFSCA.jpg?resize=350%2C200","width":350,"height":200},"classes":[]},{"id":43863,"url":"https:\/\/www.24baires.com\/?p=43863","url_meta":{"origin":80900,"position":4},"title":"La Afsca volvi\u00f3 a desmentir art\u00edculos de La Naci\u00f3n","author":"GB","date":"14\/04\/2014","format":false,"excerpt":"La Autoridad Federal de Servicios de Comunicaci\u00f3n Audiovisual (Afsca) desminti\u00f3 dos art\u00edculos publicados esta ma\u00f1ana en el diario La Naci\u00f3n con las firmas de los periodistas Carlos Pagni y Jos\u00e9 Crettaz. El director de Imagen y Comunicaci\u00f3n de la Afsca, Fernando Torrillate, asegur\u00f3 que \"es falso\" lo se\u00f1alado en la\u2026","rel":"","context":"En \u00abMedios\u00bb","block_context":{"text":"Medios","link":"https:\/\/www.24baires.com\/?cat=54"},"img":{"alt_text":"AFSCA","src":"https:\/\/i0.wp.com\/www.24baires.com\/wp-content\/uploads\/2012\/11\/AFSCA.jpg?resize=350%2C200","width":350,"height":200},"classes":[]},{"id":50230,"url":"https:\/\/www.24baires.com\/?p=50230","url_meta":{"origin":80900,"position":5},"title":"M\u00e1s de 100 productoras audiovisuales se reunieron en la sede de ARBIA","author":"Grupo Sierra","date":"19\/07\/2014","format":false,"excerpt":"En la casa central de ARBIA (Asociaci\u00f3n de Radiodifusoras Bonaerenses y del Interior de Argentina) en la ciudad de Mar del Plata, con la asistencia de m\u00e1s de cien realizadores, se concret\u00f3 el Segundo Encuentro Regional de Productoras Audiovisuales organizado por AFSCA y la entidad anfitriona. Representantes de distintas organizaciones\u2026","rel":"","context":"En \u00abMedios\u00bb","block_context":{"text":"Medios","link":"https:\/\/www.24baires.com\/?cat=54"},"img":{"alt_text":"arbia productoras","src":"https:\/\/i0.wp.com\/www.24baires.com\/wp-content\/uploads\/2014\/07\/arbia-productoras.jpg?resize=350%2C200","width":350,"height":200,"srcset":"https:\/\/i0.wp.com\/www.24baires.com\/wp-content\/uploads\/2014\/07\/arbia-productoras.jpg?resize=350%2C200 1x, https:\/\/i0.wp.com\/www.24baires.com\/wp-content\/uploads\/2014\/07\/arbia-productoras.jpg?resize=525%2C300 1.5x"},"classes":[]}],"jetpack_sharing_enabled":true,"jetpack_likes_enabled":true,"_links":{"self":[{"href":"https:\/\/www.24baires.com\/index.php?rest_route=\/wp\/v2\/posts\/80900","targetHints":{"allow":["GET"]}}],"collection":[{"href":"https:\/\/www.24baires.com\/index.php?rest_route=\/wp\/v2\/posts"}],"about":[{"href":"https:\/\/www.24baires.com\/index.php?rest_route=\/wp\/v2\/types\/post"}],"author":[{"embeddable":true,"href":"https:\/\/www.24baires.com\/index.php?rest_route=\/wp\/v2\/users\/8"}],"replies":[{"embeddable":true,"href":"https:\/\/www.24baires.com\/index.php?rest_route=%2Fwp%2Fv2%2Fcomments&post=80900"}],"version-history":[{"count":1,"href":"https:\/\/www.24baires.com\/index.php?rest_route=\/wp\/v2\/posts\/80900\/revisions"}],"predecessor-version":[{"id":80901,"href":"https:\/\/www.24baires.com\/index.php?rest_route=\/wp\/v2\/posts\/80900\/revisions\/80901"}],"wp:attachment":[{"href":"https:\/\/www.24baires.com\/index.php?rest_route=%2Fwp%2Fv2%2Fmedia&parent=80900"}],"wp:term":[{"taxonomy":"category","embeddable":true,"href":"https:\/\/www.24baires.com\/index.php?rest_route=%2Fwp%2Fv2%2Fcategories&post=80900"},{"taxonomy":"post_tag","embeddable":true,"href":"https:\/\/www.24baires.com\/index.php?rest_route=%2Fwp%2Fv2%2Ftags&post=80900"}],"curies":[{"name":"wp","href":"https:\/\/api.w.org\/{rel}","templated":true}]}}