{"id":8087,"date":"2012-12-06T10:36:26","date_gmt":"2012-12-06T13:36:26","guid":{"rendered":"http:\/\/www.24baires.com\/?p=8087"},"modified":"2012-12-06T10:36:26","modified_gmt":"2012-12-06T13:36:26","slug":"tamberos-bonaerenses-pidieron-una-revision-de-las-retenciones-que-sufren","status":"publish","type":"post","link":"https:\/\/www.24baires.com\/?p=8087","title":{"rendered":"Tamberos bonaerenses pidieron una revisi\u00f3n de las retenciones que sufren"},"content":{"rendered":"<p><img data-recalc-dims=\"1\" loading=\"lazy\" decoding=\"async\" class=\"alignleft size-medium wp-image-8088\" title=\"vaca\" src=\"https:\/\/i0.wp.com\/www.24baires.com\/wp-content\/uploads\/2012\/12\/vaca.jpg?resize=300%2C225\" alt=\"\" width=\"300\" height=\"225\" srcset=\"https:\/\/i0.wp.com\/www.24baires.com\/wp-content\/uploads\/2012\/12\/vaca.jpg?resize=300%2C225&amp;ssl=1 300w, https:\/\/i0.wp.com\/www.24baires.com\/wp-content\/uploads\/2012\/12\/vaca.jpg?w=500&amp;ssl=1 500w\" sizes=\"auto, (max-width: 300px) 100vw, 300px\" \/>Fue expuesta en el marco de una reuni\u00f3n con el ministro de Asuntos Agrarios, Gustavo Arrieta y con el titular de ARBA, Mart\u00edn Di Bella, quien aclar\u00f3 que \u00abel sistema hace la retenci\u00f3n porque el contribuyente figura con m\u00e1s de una actividad\u00bb y no \u00fanicamente la producci\u00f3n de leche.<!--more--><br \/>\nEl ministro de Asuntos Agrarios, Gustavo Arrieta, y el titular de ARBA, Mart\u00edn Di Bella, recibieron este mi\u00e9rcoles a representantes de la Mesa Lechera provincial, quienes plantearon inquietudes relacionadas con la retenci\u00f3n de Ingresos Brutos a productores del sector.<\/p>\n<p>Estuvieron presentes Julio Aimar, de la Cuenca Abasto Sur; Juan Linari, de Carbap; Ezequiel de Freijo, de SRA; Emiliano Amondarain, de la Uni\u00f3n General de Tamberos; y Daniel Villulla, de la Cuenca Oeste.<\/p>\n<p>Los miembros de la Mesa Lechera explicaron que \u201ccomo productores estamos exentos de Ingresos Brutos y por eso nos interesa saber por qu\u00e9 en algunos casos el Banco Provincia hace la retenci\u00f3n a tamberos\u201d.<\/p>\n<p>Di Bella explic\u00f3 que \u201cla actividad exenta es la producci\u00f3n de leche.; pero casi todos los tamberos venden terneros, vacas de descarte, y eso aparentemente hace que se les retenga. La carne es un subproducto del tambo. El sistema hace la retenci\u00f3n justamente porque el contribuyente figura con m\u00e1s de una actividad\u201d.<\/p>\n<p>El equipo t\u00e9cnico de ARBA precis\u00f3 que \u201cel Banco hace una retenci\u00f3n en funci\u00f3n de la al\u00edcuota que tenga el cliente. Eso se determina por contribuyente, seg\u00fan su declaraci\u00f3n jurada. En el caso de las actividades exentas, si la actividad exenta supera el 70 por ciento de la base total gravada, va con al\u00edcuota cero\u201d.<\/p>\n<p>Concretamente, se\u00f1alaron que \u201cdeben presentarse declaraciones juradas mensuales. La mayor\u00eda de la gente hace declaraciones anuales y con balance. Se puede hacer por internet y es de f\u00e1cil acceso. Si el contribuyente no cumple con la presentaci\u00f3n mensual, el banco toma la declaraci\u00f3n anual y hace las retenciones\u201d.<\/p>\n<p>Arrieta destac\u00f3 la predisposici\u00f3n de las autoridades de ARBA y gestion\u00f3 un nuevo espacio de consulta en esa dependencia. \u201cSe generan confusiones y es positivo que podamos abrir estos canales de ayuda desde el Estado para extender permanentemente las herramientas de apoyo a los productores. Ahora queda a abierto un espacio de consulta para los representantes de la mesa lechera\u201d.<\/p>\n","protected":false},"excerpt":{"rendered":"<p>Fue expuesta en el marco de una reuni\u00f3n con el ministro de Asuntos Agrarios, Gustavo Arrieta y con el titular de ARBA, Mart\u00edn Di Bella, quien aclar\u00f3 que \u00abel sistema hace la retenci\u00f3n porque el contribuyente figura con m\u00e1s de una actividad\u00bb y no \u00fanicamente la producci\u00f3n de leche.<\/p>\n","protected":false},"author":4,"featured_media":0,"comment_status":"open","ping_status":"open","sticky":false,"template":"","format":"standard","meta":{"_jetpack_newsletter_access":"","_jetpack_dont_email_post_to_subs":false,"_jetpack_newsletter_tier_id":0,"_jetpack_memberships_contains_paywalled_content":false,"_jetpack_memberships_contains_paid_content":false,"footnotes":""},"categories":[1],"tags":[],"class_list":["post-8087","post","type-post","status-publish","format-standard","hentry","category-sociedad"],"jetpack_featured_media_url":"","jetpack_shortlink":"https:\/\/wp.me\/p2JWE0-26r","jetpack-related-posts":[{"id":62968,"url":"https:\/\/www.24baires.com\/?p=62968","url_meta":{"origin":8087,"position":0},"title":"Destacan el financiamiento al sector lechero bonaerense","author":"AF","date":"11\/03\/2015","format":false,"excerpt":"La Mesa Lechera bonaerense, con la participaci\u00f3n de entidades rurales, productores, profesionales y representantes de la industria y de las PyMEs, destac\u00f3 el financiamiento al sector, en una nueva jornada de di\u00e1logo, se inform\u00f3 oficialmente. En la reuni\u00f3n, encabezada por el ministro de Asuntos Agrarios de la Provincia de Buenos\u2026","rel":"","context":"En \u00abSociedad\u00bb","block_context":{"text":"Sociedad","link":"https:\/\/www.24baires.com\/?cat=1"},"img":{"alt_text":"","src":"","width":0,"height":0},"classes":[]},{"id":42841,"url":"https:\/\/www.24baires.com\/?p=42841","url_meta":{"origin":8087,"position":1},"title":"Anuncian cr\u00e9ditos para el sector lechero provincial","author":"Grupo Sierra","date":"27\/03\/2014","format":false,"excerpt":"El ministro de Asuntos Agrarios Alejandro Rodr\u00edguez, encabez\u00f3 una nueva reuni\u00f3n de trabajo de la Mesa Provincial de Lechera, donde se analizaron las diferentes l\u00edneas de cr\u00e9dito vigentes para el sector ,\u201ccon visi\u00f3n productiva y federal\". Entre las l\u00edneas analizadas se encuentran las orientadas a capital de trabajo e inversi\u00f3n\u2026","rel":"","context":"En \u00abProvincia\u00bb","block_context":{"text":"Provincia","link":"https:\/\/www.24baires.com\/?cat=40"},"img":{"alt_text":"vaca","src":"https:\/\/i0.wp.com\/www.24baires.com\/wp-content\/uploads\/2012\/12\/vaca-300x225.jpg?resize=350%2C200","width":350,"height":200},"classes":[]},{"id":62282,"url":"https:\/\/www.24baires.com\/?p=62282","url_meta":{"origin":8087,"position":2},"title":"La Provincia se reuni\u00f3 con productores lecheros de C\u00f3rdoba y Santa Fe","author":"Grupo Sierra","date":"25\/02\/2015","format":false,"excerpt":"Los ministros de Asuntos Agrarios de la Provincia de Buenos Aires, Alejandro \"Topo\" Rodr\u00edguez; de Producci\u00f3n de Santa Fe, Carlos Fascendini; y de Agricultura de C\u00f3rdoba, Juli\u00e1n Mar\u00eda L\u00f3pez, mantuvieron en Rosario, un encuentro de trabajo y luego recibieron a representantes del sector l\u00e1cteo de las tres provincias y de\u2026","rel":"","context":"En \u00abProvincia\u00bb","block_context":{"text":"Provincia","link":"https:\/\/www.24baires.com\/?cat=40"},"img":{"alt_text":"","src":"","width":0,"height":0},"classes":[]},{"id":104253,"url":"https:\/\/www.24baires.com\/?p=104253","url_meta":{"origin":8087,"position":3},"title":"El campo ya cuestiona los anuncios de retenciones","author":"AF","date":"03\/09\/2018","format":false,"excerpt":"Luego que el Gobierno nacional anunciara cambios en las retenciones, desde las principales entidades del agro salieron a cuestionar las medidas y aseguraron que ser\u00e1 un golpe para el campo. El presidente de Confederaci\u00f3n de Asociaciones Rurales de Buenos Aires y La Pampa (Carbap), Mat\u00edas de Velazco dijo que \"por\u2026","rel":"","context":"En \u00abSociedad\u00bb","block_context":{"text":"Sociedad","link":"https:\/\/www.24baires.com\/?cat=1"},"img":{"alt_text":"","src":"https:\/\/i0.wp.com\/www.24baires.com\/wp-content\/uploads\/2018\/03\/macri-campo.jpg?resize=350%2C200","width":350,"height":200,"srcset":"https:\/\/i0.wp.com\/www.24baires.com\/wp-content\/uploads\/2018\/03\/macri-campo.jpg?resize=350%2C200 1x, https:\/\/i0.wp.com\/www.24baires.com\/wp-content\/uploads\/2018\/03\/macri-campo.jpg?resize=525%2C300 1.5x"},"classes":[]},{"id":80399,"url":"https:\/\/www.24baires.com\/?p=80399","url_meta":{"origin":8087,"position":4},"title":"Tamberos realizan protestas por la crisis que vive el sector","author":"AF","date":"21\/03\/2016","format":false,"excerpt":"Frente a la grave crisis que afecta al sector lechero en el pa\u00eds, tamberos de diferentes provincias protestar\u00e1n ma\u00f1ana para reclamar la adopci\u00f3n de \u201cmedidas urgentes\u201d como la declaraci\u00f3n de la \u201cemergencia econ\u00f3mica\u201d a la producci\u00f3n primaria de leche, una mejora en el precio que recibe el productor y la\u2026","rel":"","context":"En \u00abSociedad\u00bb","block_context":{"text":"Sociedad","link":"https:\/\/www.24baires.com\/?cat=1"},"img":{"alt_text":"vaca","src":"https:\/\/i0.wp.com\/www.24baires.com\/wp-content\/uploads\/2014\/07\/vaca.jpg?resize=350%2C200","width":350,"height":200,"srcset":"https:\/\/i0.wp.com\/www.24baires.com\/wp-content\/uploads\/2014\/07\/vaca.jpg?resize=350%2C200 1x, https:\/\/i0.wp.com\/www.24baires.com\/wp-content\/uploads\/2014\/07\/vaca.jpg?resize=525%2C300 1.5x"},"classes":[]},{"id":53168,"url":"https:\/\/www.24baires.com\/?p=53168","url_meta":{"origin":8087,"position":5},"title":"Acordaron mejoras para agropecuarios en Marcos Paz","author":"AF","date":"06\/09\/2014","format":false,"excerpt":"El ministro de Asuntos Agrarios, Alejandro \"Topo\" Rodr\u00edguez se reuni\u00f3 para articular mejoras en las condiciones de trabajo para los productores. El intendente, Ricardo Curutchet, comparti\u00f3 el mi\u00e9rcoles una agenda de trabajo con el ministro provincial de Asuntos Agrarios, Alejandro \"Topo\" Rodr\u00edguez, quien visit\u00f3 Marcos Paz para articular mejoras en\u2026","rel":"","context":"En \u00abLocales\u00bb","block_context":{"text":"Locales","link":"https:\/\/www.24baires.com\/?cat=38"},"img":{"alt_text":"","src":"","width":0,"height":0},"classes":[]}],"jetpack_sharing_enabled":true,"jetpack_likes_enabled":true,"_links":{"self":[{"href":"https:\/\/www.24baires.com\/index.php?rest_route=\/wp\/v2\/posts\/8087","targetHints":{"allow":["GET"]}}],"collection":[{"href":"https:\/\/www.24baires.com\/index.php?rest_route=\/wp\/v2\/posts"}],"about":[{"href":"https:\/\/www.24baires.com\/index.php?rest_route=\/wp\/v2\/types\/post"}],"author":[{"embeddable":true,"href":"https:\/\/www.24baires.com\/index.php?rest_route=\/wp\/v2\/users\/4"}],"replies":[{"embeddable":true,"href":"https:\/\/www.24baires.com\/index.php?rest_route=%2Fwp%2Fv2%2Fcomments&post=8087"}],"version-history":[{"count":2,"href":"https:\/\/www.24baires.com\/index.php?rest_route=\/wp\/v2\/posts\/8087\/revisions"}],"predecessor-version":[{"id":8090,"href":"https:\/\/www.24baires.com\/index.php?rest_route=\/wp\/v2\/posts\/8087\/revisions\/8090"}],"wp:attachment":[{"href":"https:\/\/www.24baires.com\/index.php?rest_route=%2Fwp%2Fv2%2Fmedia&parent=8087"}],"wp:term":[{"taxonomy":"category","embeddable":true,"href":"https:\/\/www.24baires.com\/index.php?rest_route=%2Fwp%2Fv2%2Fcategories&post=8087"},{"taxonomy":"post_tag","embeddable":true,"href":"https:\/\/www.24baires.com\/index.php?rest_route=%2Fwp%2Fv2%2Ftags&post=8087"}],"curies":[{"name":"wp","href":"https:\/\/api.w.org\/{rel}","templated":true}]}}