{"id":8083,"date":"2012-12-06T12:20:59","date_gmt":"2012-12-06T15:20:59","guid":{"rendered":"http:\/\/www.24baires.com\/?p=8083"},"modified":"2012-12-06T10:29:25","modified_gmt":"2012-12-06T13:29:25","slug":"buscan-en-tandil-a-un-hombre-desaparecido-misteriosamente-desde-el-lunes-ultimo","status":"publish","type":"post","link":"https:\/\/www.24baires.com\/?p=8083","title":{"rendered":"Buscan en Tandil a un hombre desaparecido misteriosamente desde el lunes \u00faltimo"},"content":{"rendered":"<p><img data-recalc-dims=\"1\" loading=\"lazy\" decoding=\"async\" class=\"alignleft size-medium wp-image-8084\" title=\"DESAPARECIDO TANDIL\" src=\"https:\/\/i0.wp.com\/www.24baires.com\/wp-content\/uploads\/2012\/12\/DESAPARECIDO-TANDIL.jpg?resize=300%2C269\" alt=\"\" width=\"300\" height=\"269\" srcset=\"https:\/\/i0.wp.com\/www.24baires.com\/wp-content\/uploads\/2012\/12\/DESAPARECIDO-TANDIL.jpg?resize=300%2C269&amp;ssl=1 300w, https:\/\/i0.wp.com\/www.24baires.com\/wp-content\/uploads\/2012\/12\/DESAPARECIDO-TANDIL.jpg?w=560&amp;ssl=1 560w\" sizes=\"auto, (max-width: 300px) 100vw, 300px\" \/>Se trata de Abel Barbero, de qui\u00e9n nada se sabe desde el pasado lunes, luego de mantener contacto con un sobrino. Vive en el 10\u00ba piso del edificio de Sarmiento 574 y su auto fue hallado abierto y sin llaves en Yrigoyen y Garibaldi.<!--more--><br \/>\nLa informaci\u00f3n comenz\u00f3 a trascender por los vecinos del edificio, quienes notaron la ausencia de Barbero, de 78 a\u00f1os, domiciliado en el 10\u00ba A de Sarmiento al 500.<br \/>\nAdem\u00e1s, un sobrino, que fue quien hizo la denuncia en sede policial, habl\u00f3 con \u00e9l durante el mediod\u00eda del lunes, pero como manten\u00edan contacto permanente, su ausencia le llam\u00f3 la atenci\u00f3n, por lo que se dirigi\u00f3 al departamento, donde el hombre no estaba y donde se encontraron las cosas en perfecto orden.<br \/>\nOtro indicio fue que no pas\u00f3 a retirar los diarios por el kiosco por el que lo hac\u00eda todos los d\u00edas.<br \/>\nEn las \u00faltimas horas, su autom\u00f3vil fue hallado abandonado en la esquina de Yrigoyen y Garibaldi, abierto y sin llaves colocadas.<br \/>\nAllegados aseguraron que Barbero, quien tiene un buen pasar econ\u00f3mico, transitaba d\u00edas de tristeza por la reciente muerte de un familiar, aunque no tan profunda como para pensar en una dr\u00e1stica determinaci\u00f3n.<br \/>\nPor el momento, el hecho se est\u00e1 investigando, con intervenci\u00f3n de la justicia y bajo la car\u00e1tula de \u201caveriguaci\u00f3n de Paradero\u201d.<br \/>\nQuienes puedan aportar datos comunicarse con Hern\u00e1n Ariel Alonso (nieto) al celular 0249 154 534520.<\/p>\n","protected":false},"excerpt":{"rendered":"<p>Se trata de Abel Barbero, de qui\u00e9n nada se sabe desde el pasado lunes, luego de mantener contacto con un sobrino. Vive en el 10\u00ba piso del edificio de Sarmiento 574 y su auto fue hallado abierto y sin llaves en Yrigoyen y Garibaldi.<\/p>\n","protected":false},"author":4,"featured_media":0,"comment_status":"open","ping_status":"open","sticky":false,"template":"","format":"standard","meta":{"_jetpack_newsletter_access":"","_jetpack_dont_email_post_to_subs":false,"_jetpack_newsletter_tier_id":0,"_jetpack_memberships_contains_paywalled_content":false,"_jetpack_memberships_contains_paid_content":false,"footnotes":""},"categories":[1],"tags":[],"class_list":["post-8083","post","type-post","status-publish","format-standard","hentry","category-sociedad"],"jetpack_featured_media_url":"","jetpack_shortlink":"https:\/\/wp.me\/p2JWE0-26n","jetpack-related-posts":[{"id":14604,"url":"https:\/\/www.24baires.com\/?p=14604","url_meta":{"origin":8083,"position":0},"title":"Misterio en torno a la desaparici\u00f3n de un tandilense desde hace dos meses","author":"AF","date":"04\/02\/2013","format":false,"excerpt":"La familia busca por todos lados. Espera que la provincia autorice el pago de una recompensa a quien de informaci\u00f3n. Est\u00e1n apoyados por el municipio, aunque hasta ahora no hubo novedades. Extra\u00f1a que nadie haya visto nada el d\u00eda de la desaparici\u00f3n. Este domingo 3 de febrero se cumplen dos\u2026","rel":"","context":"En \u00abLocales\u00bb","block_context":{"text":"Locales","link":"https:\/\/www.24baires.com\/?cat=38"},"img":{"alt_text":"abel barbero tandil","src":"https:\/\/i0.wp.com\/www.24baires.com\/wp-content\/uploads\/2013\/01\/abel-barbero-tandil-300x294.jpg?resize=350%2C200","width":350,"height":200},"classes":[]},{"id":11076,"url":"https:\/\/www.24baires.com\/?p=11076","url_meta":{"origin":8083,"position":1},"title":"Tandil: se cumple un mes de la desaparici\u00f3n del hombre de 77 a\u00f1os","author":"AF","date":"03\/01\/2013","format":false,"excerpt":"Este jueves se cumple un mes de la misteriosa desaparici\u00f3n de Abel Barbero, de 77 a\u00f1os, y a\u00fan no hay avances en la investigaci\u00f3n para dar con su paradero. Hay previstas cadenas de oraci\u00f3n y una misa para pedir por su aparici\u00f3n con vida. Al cumplirse este jueves un mes\u2026","rel":"","context":"En \u00abLocales\u00bb","block_context":{"text":"Locales","link":"https:\/\/www.24baires.com\/?cat=38"},"img":{"alt_text":"abel barbero tandil","src":"https:\/\/i0.wp.com\/www.24baires.com\/wp-content\/uploads\/2013\/01\/abel-barbero-tandil-300x294.jpg?resize=350%2C200","width":350,"height":200},"classes":[]},{"id":45595,"url":"https:\/\/www.24baires.com\/?p=45595","url_meta":{"origin":8083,"position":2},"title":"Buscan intensamente a un hombre mayor desaparecido en San Bernardo","author":"GB","date":"09\/05\/2014","format":false,"excerpt":"El hombre abandon\u00f3 su departamento en la ciudad balnearia. Se llev\u00f3 su documentaci\u00f3n personal y algunas prendas de ropa. Sus familiares realizaron las denuncias al no tener novedades sobre \u00e9l. Se abri\u00f3 una causa de averiguaci\u00f3n de paradero. \"Minini, es un se\u00f1or mayor de edad estaba viviendo solo en un\u2026","rel":"","context":"En \u00abLocales\u00bb","block_context":{"text":"Locales","link":"https:\/\/www.24baires.com\/?cat=38"},"img":{"alt_text":"minini","src":"https:\/\/i0.wp.com\/www.24baires.com\/wp-content\/uploads\/2014\/05\/minini.jpg?resize=350%2C200","width":350,"height":200},"classes":[]},{"id":65823,"url":"https:\/\/www.24baires.com\/?p=65823","url_meta":{"origin":8083,"position":3},"title":"Otra joven desaparecida: Buscan a Ayl\u00edn desde el lunes","author":"GB","date":"13\/05\/2015","format":false,"excerpt":"Personal policial y familiares buscan a una chica que fue vista por ultima vez el lunes al mediod\u00eda cuando se dirig\u00eda a su escuela, en el barrio porte\u00f1o de San Telmo. La menor, de nombre Aylin, sali\u00f3 de su casa el lunes al mediod\u00eda para dirigirse al colegio Otto Krause,\u2026","rel":"","context":"En \u00abSociedad\u00bb","block_context":{"text":"Sociedad","link":"https:\/\/www.24baires.com\/?cat=1"},"img":{"alt_text":"aylin desaparecida","src":"https:\/\/i0.wp.com\/www.24baires.com\/wp-content\/uploads\/2015\/05\/aylin-desaparecida.jpg?resize=350%2C200","width":350,"height":200,"srcset":"https:\/\/i0.wp.com\/www.24baires.com\/wp-content\/uploads\/2015\/05\/aylin-desaparecida.jpg?resize=350%2C200 1x, https:\/\/i0.wp.com\/www.24baires.com\/wp-content\/uploads\/2015\/05\/aylin-desaparecida.jpg?resize=525%2C300 1.5x"},"classes":[]},{"id":9373,"url":"https:\/\/www.24baires.com\/?p=9373","url_meta":{"origin":8083,"position":4},"title":"Nuevos horarios en la l\u00ednea Sarmiento por obras","author":"Grupo Sierra","date":"16\/12\/2012","format":false,"excerpt":"El servicio tendr\u00e1 nuevos horarios a partir de este lunes, inform\u00f3 la Unidad de Gesti\u00f3n Operativa Mitre Sarmiento. Las modificaciones se deben a m\u00faltiples trabajos en v\u00edas, pasos a nivel, estaciones y material rodante, que permitir\u00e1n ampliar la seguridad y el confort de los pasajeros. La Unidad de Gesti\u00f3n Operativa\u2026","rel":"","context":"En \u00abSociedad\u00bb","block_context":{"text":"Sociedad","link":"https:\/\/www.24baires.com\/?cat=1"},"img":{"alt_text":"","src":"","width":0,"height":0},"classes":[]},{"id":23101,"url":"https:\/\/www.24baires.com\/?p=23101","url_meta":{"origin":8083,"position":5},"title":"Nadie reclam\u00f3 el cuerpo de Arqu\u00edmedes Puccio y fue enterrado en una fosa simple","author":"AF","date":"09\/05\/2013","format":false,"excerpt":"El jefe del clan que sembr\u00f3 el terror en la d\u00e9cada del 80 muri\u00f3 la semana pasada en General Pico, en la provincia de La Pampa. Su sobrina y su ex mujer se negaron a retirarlos. Los restos del abogado Arqu\u00edmedes Puccio (84), el jefe del clan familiar que fue\u2026","rel":"","context":"En \u00abSociedad\u00bb","block_context":{"text":"Sociedad","link":"https:\/\/www.24baires.com\/?cat=1"},"img":{"alt_text":"puccio arquimedes","src":"https:\/\/i0.wp.com\/www.24baires.com\/wp-content\/uploads\/2013\/05\/puccio-arquimedes.jpg?resize=350%2C200","width":350,"height":200,"srcset":"https:\/\/i0.wp.com\/www.24baires.com\/wp-content\/uploads\/2013\/05\/puccio-arquimedes.jpg?resize=350%2C200 1x, https:\/\/i0.wp.com\/www.24baires.com\/wp-content\/uploads\/2013\/05\/puccio-arquimedes.jpg?resize=525%2C300 1.5x"},"classes":[]}],"jetpack_sharing_enabled":true,"jetpack_likes_enabled":true,"_links":{"self":[{"href":"https:\/\/www.24baires.com\/index.php?rest_route=\/wp\/v2\/posts\/8083","targetHints":{"allow":["GET"]}}],"collection":[{"href":"https:\/\/www.24baires.com\/index.php?rest_route=\/wp\/v2\/posts"}],"about":[{"href":"https:\/\/www.24baires.com\/index.php?rest_route=\/wp\/v2\/types\/post"}],"author":[{"embeddable":true,"href":"https:\/\/www.24baires.com\/index.php?rest_route=\/wp\/v2\/users\/4"}],"replies":[{"embeddable":true,"href":"https:\/\/www.24baires.com\/index.php?rest_route=%2Fwp%2Fv2%2Fcomments&post=8083"}],"version-history":[{"count":2,"href":"https:\/\/www.24baires.com\/index.php?rest_route=\/wp\/v2\/posts\/8083\/revisions"}],"predecessor-version":[{"id":8086,"href":"https:\/\/www.24baires.com\/index.php?rest_route=\/wp\/v2\/posts\/8083\/revisions\/8086"}],"wp:attachment":[{"href":"https:\/\/www.24baires.com\/index.php?rest_route=%2Fwp%2Fv2%2Fmedia&parent=8083"}],"wp:term":[{"taxonomy":"category","embeddable":true,"href":"https:\/\/www.24baires.com\/index.php?rest_route=%2Fwp%2Fv2%2Fcategories&post=8083"},{"taxonomy":"post_tag","embeddable":true,"href":"https:\/\/www.24baires.com\/index.php?rest_route=%2Fwp%2Fv2%2Ftags&post=8083"}],"curies":[{"name":"wp","href":"https:\/\/api.w.org\/{rel}","templated":true}]}}