{"id":80824,"date":"2016-03-31T21:33:30","date_gmt":"2016-04-01T00:33:30","guid":{"rendered":"http:\/\/www.24baires.com\/?p=80824"},"modified":"2016-03-31T21:32:57","modified_gmt":"2016-04-01T00:32:57","slug":"la-ignorancia-de-leuco-y-el-techo-necesario","status":"publish","type":"post","link":"https:\/\/www.24baires.com\/?p=80824","title":{"rendered":"La ignorancia de Leuco y el techo necesario"},"content":{"rendered":"<p><img data-recalc-dims=\"1\" loading=\"lazy\" decoding=\"async\" class=\"aligncenter size-full wp-image-80825\" src=\"https:\/\/i0.wp.com\/www.24baires.com\/wp-content\/uploads\/2016\/03\/guido-estela.jpg?resize=560%2C344\" alt=\"guido estela\" width=\"560\" height=\"344\" srcset=\"https:\/\/i0.wp.com\/www.24baires.com\/wp-content\/uploads\/2016\/03\/guido-estela.jpg?w=560&amp;ssl=1 560w, https:\/\/i0.wp.com\/www.24baires.com\/wp-content\/uploads\/2016\/03\/guido-estela.jpg?resize=300%2C184&amp;ssl=1 300w\" sizes=\"auto, (max-width: 560px) 100vw, 560px\" \/>A veces necesitamos un techo. Y no para no pasar fr\u00edo, no es para que la lluvia no nos pinche con las gotas de hielo que dispara contra los vagabundos. No. A veces tenemos eso, tenemos el cobijo de las tejas, tenemos lo necesario para estar a salvo de los elementos. Pero necesitamos un techo. A veces parecemos protegidos, pero el desamparo nos garronea los talones, como un perro malo que no se da por vencido.<!--more--><br \/>\nY los d\u00edas nos fajan lindo. Se ponen de acuerdo las malas y nos visitan a intervalos regulares. Y vivimos en una casa con un techo que no alcanza. Porque la vida nos muestra su peor cara, la que est\u00e1 m\u00e1s cerquita de la muerte, y nos casca fuerte. Todo es cuesta arriba, y la cima no se ve, y las piedras se agigantan de pesar bajo nuestros pies, que flaquean la voluntad al subir. Porque es lejos, muy arriba, lejos.<br \/>\nQu\u00e9 cansancio. Qu\u00e9 ganas de decir que muchas gracias, pero que no se aguanta mas, que hasta ac\u00e1 se puede soportar. Que hicimos lo mejor que pod\u00edamos, pero duele mucho respirar cuando otros no van a respirar m\u00e1s.<br \/>\nY mir\u00e1s para arriba y ves las estrellas, no hay techo. Y las estrellas tambi\u00e9n est\u00e1n lejos y se ven tan fr\u00edas&#8230; Y pens\u00e1s. Y te das cuenta que a veces te pod\u00e9s ahogar en un vaso, aunque para vos sea una fosa abismal, porque nada de lo que nos pasa sirve, sea bueno o malo, si no aprendemos algo de eso, sino logramos capitalizarlo en fuerza, en lucha.<br \/>\nEs que cuando volv\u00ed a marchar con las Madres y las Abuelas me sent\u00ed peque\u00f1a y ego\u00edsta ante semejantes mujeres que transformaron el dolor m\u00e1s grande en amor y solidaridad. Y yo ac\u00e1 con mis cositas, m\u00ednimas, ante semejante perspectiva y ejemplo. Y ellas siguen resistiendo todo, todo lo que traen los a\u00f1os, a los rencorosos, los que s\u00f3lo atinan a mirar la pelusa de su propio ombligo, los ignorantes que gustan se\u00f1alarlas con un dedo, como si ellos pudiera siquiera asomar la nariz a la altura de uno de sus tacos.<br \/>\nIgnorantes peligrosos, como lo son todos los ignorantes que se creen con alg\u00fan tipo de sabidur\u00eda y tienen posibilidad de desparramar su odio por los medios. Como Alfredo Leuco, digamos. Siempre que entendemos la consigna es bueno poner un ejemplo, para demostrar que aprendimos.<br \/>\nY estos tipos, estos Leucos con acceso medi\u00e1tico irrestricto, que piden que se terminen los organismos de Derechos Humanos, que se reemplace a Estela de Carlotto por un Campanella, son tan da\u00f1inos como un perro rabioso. Escupen espuma por la boca, parece que la ira los ciega, no entienden nada, muerden, contaminan, enferman. Son peligrosos. \u00datiles para los fines espurios de quienes manejan, justamente, esos medios por los que se difunde la ignorancia mal escrita.<br \/>\n\u00bfSacar a estos organismos de DDHH y poner otros en su lugar? \u00bfDe verdad, Leuco? \u00bfTanto odio, tanto resentimiento, tanta obsecuencia en una sola nota? Proponer pasar a una especie de retiro a las Madres y Las Abuelas no es absurdo o irracional, es nefasto, oscurantista, antidemocr\u00e1tico y de una crueldad que pone los pelos de punta. Revuelve las tripas. Nos demuestra otra vez cu\u00e1n lejos est\u00e1n estos tipos de nosotros, cu\u00e1n ajeno nos resulta ese planteo inmundo, orquestado por el rechazo que les debe haber dado la Plaza del 24. Todas las plazas del pa\u00eds este 24 de marzo, las calles colmadas, las calles nuestras. Aunque los t\u00edtulos de los diarios mientan lo contrario.<br \/>\nY ellas aguantan todo eso, desde hace casi 40 a\u00f1os. Y debe haber habido cada tanto un Leuco, pasa que la Historia los olvida r\u00e1pido, porque no son necesarios, como s\u00ed lo son ellas.<br \/>\nY nuestros problemas, los individuales, los que nos dejan sin techo que nos ampare, son nada ante los proyectos colectivos, ante la lucha conjunta, ante la defensa de la alegr\u00eda de todos y todas. Y est\u00e1 bien que as\u00ed sea.<br \/>\nA casi una semana de esa nueva marcha, a casi una semana de esa nota de opini\u00f3n del escriba de mala calidad con acento cordob\u00e9s, me quedo mirando una foto. En ella est\u00e1 retratada una de las mayores felicidades colectivas que me toc\u00f3 vivir: en esa foto aparece el primer abrazo de Estela y Guido. Y me desdigo: siempre podemos m\u00e1s, siempre podemos hacerlo mejor, siempre podemos seguir. Porque as\u00ed nos ense\u00f1an, a darlo todo, a dar lo mejor por el otro, porque en ese abrazo se resume mucho, en ese abrazo hay un refugio, porque es el techo que a veces falta.<\/p>\n","protected":false},"excerpt":{"rendered":"<p>A veces necesitamos un techo. Y no para no pasar fr\u00edo, no es para que la lluvia no nos pinche con las gotas de hielo que dispara contra los vagabundos. No. A veces tenemos eso, tenemos el cobijo de las tejas, tenemos lo necesario para estar a salvo de los elementos. Pero necesitamos un techo. A veces parecemos protegidos, pero [&#8230;]<\/p>\n","protected":false},"author":4,"featured_media":0,"comment_status":"open","ping_status":"open","sticky":false,"template":"","format":"standard","meta":{"_jetpack_newsletter_access":"","_jetpack_dont_email_post_to_subs":false,"_jetpack_newsletter_tier_id":0,"_jetpack_memberships_contains_paywalled_content":false,"_jetpack_memberships_contains_paid_content":false,"footnotes":""},"categories":[64],"tags":[],"class_list":["post-80824","post","type-post","status-publish","format-standard","hentry","category-opinion"],"jetpack_featured_media_url":"","jetpack_shortlink":"https:\/\/wp.me\/p2JWE0-l1C","jetpack-related-posts":[{"id":88554,"url":"https:\/\/www.24baires.com\/?p=88554","url_meta":{"origin":80824,"position":0},"title":"Duhalde manifest\u00f3 su apoyo a la gobernadora Vidal","author":"AF","date":"11\/10\/2016","format":false,"excerpt":"El ex presidente Eduardo Duhalde, reclam\u00f3 este lunes que se avance en darle \u201cmovilidad social\u201d a los sectores que han quedado \u201crezagados\u201d y que si Mar\u00eda Eugenia Vidal en la provincia de Buenos Aires le agrega m\u00e1s gesti\u00f3n \u201cno tiene techo\u201d. \u201cLa Argentina necesita movilidad social, hay sectores que han\u2026","rel":"","context":"En \u00abPol\u00edtica\u00bb","block_context":{"text":"Pol\u00edtica","link":"https:\/\/www.24baires.com\/?cat=51"},"img":{"alt_text":"duhalde","src":"https:\/\/i0.wp.com\/www.24baires.com\/wp-content\/uploads\/2014\/04\/duhalde.jpg?resize=350%2C200","width":350,"height":200,"srcset":"https:\/\/i0.wp.com\/www.24baires.com\/wp-content\/uploads\/2014\/04\/duhalde.jpg?resize=350%2C200 1x, https:\/\/i0.wp.com\/www.24baires.com\/wp-content\/uploads\/2014\/04\/duhalde.jpg?resize=525%2C300 1.5x"},"classes":[]},{"id":69971,"url":"https:\/\/www.24baires.com\/?p=69971","url_meta":{"origin":80824,"position":1},"title":"Variadas cr\u00edticas a Macri por el proyecto de \u00abtechos verdes\u00bb sobre villas porte\u00f1as","author":"AF","date":"03\/08\/2015","format":false,"excerpt":"Vecinos, organizaciones sociales y agrupaciones barriales criticaron al gobierno porte\u00f1o por la decisi\u00f3n de construir un \"techo verde\" sobre las Villas 31 y 31 bis, y denunciaron que el PRO \"pone la pobreza debajo de la alfombra\". Asimismo, expresaron que el PRO \"gasta plata en cosas que no sirven para\u2026","rel":"","context":"En \u00abElecciones 2015\u00bb","block_context":{"text":"Elecciones 2015","link":"https:\/\/www.24baires.com\/?cat=74"},"img":{"alt_text":"macri 4","src":"https:\/\/i0.wp.com\/www.24baires.com\/wp-content\/uploads\/2014\/09\/macri-41.jpg?resize=350%2C200","width":350,"height":200,"srcset":"https:\/\/i0.wp.com\/www.24baires.com\/wp-content\/uploads\/2014\/09\/macri-41.jpg?resize=350%2C200 1x, https:\/\/i0.wp.com\/www.24baires.com\/wp-content\/uploads\/2014\/09\/macri-41.jpg?resize=525%2C300 1.5x"},"classes":[]},{"id":92026,"url":"https:\/\/www.24baires.com\/?p=92026","url_meta":{"origin":80824,"position":2},"title":"Para la FEB, el techo salarial del 18% \u00abde partida es inaceptable\u00bb","author":"GB","date":"31\/01\/2017","format":false,"excerpt":"La titular del gremio docente, Mirta Petrocini, sostuvo que es necesario \"recuperar la p\u00e9rdida de poder adquisitivo del a\u00f1o pasado\". En sinton\u00eda con los dichos del Secretario General de Suteba, Roberto Baradel, la titular de la Federaci\u00f3n de Educadores Bonaerenses (FEB), Mirta Petrocini, se refiri\u00f3 a la paritaria que se\u2026","rel":"","context":"En \u00abProvincia\u00bb","block_context":{"text":"Provincia","link":"https:\/\/www.24baires.com\/?cat=40"},"img":{"alt_text":"","src":"https:\/\/i0.wp.com\/www.24baires.com\/wp-content\/uploads\/2014\/03\/petrocini.jpg?resize=350%2C200","width":350,"height":200,"srcset":"https:\/\/i0.wp.com\/www.24baires.com\/wp-content\/uploads\/2014\/03\/petrocini.jpg?resize=350%2C200 1x, https:\/\/i0.wp.com\/www.24baires.com\/wp-content\/uploads\/2014\/03\/petrocini.jpg?resize=525%2C300 1.5x"},"classes":[]},{"id":8459,"url":"https:\/\/www.24baires.com\/?p=8459","url_meta":{"origin":80824,"position":3},"title":"Cay\u00f3 el techo de un jard\u00edn de infantes por una obra ilegal que contin\u00faa a pesar de la clausura","author":"AF","date":"09\/12\/2012","format":false,"excerpt":"VILLA CELINA - Una viga se desplom\u00f3 por la noche, cuando no hab\u00eda nenes en la salita. Dicen que los trabajos contin\u00faan a pesar de la clausura municipal. Hace m\u00e1s de un mes, comenz\u00f3 una construcci\u00f3n clandestina al lado de la Sociedad de Fomento de Blanco Encalada al 2300, en\u2026","rel":"","context":"En \u00abLocales\u00bb","block_context":{"text":"Locales","link":"https:\/\/www.24baires.com\/?cat=38"},"img":{"alt_text":"","src":"https:\/\/i0.wp.com\/www.24baires.com\/wp-content\/uploads\/2012\/12\/jard%C3%ADn-techo-300x202.jpg?resize=350%2C200","width":350,"height":200},"classes":[]},{"id":102613,"url":"https:\/\/www.24baires.com\/?p=102613","url_meta":{"origin":80824,"position":4},"title":"El d\u00f3lar se volvi\u00f3 a disparar y ya alcanz\u00f3 los 26 pesos","author":"GB","date":"08\/06\/2018","format":false,"excerpt":"El presidente de la entidad, Federico Sturzenegger, adelant\u00f3 que ya no ofertar\u00e1n los 5000 millones de d\u00f3lares a un precio de 25 pesos por divisa que coloc\u00f3 en las \u00faltimas dos semanas en el mercado para desincentivar la demanda y establecer un techo. En lo que va de la jornada\u2026","rel":"","context":"En \u00abEconom\u00eda\u00bb","block_context":{"text":"Econom\u00eda","link":"https:\/\/www.24baires.com\/?cat=45"},"img":{"alt_text":"","src":"https:\/\/i0.wp.com\/www.24baires.com\/wp-content\/uploads\/2018\/03\/d%C3%B3lar.jpg?resize=350%2C200","width":350,"height":200,"srcset":"https:\/\/i0.wp.com\/www.24baires.com\/wp-content\/uploads\/2018\/03\/d%C3%B3lar.jpg?resize=350%2C200 1x, https:\/\/i0.wp.com\/www.24baires.com\/wp-content\/uploads\/2018\/03\/d%C3%B3lar.jpg?resize=525%2C300 1.5x"},"classes":[]},{"id":51109,"url":"https:\/\/www.24baires.com\/?p=51109","url_meta":{"origin":80824,"position":5},"title":"TECHO convoca a 3 mil voluntarios para construir viviendas de emergencia","author":"AF","date":"04\/08\/2014","format":false,"excerpt":"La organizaci\u00f3n TECHO convoca a 3 mil voluntarios para participar de la construcci\u00f3n de 250 viviendas de emergencia junto a familias en situaci\u00f3n de pobreza en barrios precarios de La Plata y localidades del conurbano bonaerense que se llevar\u00e1 a cabo el 16, 17 y 18 de agosto. Las viviendas\u2026","rel":"","context":"En \u00abLocales\u00bb","block_context":{"text":"Locales","link":"https:\/\/www.24baires.com\/?cat=38"},"img":{"alt_text":"voluntarios techo","src":"https:\/\/i0.wp.com\/www.24baires.com\/wp-content\/uploads\/2014\/08\/voluntarios-techo.jpg?resize=350%2C200","width":350,"height":200,"srcset":"https:\/\/i0.wp.com\/www.24baires.com\/wp-content\/uploads\/2014\/08\/voluntarios-techo.jpg?resize=350%2C200 1x, https:\/\/i0.wp.com\/www.24baires.com\/wp-content\/uploads\/2014\/08\/voluntarios-techo.jpg?resize=525%2C300 1.5x"},"classes":[]}],"jetpack_sharing_enabled":true,"jetpack_likes_enabled":true,"_links":{"self":[{"href":"https:\/\/www.24baires.com\/index.php?rest_route=\/wp\/v2\/posts\/80824","targetHints":{"allow":["GET"]}}],"collection":[{"href":"https:\/\/www.24baires.com\/index.php?rest_route=\/wp\/v2\/posts"}],"about":[{"href":"https:\/\/www.24baires.com\/index.php?rest_route=\/wp\/v2\/types\/post"}],"author":[{"embeddable":true,"href":"https:\/\/www.24baires.com\/index.php?rest_route=\/wp\/v2\/users\/4"}],"replies":[{"embeddable":true,"href":"https:\/\/www.24baires.com\/index.php?rest_route=%2Fwp%2Fv2%2Fcomments&post=80824"}],"version-history":[{"count":2,"href":"https:\/\/www.24baires.com\/index.php?rest_route=\/wp\/v2\/posts\/80824\/revisions"}],"predecessor-version":[{"id":80853,"href":"https:\/\/www.24baires.com\/index.php?rest_route=\/wp\/v2\/posts\/80824\/revisions\/80853"}],"wp:attachment":[{"href":"https:\/\/www.24baires.com\/index.php?rest_route=%2Fwp%2Fv2%2Fmedia&parent=80824"}],"wp:term":[{"taxonomy":"category","embeddable":true,"href":"https:\/\/www.24baires.com\/index.php?rest_route=%2Fwp%2Fv2%2Fcategories&post=80824"},{"taxonomy":"post_tag","embeddable":true,"href":"https:\/\/www.24baires.com\/index.php?rest_route=%2Fwp%2Fv2%2Ftags&post=80824"}],"curies":[{"name":"wp","href":"https:\/\/api.w.org\/{rel}","templated":true}]}}