{"id":8072,"date":"2012-12-06T09:42:41","date_gmt":"2012-12-06T12:42:41","guid":{"rendered":"http:\/\/www.24baires.com\/?p=8072"},"modified":"2012-12-06T09:42:41","modified_gmt":"2012-12-06T12:42:41","slug":"se-agrava-el-conflicto-salarial-en-centros-de-salud-privados","status":"publish","type":"post","link":"https:\/\/www.24baires.com\/?p=8072","title":{"rendered":"Se agrava el conflicto salarial en centros de salud privados"},"content":{"rendered":"<p>La Asociaci\u00f3n de Trabajadores de la Sanidad (ATSA) de La Plata se declar\u00f3 en \u201cestado de alerta y movilizaci\u00f3n\u201d ante \u201cla falta de cumplimiento\u201d en el pago de salarios acordado con los due\u00f1os de establecimientos de salud privados en cl\u00ednicas, laboratorios y centros de rehabilitaci\u00f3n de la capital bonaerense, Berisso, Ensenada y distritos del interior provincial. <!--more--><\/p>\n<p>Seg\u00fan inform\u00f3 el gremio en un comunicado, la medida incluye asambleas en los lugares de trabajo y no descartan resolver medidas de fuerza si no se regulariza la situaci\u00f3n.<\/p>\n<p>\u201cVemos con preocupaci\u00f3n que sobre la base de presuntos apremios econ\u00f3micos, los empresarios atrasan y desdoblan el pago de sueldos. No podemos permitir que se corte el hilo por lo m\u00e1s fino y que bajo la excusa de dificultades financieras se perjudique a los trabajadores. El salario es un derecho innegociable con el que deben cumplir en tiempo y forma sin ninguna excusa\u201d asegur\u00f3 el Secretario General de ATSA-La Plata y prosecretario de Finanzas de la FATSA, Pedro Borgini.<\/p>\n<p>La pulseada con algunos empresarios del sector se inici\u00f3 a partir de la no cancelaci\u00f3n de deudas salariales que arrastran desde octubre y por la cr\u00f3nica modalidad de desdoblar sueldos. En ese contexto, los dirigentes sindicales advirtieron que \u201csin compromiso y acci\u00f3n, los inconvenientes podr\u00edan extenderse cuando corresponda abonar la segunda mitad del aguinaldo 2012, a efectivizarse en el corriente mes\u201d.<\/p>\n<p>Asimismo, el gremio de la sanidad privada dio a conocer \u201clos establecimientos con mayor conflictividad\u201d. Se trata de las cl\u00ednicas Vaccarini (La Plata); ECO-BER (La Plata); sanatorio San Jos\u00e9 (Villa Elisa); cl\u00ednica San Agust\u00edn (La Plata); Centro de Rehabilitaci\u00f3n CEDIM (La Plata); M\u00e9dicos de la Comunidad (Ensenada); IMA (Berisso); Laboratorio y Droguer\u00eda Medipharma (La Plata); cl\u00ednica Polimed (Tres Arroyos); Cl\u00ednica Regional de Necochea (Necochea); Cl\u00ednica Cruz Azul (Necochea); cl\u00ednica Del Oeste (Pehuaj\u00f3) y cl\u00ednica 1\u00b0 de Agosto (General Belgrano).<\/p>\n","protected":false},"excerpt":{"rendered":"<p>La Asociaci\u00f3n de Trabajadores de la Sanidad (ATSA) de La Plata se declar\u00f3 en \u201cestado de alerta y movilizaci\u00f3n\u201d ante \u201cla falta de cumplimiento\u201d en el pago de salarios acordado con los due\u00f1os de establecimientos de salud privados en cl\u00ednicas, laboratorios y centros de rehabilitaci\u00f3n de la capital bonaerense, Berisso, Ensenada y distritos del interior provincial.<\/p>\n","protected":false},"author":4,"featured_media":0,"comment_status":"open","ping_status":"open","sticky":false,"template":"","format":"standard","meta":{"_jetpack_newsletter_access":"","_jetpack_dont_email_post_to_subs":false,"_jetpack_newsletter_tier_id":0,"_jetpack_memberships_contains_paywalled_content":false,"_jetpack_memberships_contains_paid_content":false,"footnotes":""},"categories":[1],"tags":[],"class_list":["post-8072","post","type-post","status-publish","format-standard","hentry","category-sociedad"],"jetpack_featured_media_url":"","jetpack_shortlink":"https:\/\/wp.me\/p2JWE0-26c","jetpack-related-posts":[{"id":114692,"url":"https:\/\/www.24baires.com\/?p=114692","url_meta":{"origin":8072,"position":0},"title":"El gobierno recibi\u00f3 a representantes de cl\u00ednicas privadas y analiza medidas","author":"GB","date":"14\/04\/2020","format":false,"excerpt":"El objetivo es incluirlas en el Programa de Asistencia al Trabajo y la Producci\u00f3n (ATP) de la AFIP. El jefe de Gabinete de Ministros de la Naci\u00f3n, Santiago Cafiero, encabez\u00f3 una reuni\u00f3n en el Sal\u00f3n Eva Per\u00f3n de la Casa Rosada junto al colectivo Uni\u00f3n Argentina de Salud, que nuclea\u2026","rel":"","context":"En \u00abPol\u00edtica\u00bb","block_context":{"text":"Pol\u00edtica","link":"https:\/\/www.24baires.com\/?cat=51"},"img":{"alt_text":"","src":"https:\/\/i0.wp.com\/www.24baires.com\/wp-content\/uploads\/2020\/04\/reunion-gob.jpg?resize=350%2C200","width":350,"height":200,"srcset":"https:\/\/i0.wp.com\/www.24baires.com\/wp-content\/uploads\/2020\/04\/reunion-gob.jpg?resize=350%2C200 1x, https:\/\/i0.wp.com\/www.24baires.com\/wp-content\/uploads\/2020\/04\/reunion-gob.jpg?resize=525%2C300 1.5x"},"classes":[]},{"id":114594,"url":"https:\/\/www.24baires.com\/?p=114594","url_meta":{"origin":8072,"position":1},"title":"Kicillof prohibi\u00f3 a las empresas que corten servicios de luz y agua en la Provincia","author":"GB","date":"03\/04\/2020","format":false,"excerpt":"La medida est\u00e1 dirigida para los usuarios que perciben asignaciones sociales, electrodependientes, monotributistas, jubilados y trabajadores que sus ingresos no superen dos salarios m\u00ednimos. El gobierno de la provincia de Buenos Aires adhiri\u00f3 a la medida que lanz\u00f3 el presidente, Alberto Fern\u00e1ndez, que proh\u00edbe a las empresas cortar los servicios\u2026","rel":"","context":"En \u00abProvincia\u00bb","block_context":{"text":"Provincia","link":"https:\/\/www.24baires.com\/?cat=40"},"img":{"alt_text":"","src":"https:\/\/i0.wp.com\/www.24baires.com\/wp-content\/uploads\/2020\/03\/kicillof-operativo-sol.jpg?resize=350%2C200","width":350,"height":200,"srcset":"https:\/\/i0.wp.com\/www.24baires.com\/wp-content\/uploads\/2020\/03\/kicillof-operativo-sol.jpg?resize=350%2C200 1x, https:\/\/i0.wp.com\/www.24baires.com\/wp-content\/uploads\/2020\/03\/kicillof-operativo-sol.jpg?resize=525%2C300 1.5x"},"classes":[]},{"id":114758,"url":"https:\/\/www.24baires.com\/?p=114758","url_meta":{"origin":8072,"position":2},"title":"El gobierno amplia la asistencia econ\u00f3mica para llegar a Pymes y sectores medios","author":"GB","date":"20\/04\/2020","format":false,"excerpt":"Se habilitar\u00e1n cr\u00e9ditos a \"Tasa Cero\" para aut\u00f3nomos y monotributistas y se crear\u00e1 un \"complementario\" para el sector privado El presidente Alberto Fen\u00e1ndez firm\u00f3 un decreto que amplia la asistencia econ\u00f3mica dele Estado Nacional, para abarcar Pymes, aut\u00f3nomos y monotributistas, que hab\u00edan quedado afuera de los programas de ayuda impelmentados\u2026","rel":"","context":"En \u00abEconom\u00eda\u00bb","block_context":{"text":"Econom\u00eda","link":"https:\/\/www.24baires.com\/?cat=45"},"img":{"alt_text":"","src":"","width":0,"height":0},"classes":[]},{"id":114596,"url":"https:\/\/www.24baires.com\/?p=114596","url_meta":{"origin":8072,"position":3},"title":"Escuelas privadas congelar\u00e1n las cuotas hasta el final de la cuarentena","author":"GB","date":"03\/04\/2020","format":false,"excerpt":"El ministro de Educaci\u00f3n de la Naci\u00f3n, Nicol\u00e1s Trotta, firm\u00f3 un acuerdo con los titulares de la cartera de las 24 jurisdicciones y representantes de las escuelas privadas. Adem\u00e1s, se acord\u00f3 preservar toda fuente de trabajo, as\u00ed como seguir brindando educaci\u00f3n de forma virtual. El gobierno nacional logr\u00f3 que se\u2026","rel":"","context":"En \u00abPol\u00edtica\u00bb","block_context":{"text":"Pol\u00edtica","link":"https:\/\/www.24baires.com\/?cat=51"},"img":{"alt_text":"","src":"https:\/\/i0.wp.com\/www.24baires.com\/wp-content\/uploads\/2020\/04\/escuela-privada.jpg?resize=350%2C200","width":350,"height":200,"srcset":"https:\/\/i0.wp.com\/www.24baires.com\/wp-content\/uploads\/2020\/04\/escuela-privada.jpg?resize=350%2C200 1x, https:\/\/i0.wp.com\/www.24baires.com\/wp-content\/uploads\/2020\/04\/escuela-privada.jpg?resize=525%2C300 1.5x"},"classes":[]},{"id":102088,"url":"https:\/\/www.24baires.com\/?p=102088","url_meta":{"origin":8072,"position":4},"title":"El gobierno bonaerense llam\u00f3 a m\u00e9dicos y profesionales de la salud a una reuni\u00f3n por salarios","author":"GB","date":"11\/05\/2018","format":false,"excerpt":"Desde Cicop dieron a conocer que el Poder Ejecutivo provincial los convoc\u00f3 a un encuentro en el cual van a exigir que se abra formalmente la paritaria del sector. Ayer realizaron un paro y movilizaron junto con el resto de los gremios estatales. Cicop, el gremio que nuclea a m\u00e9dicos\u2026","rel":"","context":"En \u00abProvincia\u00bb","block_context":{"text":"Provincia","link":"https:\/\/www.24baires.com\/?cat=40"},"img":{"alt_text":"","src":"https:\/\/i0.wp.com\/www.24baires.com\/wp-content\/uploads\/2016\/12\/cicop.jpg?resize=350%2C200","width":350,"height":200,"srcset":"https:\/\/i0.wp.com\/www.24baires.com\/wp-content\/uploads\/2016\/12\/cicop.jpg?resize=350%2C200 1x, https:\/\/i0.wp.com\/www.24baires.com\/wp-content\/uploads\/2016\/12\/cicop.jpg?resize=525%2C300 1.5x"},"classes":[]},{"id":113684,"url":"https:\/\/www.24baires.com\/?p=113684","url_meta":{"origin":8072,"position":5},"title":"Cicop pidi\u00f3 paritarias libres y que los aumentos salariales \u201csean coherentes con la inflaci\u00f3n\u201d","author":"GB","date":"06\/01\/2020","format":false,"excerpt":"El gremio que nuclea a m\u00e9dicos y profesionales de la salud bonaerenses insisti\u00f3 con el pedido de reuni\u00f3n al gobierno de Axel Kicillof. La Asociaci\u00f3n Sindical de Profesionales de la Salud de la provincia de Buenos Aires (Cicop) realiz\u00f3 un an\u00e1lisis de la situaci\u00f3n nacional y bonaerense en torno a\u2026","rel":"","context":"En \u00abProvincia\u00bb","block_context":{"text":"Provincia","link":"https:\/\/www.24baires.com\/?cat=40"},"img":{"alt_text":"","src":"https:\/\/i0.wp.com\/www.24baires.com\/wp-content\/uploads\/2019\/04\/cicop-salud.jpg?resize=350%2C200","width":350,"height":200,"srcset":"https:\/\/i0.wp.com\/www.24baires.com\/wp-content\/uploads\/2019\/04\/cicop-salud.jpg?resize=350%2C200 1x, https:\/\/i0.wp.com\/www.24baires.com\/wp-content\/uploads\/2019\/04\/cicop-salud.jpg?resize=525%2C300 1.5x"},"classes":[]}],"jetpack_sharing_enabled":true,"jetpack_likes_enabled":true,"_links":{"self":[{"href":"https:\/\/www.24baires.com\/index.php?rest_route=\/wp\/v2\/posts\/8072","targetHints":{"allow":["GET"]}}],"collection":[{"href":"https:\/\/www.24baires.com\/index.php?rest_route=\/wp\/v2\/posts"}],"about":[{"href":"https:\/\/www.24baires.com\/index.php?rest_route=\/wp\/v2\/types\/post"}],"author":[{"embeddable":true,"href":"https:\/\/www.24baires.com\/index.php?rest_route=\/wp\/v2\/users\/4"}],"replies":[{"embeddable":true,"href":"https:\/\/www.24baires.com\/index.php?rest_route=%2Fwp%2Fv2%2Fcomments&post=8072"}],"version-history":[{"count":1,"href":"https:\/\/www.24baires.com\/index.php?rest_route=\/wp\/v2\/posts\/8072\/revisions"}],"predecessor-version":[{"id":8073,"href":"https:\/\/www.24baires.com\/index.php?rest_route=\/wp\/v2\/posts\/8072\/revisions\/8073"}],"wp:attachment":[{"href":"https:\/\/www.24baires.com\/index.php?rest_route=%2Fwp%2Fv2%2Fmedia&parent=8072"}],"wp:term":[{"taxonomy":"category","embeddable":true,"href":"https:\/\/www.24baires.com\/index.php?rest_route=%2Fwp%2Fv2%2Fcategories&post=8072"},{"taxonomy":"post_tag","embeddable":true,"href":"https:\/\/www.24baires.com\/index.php?rest_route=%2Fwp%2Fv2%2Ftags&post=8072"}],"curies":[{"name":"wp","href":"https:\/\/api.w.org\/{rel}","templated":true}]}}