{"id":8044,"date":"2012-12-05T19:40:28","date_gmt":"2012-12-05T22:40:28","guid":{"rendered":"http:\/\/www.24baires.com\/?p=8044"},"modified":"2012-12-07T09:35:22","modified_gmt":"2012-12-07T12:35:22","slug":"el-socio-minoritario-de-cablevision-quiere-adecuarse-a-la-ley-de-medios","status":"publish","type":"post","link":"https:\/\/www.24baires.com\/?p=8044","title":{"rendered":"El socio minoritario de Cablevisi\u00f3n quiere adecuarse a la Ley de Medios"},"content":{"rendered":"<p><img data-recalc-dims=\"1\" loading=\"lazy\" decoding=\"async\" class=\"aligncenter size-full wp-image-8045\" title=\"cablevision\" src=\"https:\/\/i0.wp.com\/www.24baires.com\/wp-content\/uploads\/2012\/12\/cablevision.jpg?resize=560%2C228\" alt=\"\" width=\"560\" height=\"228\" srcset=\"https:\/\/i0.wp.com\/www.24baires.com\/wp-content\/uploads\/2012\/12\/cablevision.jpg?w=560&amp;ssl=1 560w, https:\/\/i0.wp.com\/www.24baires.com\/wp-content\/uploads\/2012\/12\/cablevision.jpg?resize=300%2C122&amp;ssl=1 300w\" sizes=\"auto, (max-width: 560px) 100vw, 560px\" \/><\/p>\n<p>La compa\u00f1\u00eda Fintech Advisory Inc., due\u00f1a del 40% de las acciones de Cablevisi\u00f3n S.A., propuso que su principal socio y accionista mayoritario, Grupo Clar\u00edn, venda su parte en esa empresa de televisi\u00f3n por cable.<!--more--><br \/>\nLo hizo a trav\u00e9s de una nota presentada en la mesa de entradas de la Autoridad Federal de Servicios de Comunicaci\u00f3n Audiovisual (AFSCA) en la que consulta al organismo presidido por Mart\u00edn Sabbatella sobre la viabilidad de avanzar en una propuesta de adecuaci\u00f3n, luego de los diversos anuncios de representantes del Grupo Clar\u00edn de desconocer los plazos establecidos para el cumplimiento de la ley 26.522.<\/p>\n","protected":false},"excerpt":{"rendered":"<p>La compa\u00f1\u00eda Fintech Advisory Inc., due\u00f1a del 40% de las acciones de Cablevisi\u00f3n S.A., propuso que su principal socio y accionista mayoritario, Grupo Clar\u00edn, venda su parte en esa empresa de televisi\u00f3n por cable.<\/p>\n","protected":false},"author":11,"featured_media":0,"comment_status":"open","ping_status":"open","sticky":false,"template":"","format":"standard","meta":{"_jetpack_newsletter_access":"","_jetpack_dont_email_post_to_subs":false,"_jetpack_newsletter_tier_id":0,"_jetpack_memberships_contains_paywalled_content":false,"_jetpack_memberships_contains_paid_content":false,"footnotes":""},"categories":[54],"tags":[],"class_list":["post-8044","post","type-post","status-publish","format-standard","hentry","category-medios"],"jetpack_featured_media_url":"","jetpack_shortlink":"https:\/\/wp.me\/p2JWE0-25K","jetpack-related-posts":[{"id":8121,"url":"https:\/\/www.24baires.com\/?p=8121","url_meta":{"origin":8044,"position":0},"title":"\u00abSolo media empresa no quiere cumplir la ley\u00bb","author":"Grupo Sierra","date":"06\/12\/2012","format":false,"excerpt":"\"Ahora hay 19 empresas y media que quieren cumplir con la ley y s\u00f3lo media que no\" dijo el titular de la Autoridad Federal de Servicios de Comunicaci\u00f3n Audiovisual (AFSCA), Mart\u00edn Sabbatella, haciendo referencia al Grupo Clar\u00edn. As\u00ed lo se\u00f1al\u00f3 al referirse a la presentaci\u00f3n realizada ayer por la compa\u00f1\u00eda\u2026","rel":"","context":"En \u00abMedios\u00bb","block_context":{"text":"Medios","link":"https:\/\/www.24baires.com\/?cat=54"},"img":{"alt_text":"","src":"https:\/\/i0.wp.com\/www.24baires.com\/wp-content\/uploads\/2012\/12\/sabbatella-media-empresa.jpg?resize=350%2C200","width":350,"height":200,"srcset":"https:\/\/i0.wp.com\/www.24baires.com\/wp-content\/uploads\/2012\/12\/sabbatella-media-empresa.jpg?resize=350%2C200 1x, https:\/\/i0.wp.com\/www.24baires.com\/wp-content\/uploads\/2012\/12\/sabbatella-media-empresa.jpg?resize=525%2C300 1.5x"},"classes":[]},{"id":72225,"url":"https:\/\/www.24baires.com\/?p=72225","url_meta":{"origin":8044,"position":1},"title":"Compra de Nextel: \u201cMagnetto se quiere asociar a los buitres que litigan contra Argentina\u201d","author":"GB","date":"16\/09\/2015","format":false,"excerpt":"El presidente de la AFSCA asegur\u00f3, adem\u00e1s, que \u201cla compra de Nextel por parte de Clar\u00edn no es legal\". \u201cEl Estado no puede permitir que se ampl\u00ede una empresa que, por ley, debe reducirse\u201d, explic\u00f3. El presidente de la Autoridad Federal de Servicios de Comunicaci\u00f3n Audiovisual (AFSCA), Mart\u00edn Sabbatella, asegur\u00f3\u2026","rel":"","context":"En \u00abMedios\u00bb","block_context":{"text":"Medios","link":"https:\/\/www.24baires.com\/?cat=54"},"img":{"alt_text":"sabbatella post fallo","src":"https:\/\/i0.wp.com\/www.24baires.com\/wp-content\/uploads\/2012\/12\/sabbatella-post-fallo.jpg?resize=350%2C200","width":350,"height":200,"srcset":"https:\/\/i0.wp.com\/www.24baires.com\/wp-content\/uploads\/2012\/12\/sabbatella-post-fallo.jpg?resize=350%2C200 1x, https:\/\/i0.wp.com\/www.24baires.com\/wp-content\/uploads\/2012\/12\/sabbatella-post-fallo.jpg?resize=525%2C300 1.5x"},"classes":[]},{"id":8710,"url":"https:\/\/www.24baires.com\/?p=8710","url_meta":{"origin":8044,"position":2},"title":"Escracharon locales de Clar\u00edn y Cablevisi\u00f3n en Mar del Plata","author":"Grupo Sierra","date":"11\/12\/2012","format":false,"excerpt":"La Organizaci\u00f3n para la Liberaci\u00f3n Argentina (OLA) y J\u00f3venes Al Frente realizaron escarches a las sedes de Cablevisi\u00f3n y Clar\u00edn en esa ciudad balnearia.\u00a0 Los vidrios y paredes de las empresas del grupo Clar\u00edn, en Mar Del Plata, aparecieron pintadas con la consigna \u201cFuera Monopolios del pa\u00eds\u201d y la firma\u2026","rel":"","context":"En \u00abPol\u00edtica\u00bb","block_context":{"text":"Pol\u00edtica","link":"https:\/\/www.24baires.com\/?cat=51"},"img":{"alt_text":"","src":"https:\/\/i0.wp.com\/www.24baires.com\/wp-content\/uploads\/2012\/12\/Escrache-Clarin.jpg?resize=350%2C200","width":350,"height":200,"srcset":"https:\/\/i0.wp.com\/www.24baires.com\/wp-content\/uploads\/2012\/12\/Escrache-Clarin.jpg?resize=350%2C200 1x, https:\/\/i0.wp.com\/www.24baires.com\/wp-content\/uploads\/2012\/12\/Escrache-Clarin.jpg?resize=525%2C300 1.5x"},"classes":[]},{"id":46138,"url":"https:\/\/www.24baires.com\/?p=46138","url_meta":{"origin":8044,"position":3},"title":"Y lleg\u00f3 el d\u00eda: Magnetto y Herrera de Noble abandonan TN y Canal 13","author":"Grupo Sierra","date":"16\/05\/2014","format":false,"excerpt":"La medida ser\u00e1 adoptada a ra\u00edz de una propuesta presentada por el Grupo Clar\u00edn para la adecuaci\u00f3n a la Ley de Medios. Ambos quedar\u00edan con el control de Cablevisi\u00f3n, Fibertel, Canal Metro, entre otros y el resto de los medios pasar\u00edan a Jos\u00e9 Aranda y Lucio Pagliaro. Fuentes de la\u2026","rel":"","context":"En \u00abMedios\u00bb","block_context":{"text":"Medios","link":"https:\/\/www.24baires.com\/?cat=54"},"img":{"alt_text":"magnetto ernestina","src":"https:\/\/i0.wp.com\/www.24baires.com\/wp-content\/uploads\/2014\/05\/magnetto-ernestina.jpg?resize=350%2C200","width":350,"height":200,"srcset":"https:\/\/i0.wp.com\/www.24baires.com\/wp-content\/uploads\/2014\/05\/magnetto-ernestina.jpg?resize=350%2C200 1x, https:\/\/i0.wp.com\/www.24baires.com\/wp-content\/uploads\/2014\/05\/magnetto-ernestina.jpg?resize=525%2C300 1.5x"},"classes":[]},{"id":112550,"url":"https:\/\/www.24baires.com\/?p=112550","url_meta":{"origin":8044,"position":4},"title":"Procesaron a exfuncionario de Macri por mal manejo de fondos de la Anses","author":"AF","date":"18\/10\/2019","format":false,"excerpt":"Est\u00e1 acusado de haber cometido el delito de negociaciones incompatibles con la funci\u00f3n p\u00fablica. En 2016 suscribi\u00f3 con los fondos de la Anses obligaciones negociables de empresas a las que hab\u00eda estado vinculado. El juez federal Sebastian Casanello dict\u00f3 el procesamiento al ex titular del Fondo de Garant\u00edas de Sustentabilidad\u2026","rel":"","context":"En \u00abJUDICIALES\u00bb","block_context":{"text":"JUDICIALES","link":"https:\/\/www.24baires.com\/?cat=68"},"img":{"alt_text":"","src":"https:\/\/i0.wp.com\/www.24baires.com\/wp-content\/uploads\/2019\/10\/blaquier.jpg?resize=350%2C200","width":350,"height":200,"srcset":"https:\/\/i0.wp.com\/www.24baires.com\/wp-content\/uploads\/2019\/10\/blaquier.jpg?resize=350%2C200 1x, https:\/\/i0.wp.com\/www.24baires.com\/wp-content\/uploads\/2019\/10\/blaquier.jpg?resize=525%2C300 1.5x"},"classes":[]},{"id":418,"url":"https:\/\/www.24baires.com\/?p=418","url_meta":{"origin":8044,"position":5},"title":"Multan a Cablevisi\u00f3n por violar las leyes de Lealtad Comercial y Defensa del Consumidor","author":"Grupo Sierra","date":"25\/09\/2012","format":false,"excerpt":"La Administraci\u00f3n Federal de Ingresos P\u00fablicos (AFIP) mult\u00f3 Cablevisi\u00f3n por casi medio mill\u00f3n de pesos por haber violado disposiciones contempladas en las leyes de Defensa del Consumidor y Lealtad Comercial. La sanci\u00f3n se aplic\u00f3 despu\u00e9s de que la empresa del Grupo Clar\u00edn firmara contratos de exclusividad para la provisi\u00f3n del\u2026","rel":"","context":"En \u00abMedios\u00bb","block_context":{"text":"Medios","link":"https:\/\/www.24baires.com\/?cat=54"},"img":{"alt_text":"","src":"","width":0,"height":0},"classes":[]}],"jetpack_sharing_enabled":true,"jetpack_likes_enabled":true,"_links":{"self":[{"href":"https:\/\/www.24baires.com\/index.php?rest_route=\/wp\/v2\/posts\/8044","targetHints":{"allow":["GET"]}}],"collection":[{"href":"https:\/\/www.24baires.com\/index.php?rest_route=\/wp\/v2\/posts"}],"about":[{"href":"https:\/\/www.24baires.com\/index.php?rest_route=\/wp\/v2\/types\/post"}],"author":[{"embeddable":true,"href":"https:\/\/www.24baires.com\/index.php?rest_route=\/wp\/v2\/users\/11"}],"replies":[{"embeddable":true,"href":"https:\/\/www.24baires.com\/index.php?rest_route=%2Fwp%2Fv2%2Fcomments&post=8044"}],"version-history":[{"count":3,"href":"https:\/\/www.24baires.com\/index.php?rest_route=\/wp\/v2\/posts\/8044\/revisions"}],"predecessor-version":[{"id":8207,"href":"https:\/\/www.24baires.com\/index.php?rest_route=\/wp\/v2\/posts\/8044\/revisions\/8207"}],"wp:attachment":[{"href":"https:\/\/www.24baires.com\/index.php?rest_route=%2Fwp%2Fv2%2Fmedia&parent=8044"}],"wp:term":[{"taxonomy":"category","embeddable":true,"href":"https:\/\/www.24baires.com\/index.php?rest_route=%2Fwp%2Fv2%2Fcategories&post=8044"},{"taxonomy":"post_tag","embeddable":true,"href":"https:\/\/www.24baires.com\/index.php?rest_route=%2Fwp%2Fv2%2Ftags&post=8044"}],"curies":[{"name":"wp","href":"https:\/\/api.w.org\/{rel}","templated":true}]}}