{"id":8037,"date":"2012-12-05T17:22:38","date_gmt":"2012-12-05T20:22:38","guid":{"rendered":"http:\/\/www.24baires.com\/?p=8037"},"modified":"2012-12-07T09:31:41","modified_gmt":"2012-12-07T12:31:41","slug":"rechazan-amparo-contra-la-ley-de-countries-que-presento-de-narvaez-por-irrisorio","status":"publish","type":"post","link":"https:\/\/www.24baires.com\/?p=8037","title":{"rendered":"Rechazan amparo contra la &#8216;Ley de Countries&#8217; que present\u00f3 De Narv\u00e1ez por \u00abirrisorio\u00bb"},"content":{"rendered":"<p><img data-recalc-dims=\"1\" loading=\"lazy\" decoding=\"async\" class=\"aligncenter size-full wp-image-8040\" title=\"denarvaez1\" src=\"https:\/\/i0.wp.com\/www.24baires.com\/wp-content\/uploads\/2012\/12\/denarvaez1.jpg?resize=560%2C353\" alt=\"\" width=\"560\" height=\"353\" srcset=\"https:\/\/i0.wp.com\/www.24baires.com\/wp-content\/uploads\/2012\/12\/denarvaez1.jpg?w=560&amp;ssl=1 560w, https:\/\/i0.wp.com\/www.24baires.com\/wp-content\/uploads\/2012\/12\/denarvaez1.jpg?resize=300%2C189&amp;ssl=1 300w\" sizes=\"auto, (max-width: 560px) 100vw, 560px\" \/><\/p>\n<p>El Tribunal de Trabajo N\u00ba4 de La Plata rechaz\u00f3 sin m\u00e1s tr\u00e1mites el amparo <a href=\"http:\/\/www.24baires.com\/provincia\/7900-por-la-ley-de-los-countries-de-narvaez-fue-a-la-justicia\/\" target=\"_blank\">que hab\u00eda presentado el diputado nacional hace 2 d\u00edas<\/a>, lo caracteriz\u00f3 como \u00abirrisorio\u00bb y destacan que <strong>De Narv\u00e1ez se \u00abse refiere como &#8216;clases inferiores'\u00bb a los beneficiarios de la Ley de H\u00e1bitat.<\/strong><!--more--><\/p>\n<p>El Tribunal del Trabajo N\u00b0 4 de La Plata, integrado por los doctores Rodolfo Francisco Martiarena, Guillermo Jorge T\u00f3rtora y Enrique Catani, este \u00faltimo por licencia de la doctora Adela Eduarda Di Stefano, determin\u00f3 rechazar el amparo presentado por Francisco De Narv\u00e1ez contra la Ley de H\u00e1bitat.<\/p>\n<p>En el fallo explican que el amparo presentado por el diputado nacional \u00abalega que ley cuestionada -esencialmente los art\u00edculos 50, 51, 64 y siguientes- lesiona, restringe, altera y\/o amenaza, con arbitrariedad o ilegalidad manifiesta, derechos o garant\u00edas expl\u00edcita o impl\u00edcitamente reconocidos por la Constituci\u00f3n de la Provincia de Buenos Aires y la Constituci\u00f3n de la Naci\u00f3n Argentina, en particular los derechos de propiedad privada e igualdad ante la ley\u00bb.<\/p>\n<p>\u00abAducen, igualmente, que la normativa impugnada resulta inconstitucional por cuanto avasalla el derecho y la libertad de decisi\u00f3n de los propietarios de terrenos no constru\u00eddos, a quienes -sostienen los actores- se les fijan plazos y condiciones que -de no ser obervados- habilitan un gravamen especial progresivo en determinado lapso de tiempo, vencido el cual -ante el incumplimiento del propietario- el inmueble queda sujeto a expropiaci\u00f3n\u00bb, destaca De Narv\u00e1ez.<\/p>\n<p>Seg\u00fan el fallo explican que \u00abla v\u00eda del amparo no proceder\u00e1 contra leyes\u00bb, por lo que la decisi\u00f3n de llev\u00f3 adelante De Narv\u00e1ez es \u00abirrisoria\u00bb y esta improcedencia es motivo de rechazo del amparo.<\/p>\n<p>Pero adem\u00e1s, resaltan que los amparistas que \u00abni siquiera se presentan como titulares de un inter\u00e9s leg\u00edtimo tutelable. El car\u00e1cter de legisladores que invocan, sin perjuicio de resultarles un privilegio de legitimaci\u00f3n para actuar en el seno de sus respectivas instituciones, no los faculta para arrogarse la representaci\u00f3n de los ciudadanos bonaerenses en un juicio de amparo\u00bb.<\/p>\n<p>En la resoluci\u00f3n tambi\u00e9n aprovechan para visualizar la categor\u00eda de \u00abclases inferiores\u00bb que le di\u00f3 el diputado Francisco De Narv\u00e1ez a los beneficiarios de la Ley de H\u00e1bitat. \u00abEntiendo, en ant\u00edtesis con nuestros legisladores aqu\u00ed accionantes, que los bonaerenses debemos hacernos cargo de los problemas sociales de nuestros conciudadanos, a quienes aqu\u00e9llos se refieren como \u201cclases inferiores\u201d (fs. 16), y a las que, seg\u00fan su pensamiento, debiera atender \u201cEl Estado\u201d, al parecer, comprendido como una entelequia (ver fs. cit.)\u00bb, fundament\u00f3 el doctor Martiarena.<\/p>\n<p>Por \u00fatlimo aseguraron que \u00abla aplicaci\u00f3n de la denominada Ley de Acceso Justo al Habitat, conforme a los art\u00edculos impugnados -50,51 y 64- no afecta el derecho de propiedad, sino en limitadas y espec\u00edficas condiciones, en las que los amparistas ni siquiera insin\u00faan estar encuadrados\u00bb.<\/p>\n<p>Por lo que el Tribunal resolvi\u00f3 rechazar la acci\u00f3n de amparo deducida al no configurarse los presupuestos de admisibilidad, ya que no se puede avanzar con un amparo contra una ley.<\/p>\n<p>&nbsp;<\/p>\n<p>&nbsp;<\/p>\n<p>&nbsp;<\/p>\n<p>&nbsp;<\/p>\n<p>&nbsp;<\/p>\n<p>&nbsp;<\/p>\n<p>&nbsp;<\/p>\n<p>&nbsp;<\/p>\n<p>&nbsp;<\/p>\n<p>&nbsp;<\/p>\n<p>&nbsp;<\/p>\n<p>&nbsp;<\/p>\n<p>&nbsp;<\/p>\n","protected":false},"excerpt":{"rendered":"<p>El Tribunal de Trabajo N\u00ba4 de La Plata rechaz\u00f3 sin m\u00e1s tr\u00e1mites el amparo que hab\u00eda presentado el diputado nacional hace 2 d\u00edas, lo caracteriz\u00f3 como \u00abirrisorio\u00bb y destacan que De Narv\u00e1ez se \u00abse refiere como &#8216;clases inferiores&#8217;\u00bb a los beneficiarios de la Ley de H\u00e1bitat.<\/p>\n","protected":false},"author":11,"featured_media":0,"comment_status":"open","ping_status":"open","sticky":false,"template":"","format":"standard","meta":{"_jetpack_newsletter_access":"","_jetpack_dont_email_post_to_subs":false,"_jetpack_newsletter_tier_id":0,"_jetpack_memberships_contains_paywalled_content":false,"_jetpack_memberships_contains_paid_content":false,"footnotes":""},"categories":[40],"tags":[],"class_list":["post-8037","post","type-post","status-publish","format-standard","hentry","category-provincia"],"jetpack_featured_media_url":"","jetpack_shortlink":"https:\/\/wp.me\/p2JWE0-25D","jetpack-related-posts":[{"id":7900,"url":"https:\/\/www.24baires.com\/?p=7900","url_meta":{"origin":8037,"position":0},"title":"Por la &#8216;Ley de los Countries&#8217;, De Narv\u00e1ez fue a la Justicia","author":"Grupo Sierra","date":"04\/12\/2012","format":false,"excerpt":"El diputado nacional del Frente Peronista y l\u00edder opositor en la Provincia de Buenos Aires revel\u00f3 este mediod\u00eda que el lunes present\u00f3 un recurso de amparo ante la Justicia para que se declare inconstitucional la Ley de H\u00e1bitat, que fue aprobada en la Legislatura bonaerense durante la \u00faltima sesi\u00f3n ordinaria\u2026","rel":"","context":"En \u00abProvincia\u00bb","block_context":{"text":"Provincia","link":"https:\/\/www.24baires.com\/?cat=40"},"img":{"alt_text":"","src":"","width":0,"height":0},"classes":[]},{"id":121137,"url":"https:\/\/www.24baires.com\/?p=121137","url_meta":{"origin":8037,"position":1},"title":"La Justicia declar\u00f3 inconstitucional la derogaci\u00f3n de la Ley de Tierras","author":"GB","date":"21\/03\/2024","format":false,"excerpt":"La Justicia impuso un freno a la intenci\u00f3n del gobierno de Javier Milei de favorecer la extranjerizaci\u00f3n de tierras sin l\u00edmite. Aseguran que el DNU pone en crisis la integridad territorial y la soberan\u00eda nacional. La Sala III de la C\u00e1mara Federal de La Plata declar\u00f3 este jueves la inconstitucionalidad\u2026","rel":"","context":"En \u00abPol\u00edtica\u00bb","block_context":{"text":"Pol\u00edtica","link":"https:\/\/www.24baires.com\/?cat=51"},"img":{"alt_text":"","src":"https:\/\/i0.wp.com\/www.24baires.com\/wp-content\/uploads\/2024\/03\/milei-serio.webp?resize=350%2C200","width":350,"height":200,"srcset":"https:\/\/i0.wp.com\/www.24baires.com\/wp-content\/uploads\/2024\/03\/milei-serio.webp?resize=350%2C200 1x, https:\/\/i0.wp.com\/www.24baires.com\/wp-content\/uploads\/2024\/03\/milei-serio.webp?resize=525%2C300 1.5x, https:\/\/i0.wp.com\/www.24baires.com\/wp-content\/uploads\/2024\/03\/milei-serio.webp?resize=700%2C400 2x"},"classes":[]},{"id":104798,"url":"https:\/\/www.24baires.com\/?p=104798","url_meta":{"origin":8037,"position":2},"title":"Buscan que se discuta en el Congreso el acuerdo entre el Gobierno y el FMI","author":"AF","date":"05\/10\/2018","format":false,"excerpt":"Legisladores rechazaron por \u201cinconstitucional\u201d e \u201cimprocedente\u201d el nuevo convenio de endeudamiento que acord\u00f3 el presidente Mauricio Macri con el FMI. Adem\u00e1s se present\u00f3 un recurso de amparo en el que solicita a la Justicia que establezca la nulidad del convenio. Los principales referentes del bloque FpV-PJ presentaron ayer un proyecto\u2026","rel":"","context":"En \u00abPol\u00edtica\u00bb","block_context":{"text":"Pol\u00edtica","link":"https:\/\/www.24baires.com\/?cat=51"},"img":{"alt_text":"","src":"https:\/\/i0.wp.com\/www.24baires.com\/wp-content\/uploads\/2016\/04\/fmi.jpg?resize=350%2C200","width":350,"height":200,"srcset":"https:\/\/i0.wp.com\/www.24baires.com\/wp-content\/uploads\/2016\/04\/fmi.jpg?resize=350%2C200 1x, https:\/\/i0.wp.com\/www.24baires.com\/wp-content\/uploads\/2016\/04\/fmi.jpg?resize=525%2C300 1.5x"},"classes":[]},{"id":4640,"url":"https:\/\/www.24baires.com\/?p=4640","url_meta":{"origin":8037,"position":3},"title":"Ley de H\u00e1bitat: se realiz\u00f3 un debate abierto para despejar dudas","author":"AF","date":"06\/11\/2012","format":false,"excerpt":"El diputado Oscar Negrelli presidi\u00f3 este mi\u00e9rcoles un debate abierto sobre Ley de Acceso Justo al H\u00e1bitat, aprobado recientemente en la C\u00e1mara baja bonaerense. El diputado de la Coalici\u00f3n C\u00edvica defendi\u00f3 la iniciativa y se refiri\u00f3 a los lineamientos pol\u00edticos que se tejieron en torno a la oposici\u00f3n del proyecto\u2026","rel":"","context":"En \u00abPol\u00edtica\u00bb","block_context":{"text":"Pol\u00edtica","link":"https:\/\/www.24baires.com\/?cat=51"},"img":{"alt_text":"","src":"","width":0,"height":0},"classes":[]},{"id":100138,"url":"https:\/\/www.24baires.com\/?p=100138","url_meta":{"origin":8037,"position":4},"title":"La Justicia aval\u00f3 la Gobierno y no habr\u00e1 paritaria nacional","author":"GB","date":"24\/01\/2018","format":false,"excerpt":"El amparo de la Uni\u00f3n de Docentes Argentinos (UDA) fue rechazado por la jueza laboral Alicia Pucciarelli. Cada provincia deber\u00e1 negociar los aumentos salariales con los gremios. La jueza laboral Alicia Pucciarelli rechaz\u00f3 el amparo que hab\u00eda sido presentado el a\u00f1o pasado el gremio UDA, uno de los cinco sindicatos\u2026","rel":"","context":"En \u00abPol\u00edtica\u00bb","block_context":{"text":"Pol\u00edtica","link":"https:\/\/www.24baires.com\/?cat=51"},"img":{"alt_text":"","src":"https:\/\/i0.wp.com\/www.24baires.com\/wp-content\/uploads\/2017\/04\/salarios-docentes.jpg?resize=350%2C200","width":350,"height":200,"srcset":"https:\/\/i0.wp.com\/www.24baires.com\/wp-content\/uploads\/2017\/04\/salarios-docentes.jpg?resize=350%2C200 1x, https:\/\/i0.wp.com\/www.24baires.com\/wp-content\/uploads\/2017\/04\/salarios-docentes.jpg?resize=525%2C300 1.5x"},"classes":[]},{"id":111098,"url":"https:\/\/www.24baires.com\/?p=111098","url_meta":{"origin":8037,"position":5},"title":"Imputan a Stanley y a Rubinstein por la falta de vacunas","author":"AF","date":"05\/07\/2019","format":false,"excerpt":"El fiscal Guillermo Marijuan imput\u00f3 a la ministra de Salud y Desarrollo Social y al secretario de Salud por violar la sentencia donde se hizo lugar para que el gobierno cumpla con la vacunaci\u00f3n contra la bacteria del meningococo. El fiscal Guillermo Marijuan imput\u00f3 a la ministra de Salud y\u2026","rel":"","context":"En \u00abJUDICIALES\u00bb","block_context":{"text":"JUDICIALES","link":"https:\/\/www.24baires.com\/?cat=68"},"img":{"alt_text":"","src":"https:\/\/i0.wp.com\/www.24baires.com\/wp-content\/uploads\/2019\/07\/stanley-macri.jpg?resize=350%2C200","width":350,"height":200,"srcset":"https:\/\/i0.wp.com\/www.24baires.com\/wp-content\/uploads\/2019\/07\/stanley-macri.jpg?resize=350%2C200 1x, https:\/\/i0.wp.com\/www.24baires.com\/wp-content\/uploads\/2019\/07\/stanley-macri.jpg?resize=525%2C300 1.5x"},"classes":[]}],"jetpack_sharing_enabled":true,"jetpack_likes_enabled":true,"_links":{"self":[{"href":"https:\/\/www.24baires.com\/index.php?rest_route=\/wp\/v2\/posts\/8037","targetHints":{"allow":["GET"]}}],"collection":[{"href":"https:\/\/www.24baires.com\/index.php?rest_route=\/wp\/v2\/posts"}],"about":[{"href":"https:\/\/www.24baires.com\/index.php?rest_route=\/wp\/v2\/types\/post"}],"author":[{"embeddable":true,"href":"https:\/\/www.24baires.com\/index.php?rest_route=\/wp\/v2\/users\/11"}],"replies":[{"embeddable":true,"href":"https:\/\/www.24baires.com\/index.php?rest_route=%2Fwp%2Fv2%2Fcomments&post=8037"}],"version-history":[{"count":3,"href":"https:\/\/www.24baires.com\/index.php?rest_route=\/wp\/v2\/posts\/8037\/revisions"}],"predecessor-version":[{"id":8200,"href":"https:\/\/www.24baires.com\/index.php?rest_route=\/wp\/v2\/posts\/8037\/revisions\/8200"}],"wp:attachment":[{"href":"https:\/\/www.24baires.com\/index.php?rest_route=%2Fwp%2Fv2%2Fmedia&parent=8037"}],"wp:term":[{"taxonomy":"category","embeddable":true,"href":"https:\/\/www.24baires.com\/index.php?rest_route=%2Fwp%2Fv2%2Fcategories&post=8037"},{"taxonomy":"post_tag","embeddable":true,"href":"https:\/\/www.24baires.com\/index.php?rest_route=%2Fwp%2Fv2%2Ftags&post=8037"}],"curies":[{"name":"wp","href":"https:\/\/api.w.org\/{rel}","templated":true}]}}