{"id":80347,"date":"2016-03-18T20:15:05","date_gmt":"2016-03-18T23:15:05","guid":{"rendered":"http:\/\/www.24baires.com\/?p=80347"},"modified":"2016-03-18T20:15:05","modified_gmt":"2016-03-18T23:15:05","slug":"el-grupo-indalo-respondio-tras-los-allanamientos","status":"publish","type":"post","link":"https:\/\/www.24baires.com\/?p=80347","title":{"rendered":"El grupo Indalo respondi\u00f3 tras los allanamientos"},"content":{"rendered":"<p><img data-recalc-dims=\"1\" loading=\"lazy\" decoding=\"async\" src=\"https:\/\/i0.wp.com\/www.24baires.com\/wp-content\/uploads\/2016\/03\/grupo-indalo.jpg?resize=560%2C313\" alt=\"grupo indalo\" width=\"560\" height=\"313\" class=\"aligncenter size-full wp-image-80348\" srcset=\"https:\/\/i0.wp.com\/www.24baires.com\/wp-content\/uploads\/2016\/03\/grupo-indalo.jpg?w=560&amp;ssl=1 560w, https:\/\/i0.wp.com\/www.24baires.com\/wp-content\/uploads\/2016\/03\/grupo-indalo.jpg?resize=300%2C168&amp;ssl=1 300w\" sizes=\"auto, (max-width: 560px) 100vw, 560px\" \/>En el d\u00eda de hoy por orden de la jueza Mar\u00eda Ver\u00f3nica Straccia se realizaron distintos allanamientos en diversas oficinas del Grupo Indalo.<!--more--><\/p>\n<p>El Grupo Indalo colabor\u00f3 facilitando toda la documentaci\u00f3n solicitada en tiempo y forma. Asimismo a trav\u00e9s de sus abogados dentro de las 72 horas se presentar\u00e1 voluntariamente la documentaci\u00f3n adicional que no fue ubicada durante las diligencias.<\/p>\n<p>Cabe se\u00f1alar que el martes 15 de marzo de forma espont\u00e1nea se presentaron ante el Juzgado el se\u00f1or Crist\u00f3bal L\u00f3pez y el se\u00f1or Fabi\u00e1n De Sousa para ponerse a disposici\u00f3n de la Justicia.<\/p>\n<p>El Grupo Indalo trabaja desde hace muchos a\u00f1os con transparencia y est\u00e1 siempre a disposici\u00f3n de los requerimientos de los diferentes poderes del Estado para informar de todas sus actividades.<\/p>\n","protected":false},"excerpt":{"rendered":"<p>En el d\u00eda de hoy por orden de la jueza Mar\u00eda Ver\u00f3nica Straccia se realizaron distintos allanamientos en diversas oficinas del Grupo Indalo.<\/p>\n","protected":false},"author":8,"featured_media":0,"comment_status":"open","ping_status":"open","sticky":false,"template":"","format":"standard","meta":{"_jetpack_newsletter_access":"","_jetpack_dont_email_post_to_subs":false,"_jetpack_newsletter_tier_id":0,"_jetpack_memberships_contains_paywalled_content":false,"_jetpack_memberships_contains_paid_content":false,"footnotes":""},"categories":[54],"tags":[],"class_list":["post-80347","post","type-post","status-publish","format-standard","hentry","category-medios"],"jetpack_featured_media_url":"","jetpack_shortlink":"https:\/\/wp.me\/p2JWE0-kTV","jetpack-related-posts":[{"id":78760,"url":"https:\/\/www.24baires.com\/?p=78760","url_meta":{"origin":80347,"position":0},"title":"Grupo Indalo compr\u00f3 CN23, El Argentino y 50% de Vorterix","author":"GB","date":"10\/02\/2016","format":false,"excerpt":"El imperio de medios de Crist\u00f3bal L\u00f3pez incorpor\u00f3 a su haber al canal de TV CN23, el diario El Argentino y 50% de la radio Vorterix, que eran propiedad del empresario de Sergio Szpolski. El Grupo Indalo, propiedad del empresario Crist\u00f3bal L\u00f3pez, sac\u00f3 un comunicado que se encargar\u00e1 de comprar\u2026","rel":"","context":"En \u00abMedios\u00bb","block_context":{"text":"Medios","link":"https:\/\/www.24baires.com\/?cat=54"},"img":{"alt_text":"","src":"","width":0,"height":0},"classes":[]},{"id":101108,"url":"https:\/\/www.24baires.com\/?p=101108","url_meta":{"origin":80347,"position":1},"title":"Ordenan excarcelar a Crist\u00f3bal L\u00f3pez y a Fabi\u00e1n De Sousa","author":"AF","date":"16\/03\/2018","format":false,"excerpt":"La C\u00e1mara Federal porte\u00f1a otorg\u00f3 hoy la excarcelaci\u00f3n a los empresarios por considerar que su libertad no pone en riesgo la investigaci\u00f3n contra el Grupo Indalo por una presunta estafa millonaria a la AFIP. La C\u00e1mara Federal porte\u00f1a otorg\u00f3 este mediod\u00eda la excarcelaci\u00f3n a los empresarios Crist\u00f3bal L\u00f3pez y Fabi\u00e1n\u2026","rel":"","context":"En \u00abJUDICIALES\u00bb","block_context":{"text":"JUDICIALES","link":"https:\/\/www.24baires.com\/?cat=68"},"img":{"alt_text":"","src":"https:\/\/i0.wp.com\/www.24baires.com\/wp-content\/uploads\/2018\/03\/5a39ebf8ed34f.jpg?resize=350%2C200","width":350,"height":200,"srcset":"https:\/\/i0.wp.com\/www.24baires.com\/wp-content\/uploads\/2018\/03\/5a39ebf8ed34f.jpg?resize=350%2C200 1x, https:\/\/i0.wp.com\/www.24baires.com\/wp-content\/uploads\/2018\/03\/5a39ebf8ed34f.jpg?resize=525%2C300 1.5x"},"classes":[]},{"id":17513,"url":"https:\/\/www.24baires.com\/?p=17513","url_meta":{"origin":80347,"position":2},"title":"Sabbatella, clar\u00edsimo: \u00abNadie tiene coronita, las reglas son parejas\u00bb","author":"AF","date":"05\/03\/2013","format":false,"excerpt":"El titular de la Autoridad Federal de Servicios de Comunicaci\u00f3n Audiovisual (Afsca), Mart\u00edn Sabbatella, asegur\u00f3 hoy que la venta de medios del grupo Hadad al grupo Indalo, aprobada por ese organismo, \"se ajusta perfectamente a la ley\" porque se enmarca en el plan de adecuaci\u00f3n, e insisti\u00f3 con que \"las\u2026","rel":"","context":"En \u00abMedios\u00bb","block_context":{"text":"Medios","link":"https:\/\/www.24baires.com\/?cat=54"},"img":{"alt_text":"","src":"","width":0,"height":0},"classes":[]},{"id":97884,"url":"https:\/\/www.24baires.com\/?p=97884","url_meta":{"origin":80347,"position":3},"title":"Gendarmer\u00eda allana las radios de Crist\u00f3bal L\u00f3pez cuando Cristina le da una nota","author":"GB","date":"05\/10\/2017","format":false,"excerpt":"La fuerza de seguridad sospechada por la desaparici\u00f3n de Santiago Maldonado entr\u00f3 al edificio donde est\u00e1 CFK. Un extra\u00f1o episodio ocurri\u00f3 en el edificio donde est\u00e1n las radios del Grupo Indalo. En el momento en que la ex presidenta Cristina Kirchner entraba a FM POP para dar una nota a\u2026","rel":"","context":"En \u00abPol\u00edtica\u00bb","block_context":{"text":"Pol\u00edtica","link":"https:\/\/www.24baires.com\/?cat=51"},"img":{"alt_text":"","src":"https:\/\/i0.wp.com\/www.24baires.com\/wp-content\/uploads\/2017\/10\/gendarmeria-radio.jpg?resize=350%2C200","width":350,"height":200,"srcset":"https:\/\/i0.wp.com\/www.24baires.com\/wp-content\/uploads\/2017\/10\/gendarmeria-radio.jpg?resize=350%2C200 1x, https:\/\/i0.wp.com\/www.24baires.com\/wp-content\/uploads\/2017\/10\/gendarmeria-radio.jpg?resize=525%2C300 1.5x"},"classes":[]},{"id":17619,"url":"https:\/\/www.24baires.com\/?p=17619","url_meta":{"origin":80347,"position":4},"title":"\u201cQueremos que est\u00e9n todas las voces; incluso las que mienten, como Clar\u00edn y La Naci\u00f3n\u201d","author":"AF","date":"06\/03\/2013","format":false,"excerpt":"Todas las empresas de medios audiovisuales de la Argentina, excepto el Grupo Clar\u00edn, han presentado su plan de adecuaci\u00f3n voluntaria para cumplir con la ley, y el Afsca est\u00e1 trabajando en la evaluaci\u00f3n y admisi\u00f3n de esos planes\u201d, afirm\u00f3 en declaraciones period\u00edsticas el titular de la Autoridad Federal de Servicios\u2026","rel":"","context":"En \u00abMedios\u00bb","block_context":{"text":"Medios","link":"https:\/\/www.24baires.com\/?cat=54"},"img":{"alt_text":"sabbatella desafio","src":"https:\/\/i0.wp.com\/www.24baires.com\/wp-content\/uploads\/2012\/10\/sabbatella-desafio.jpg?resize=350%2C200","width":350,"height":200,"srcset":"https:\/\/i0.wp.com\/www.24baires.com\/wp-content\/uploads\/2012\/10\/sabbatella-desafio.jpg?resize=350%2C200 1x, https:\/\/i0.wp.com\/www.24baires.com\/wp-content\/uploads\/2012\/10\/sabbatella-desafio.jpg?resize=525%2C300 1.5x"},"classes":[]},{"id":17452,"url":"https:\/\/www.24baires.com\/?p=17452","url_meta":{"origin":80347,"position":5},"title":"La AFSCA aprob\u00f3 cuatro planes de adecuaci\u00f3n m\u00e1s a la Ley de Medios","author":"AF","date":"04\/03\/2013","format":false,"excerpt":"Se trata de las propuestas presentadas por Hadad-Indalo (Gerardo Daniel Hadad, Viviana Mabel Zocco y South Media Investment), Cadena 3, la Asociaci\u00f3n Mutual del Magisterio de Santa Fe \u201cAngelita Peralta Pinos\u201d y Eteco SRL. Estas se suman a los tres planes autorizados en enero pasado. El directorio de la Autoridad\u2026","rel":"","context":"En \u00abMedios\u00bb","block_context":{"text":"Medios","link":"https:\/\/www.24baires.com\/?cat=54"},"img":{"alt_text":"sabbatella trabajadores TN","src":"https:\/\/i0.wp.com\/www.24baires.com\/wp-content\/uploads\/2012\/11\/sabbatella-trabajadores-TN.jpg?resize=350%2C200","width":350,"height":200,"srcset":"https:\/\/i0.wp.com\/www.24baires.com\/wp-content\/uploads\/2012\/11\/sabbatella-trabajadores-TN.jpg?resize=350%2C200 1x, https:\/\/i0.wp.com\/www.24baires.com\/wp-content\/uploads\/2012\/11\/sabbatella-trabajadores-TN.jpg?resize=525%2C300 1.5x"},"classes":[]}],"jetpack_sharing_enabled":true,"jetpack_likes_enabled":true,"_links":{"self":[{"href":"https:\/\/www.24baires.com\/index.php?rest_route=\/wp\/v2\/posts\/80347","targetHints":{"allow":["GET"]}}],"collection":[{"href":"https:\/\/www.24baires.com\/index.php?rest_route=\/wp\/v2\/posts"}],"about":[{"href":"https:\/\/www.24baires.com\/index.php?rest_route=\/wp\/v2\/types\/post"}],"author":[{"embeddable":true,"href":"https:\/\/www.24baires.com\/index.php?rest_route=\/wp\/v2\/users\/8"}],"replies":[{"embeddable":true,"href":"https:\/\/www.24baires.com\/index.php?rest_route=%2Fwp%2Fv2%2Fcomments&post=80347"}],"version-history":[{"count":1,"href":"https:\/\/www.24baires.com\/index.php?rest_route=\/wp\/v2\/posts\/80347\/revisions"}],"predecessor-version":[{"id":80349,"href":"https:\/\/www.24baires.com\/index.php?rest_route=\/wp\/v2\/posts\/80347\/revisions\/80349"}],"wp:attachment":[{"href":"https:\/\/www.24baires.com\/index.php?rest_route=%2Fwp%2Fv2%2Fmedia&parent=80347"}],"wp:term":[{"taxonomy":"category","embeddable":true,"href":"https:\/\/www.24baires.com\/index.php?rest_route=%2Fwp%2Fv2%2Fcategories&post=80347"},{"taxonomy":"post_tag","embeddable":true,"href":"https:\/\/www.24baires.com\/index.php?rest_route=%2Fwp%2Fv2%2Ftags&post=80347"}],"curies":[{"name":"wp","href":"https:\/\/api.w.org\/{rel}","templated":true}]}}