{"id":80319,"date":"2016-03-18T13:00:17","date_gmt":"2016-03-18T16:00:17","guid":{"rendered":"http:\/\/www.24baires.com\/?p=80319"},"modified":"2016-03-18T12:55:52","modified_gmt":"2016-03-18T15:55:52","slug":"el-mismo-mundo-tirano-de-siempre","status":"publish","type":"post","link":"https:\/\/www.24baires.com\/?p=80319","title":{"rendered":"El mismo mundo tirano de siempre"},"content":{"rendered":"<p><img data-recalc-dims=\"1\" loading=\"lazy\" decoding=\"async\" class=\"aligncenter  wp-image-80321\" src=\"https:\/\/i0.wp.com\/www.24baires.com\/wp-content\/uploads\/2016\/03\/blengio-miramar.jpg?resize=560%2C560\" alt=\"blengio miramar\" width=\"560\" height=\"560\" srcset=\"https:\/\/i0.wp.com\/www.24baires.com\/wp-content\/uploads\/2016\/03\/blengio-miramar.jpg?w=526&amp;ssl=1 526w, https:\/\/i0.wp.com\/www.24baires.com\/wp-content\/uploads\/2016\/03\/blengio-miramar.jpg?resize=150%2C150&amp;ssl=1 150w, https:\/\/i0.wp.com\/www.24baires.com\/wp-content\/uploads\/2016\/03\/blengio-miramar.jpg?resize=300%2C300&amp;ssl=1 300w\" sizes=\"auto, (max-width: 560px) 100vw, 560px\" \/>Una vez escrib\u00ed sobre una piba de 16 a\u00f1os que se quit\u00f3 la vida porque no soport\u00f3 m\u00e1s las cargadas de sus compa\u00f1eros de escuela y hasta de sus docentes. Bueno, lo obvio: la piba ya no estaba cuando escrib\u00ed eso, ni cuando me enter\u00e9 de lo sucedido. Ya hab\u00edamos perdido esa vida. \u00bfQu\u00e9 cambi\u00f3? Nada. Quiz\u00e1 leyeron esa columna de opini\u00f3n algunos que desconoc\u00edan lo sucedido, quiz\u00e1 simpatizaron con mi bronca, mi dolor y mi impotencia. Y hasta ah\u00ed. \u00bfQu\u00e9 cambi\u00f3? Nada, reitero.<!--more--><br \/>\nClaro, tengo que agregar que esa chica era lesbiana, y que las cargadas (si es que podemos tomarnos el indulgente permiso de llamarlas as\u00ed) se basaban en eso, en que era una chica a la que le gustaban las chicas. Y tenemos que aclarar eso no s\u00f3lo porque quien no recuerde o haya conocido el caso no entender\u00e1 el porqu\u00e9 de su dr\u00e1stica determinaci\u00f3n, sino, tambi\u00e9n, porque muri\u00f3 por culpa de eso. Muri\u00f3 porque un pu\u00f1ado de intolerantes se crey\u00f3 con alg\u00fan pervertido derecho de opinar sobre su vida. Y no s\u00f3lo de opinar, sino de llevar esos pareceres que nadie solicit\u00f3 al extremo de perseguirla, lastimarla, vejarla. Ajustaron la cuerda que la asfixi\u00f3. Fueron sus manos, llenas de dedos que se\u00f1alaron, los que sellaron su final, las que apretaron, hasta dejarla sin aliento.<br \/>\n\u00bfPor qu\u00e9 hago memoria de esto, ahora? Bueno, primero porque nunca la olvid\u00e9. Y porque la injusticia y el odio se han hecho tan frecuentes que pasamos los malos tragos y seguimos, mientras caen a nuestros lados las v\u00edctimas del desprecio, de la ignorancia y de la indiferencia. Y porque pod\u00edamos evitarlo, pero no lo hicimos. Por eso la memoria, que pincha y que sangra. Y porque jam\u00e1s voy a resignarme a que naturalicemos esto.<br \/>\nEsto que sigue pasando. En Miramar, hace unos d\u00edas, unos polic\u00edas secuestraron y torturaron a un pibe militante LGTB. Era una pr\u00e1ctica reincidente, sabemos ahora. Lo amedrentaban y acosaban seguido, hasta que eso no fue suficiente y lo metieron en un auto, lo cortaron, le pegaron, le arrancaron un arito, lo quemaron con cigarrillos, lo insultaron. \u00bfTenemos que esperar a que otro pibe se quite la vida porque existen los mal paridos que piensan, en esas peque\u00f1as mentes corrompidas por el odio del que se alimentan, que hay algo &#8216;malo&#8217; en sentir de la manera que se nos canta sentir? \u00bfTenemos que esperar que esos polic\u00edas se pasen en el apriete diario y lo maten? Ah\u00ed podr\u00eda escribir otra columna indignada y posarla sobre el cuerpo aun tibio de una nueva v\u00edctima de la intolerancia. Quiz\u00e1 la lean y simpaticen conmigo, otra vez. Y va a ser tarde de nuevo. Y no va a servir para nada. Otra vez.<br \/>\nYo no quiero esperar. Lautaro Blengio, de 17 a\u00f1os, no puede esperar. Y no debe esperar nada. No debe reclamar respeto ni aceptaci\u00f3n. No debe pedir tolerancia. Porque no se trata de aguantarnos. Si ese es el horizonte, estamos perdidos en la noche m\u00e1s oscura, solos, a merced de los monstruos. Si tenemos que implorar que nos toleren por pensar distinto, por elegir querer a alguien de nuestro mismo sexo, por vestirnos de determinada manera, aceptamos que vulneren nuestros derechos. Y eso no podemos hacerlo nunca.<br \/>\nEs simple: esto no tiene que ocurrir. Y para que nadie m\u00e1s sea v\u00edctima de los d\u00e9spotas de turno, tenemos que entender que nadie, pero nadie, tiene la potestad de opinar sobre nuestros gustos, orientaciones y sentimientos. Porque ese es el derecho inalienable que poseemos: ser lo que queramos ser.<br \/>\nPero como estas cosas horribles siguen sucediendo, tenemos que evitar que se naturalicen. A Lautaro no le pas\u00f3 esto por gay, le pas\u00f3 porque un grupito de uniformados fachos cree que puede hacer esto. Y la justicia mira para otro lado con la conveniencia siniestra del peor c\u00f3mplice, \u00e9se que podr\u00eda evitar que todo esto pase.<br \/>\n\u201c\u00bfQu\u00e9 mundo desquiciado es este en el cual hay que pedir permiso a los dem\u00e1s para amar a quien se quiera?\u201d, me pregunt\u00e9 en aquella nota que escrib\u00ed hace mas de un a\u00f1o. Yo no tengo la respuesta, porque pas\u00f3 el tiempo, opinamos, nos indignamos, pero, al final, seguimos viviendo en el mismo mundo tirano de siempre.<\/p>\n","protected":false},"excerpt":{"rendered":"<p>Una vez escrib\u00ed sobre una piba de 16 a\u00f1os que se quit\u00f3 la vida porque no soport\u00f3 m\u00e1s las cargadas de sus compa\u00f1eros de escuela y hasta de sus docentes. Bueno, lo obvio: la piba ya no estaba cuando escrib\u00ed eso, ni cuando me enter\u00e9 de lo sucedido. Ya hab\u00edamos perdido esa vida. \u00bfQu\u00e9 cambi\u00f3? Nada. Quiz\u00e1 leyeron esa columna [&#8230;]<\/p>\n","protected":false},"author":4,"featured_media":0,"comment_status":"open","ping_status":"open","sticky":false,"template":"","format":"standard","meta":{"_jetpack_newsletter_access":"","_jetpack_dont_email_post_to_subs":false,"_jetpack_newsletter_tier_id":0,"_jetpack_memberships_contains_paywalled_content":false,"_jetpack_memberships_contains_paid_content":false,"footnotes":""},"categories":[64],"tags":[],"class_list":["post-80319","post","type-post","status-publish","format-standard","hentry","category-opinion"],"jetpack_featured_media_url":"","jetpack_shortlink":"https:\/\/wp.me\/p2JWE0-kTt","jetpack-related-posts":[{"id":59787,"url":"https:\/\/www.24baires.com\/?p=59787","url_meta":{"origin":80319,"position":0},"title":"Las muertes prioritarias, otra vez","author":"Grupo Sierra","date":"08\/01\/2015","format":false,"excerpt":"\u00bfPodr\u00edas elegir entre la vida de una nena u otra? No pienses en que si una es tu hija y la otra no, no imagines que las conoc\u00e9s. \u00bfPodr\u00edas decidir qu\u00e9 muerte es m\u00e1s importante, m\u00e1s injusta, si ambas son asesinadas? \u00bfPodr\u00edas? Ojal\u00e1 no. Te aclaro que yo no puedo.\u2026","rel":"","context":"En \u00abOpini\u00f3n\u00bb","block_context":{"text":"Opini\u00f3n","link":"https:\/\/www.24baires.com\/?cat=64"},"img":{"alt_text":"lola","src":"https:\/\/i0.wp.com\/www.24baires.com\/wp-content\/uploads\/2014\/12\/lola.jpg?resize=350%2C200","width":350,"height":200,"srcset":"https:\/\/i0.wp.com\/www.24baires.com\/wp-content\/uploads\/2014\/12\/lola.jpg?resize=350%2C200 1x, https:\/\/i0.wp.com\/www.24baires.com\/wp-content\/uploads\/2014\/12\/lola.jpg?resize=525%2C300 1.5x"},"classes":[]},{"id":92761,"url":"https:\/\/www.24baires.com\/?p=92761","url_meta":{"origin":80319,"position":1},"title":"Macha present\u00f3 un amparo para frenar la convocatoria a voluntarios","author":"GB","date":"02\/03\/2017","format":false,"excerpt":"La senadora kirchnerista calific\u00f3 de \"rid\u00edculo y demag\u00f3gico\" el programa de voluntariado que el Gobierno quiere poner en marcha. \"Son desconocidos, se pone en riesgo la seguridad de los chicos\", afirm\u00f3. Tras la convocatoria que realiz\u00f3 la gobernadora Mar\u00eda Eugenia Vidal, la senadora bonaerense M\u00f3nica Macha (Frente para la Victoria)\u2026","rel":"","context":"En \u00abProvincia\u00bb","block_context":{"text":"Provincia","link":"https:\/\/www.24baires.com\/?cat=40"},"img":{"alt_text":"","src":"https:\/\/i0.wp.com\/www.24baires.com\/wp-content\/uploads\/2014\/12\/M%C3%B3nica-Macha-Nuevo-Encuentro61-fiscal%C3%ADa-violencia.jpg?resize=350%2C200","width":350,"height":200,"srcset":"https:\/\/i0.wp.com\/www.24baires.com\/wp-content\/uploads\/2014\/12\/M%C3%B3nica-Macha-Nuevo-Encuentro61-fiscal%C3%ADa-violencia.jpg?resize=350%2C200 1x, https:\/\/i0.wp.com\/www.24baires.com\/wp-content\/uploads\/2014\/12\/M%C3%B3nica-Macha-Nuevo-Encuentro61-fiscal%C3%ADa-violencia.jpg?resize=525%2C300 1.5x"},"classes":[]},{"id":67819,"url":"https:\/\/www.24baires.com\/?p=67819","url_meta":{"origin":80319,"position":2},"title":"La homofobia mat\u00f3 a dos chicas","author":"AF","date":"19\/06\/2015","format":false,"excerpt":"A veces nos llaman exagerados a los que sostenemos ciertas posturas, donde no admitimos matices ni medias tintas. No porque hagamos un culto obtuso de la intransigencia, sino porque conocemos los riesgos de bajar la guardia. Cuando decimos, por ejemplo, \u201cEl machismo mata\u201d, queremos decir exactamente eso. No es un\u2026","rel":"","context":"En \u00abOpini\u00f3n\u00bb","block_context":{"text":"Opini\u00f3n","link":"https:\/\/www.24baires.com\/?cat=64"},"img":{"alt_text":"leonela g\u00f3mez","src":"https:\/\/i0.wp.com\/www.24baires.com\/wp-content\/uploads\/2015\/06\/leonela-g%C3%B3mez.jpg?resize=350%2C200","width":350,"height":200,"srcset":"https:\/\/i0.wp.com\/www.24baires.com\/wp-content\/uploads\/2015\/06\/leonela-g%C3%B3mez.jpg?resize=350%2C200 1x, https:\/\/i0.wp.com\/www.24baires.com\/wp-content\/uploads\/2015\/06\/leonela-g%C3%B3mez.jpg?resize=525%2C300 1.5x"},"classes":[]},{"id":42962,"url":"https:\/\/www.24baires.com\/?p=42962","url_meta":{"origin":80319,"position":3},"title":"Vecinos \u201cjusticieros\u201d, vecinos asesinos","author":"Grupo Sierra","date":"28\/03\/2014","format":false,"excerpt":"\u201cEl que mata debe morir\u201d, dijo alguna vez Susana Gim\u00e9nez en un rapto de absurda venganza al estilo de la m\u00e1s b\u00e1sica interpretaci\u00f3n de la Ley del Tali\u00f3n. Ahora, el que roba, \u00bftambi\u00e9n debe morir? Un adolescente de 18 a\u00f1os falleci\u00f3 este martes tras permanecer varios d\u00edas internado en estado\u2026","rel":"","context":"En \u00abOpini\u00f3n\u00bb","block_context":{"text":"Opini\u00f3n","link":"https:\/\/www.24baires.com\/?cat=64"},"img":{"alt_text":"vecinos justicieros","src":"https:\/\/i0.wp.com\/www.24baires.com\/wp-content\/uploads\/2014\/03\/vecinos-justicieros.jpg?resize=350%2C200","width":350,"height":200,"srcset":"https:\/\/i0.wp.com\/www.24baires.com\/wp-content\/uploads\/2014\/03\/vecinos-justicieros.jpg?resize=350%2C200 1x, https:\/\/i0.wp.com\/www.24baires.com\/wp-content\/uploads\/2014\/03\/vecinos-justicieros.jpg?resize=525%2C300 1.5x"},"classes":[]},{"id":113852,"url":"https:\/\/www.24baires.com\/?p=113852","url_meta":{"origin":80319,"position":4},"title":"Diez rugbiers detenidos por el asesinato de un joven en Gesell","author":"AF","date":"18\/01\/2020","format":false,"excerpt":"Lleg\u00f3 al Hospital Illia con m\u00faltiples traumatismos y p\u00e9rdida de conocimiento. El hecho ocurri\u00f3 en la madrugada de este s\u00e1bado. La fiscal\u00eda a cargo del caso solicit\u00f3 la revisi\u00f3n de las c\u00e1maras de seguridad de la zona. Un joven de 19 a\u00f1os muri\u00f3 esta madrugada como consecuencia de los golpes\u2026","rel":"","context":"En \u00abLocales\u00bb","block_context":{"text":"Locales","link":"https:\/\/www.24baires.com\/?cat=38"},"img":{"alt_text":"","src":"https:\/\/i0.wp.com\/www.24baires.com\/wp-content\/uploads\/2018\/02\/hospital-villa-gesell.jpg?resize=350%2C200","width":350,"height":200,"srcset":"https:\/\/i0.wp.com\/www.24baires.com\/wp-content\/uploads\/2018\/02\/hospital-villa-gesell.jpg?resize=350%2C200 1x, https:\/\/i0.wp.com\/www.24baires.com\/wp-content\/uploads\/2018\/02\/hospital-villa-gesell.jpg?resize=525%2C300 1.5x"},"classes":[]},{"id":44019,"url":"https:\/\/www.24baires.com\/?p=44019","url_meta":{"origin":80319,"position":5},"title":"Madres del Paco: \u00abEst\u00e1n agarrando a los pibes m\u00e1s vulnerables\u00bb","author":"Grupo Sierra","date":"16\/04\/2014","format":false,"excerpt":"Alicia Romero, Integrante de Madres Contra el Paco, sostuvo que hay reclutadores de chicos en situaci\u00f3n de calle que est\u00e1n creciendo en cantidad cada vez m\u00e1s: \"Les ofrecen trabajo, zapatillas, lo que quieran a cambio que traccionen el paco, y los pibes van perdiendo sus casas\". Al respecto cont\u00f3 que\u2026","rel":"","context":"En \u00abSociedad\u00bb","block_context":{"text":"Sociedad","link":"https:\/\/www.24baires.com\/?cat=1"},"img":{"alt_text":"droga escuela","src":"https:\/\/i0.wp.com\/www.24baires.com\/wp-content\/uploads\/2013\/08\/droga-escuela.jpg?resize=350%2C200","width":350,"height":200,"srcset":"https:\/\/i0.wp.com\/www.24baires.com\/wp-content\/uploads\/2013\/08\/droga-escuela.jpg?resize=350%2C200 1x, https:\/\/i0.wp.com\/www.24baires.com\/wp-content\/uploads\/2013\/08\/droga-escuela.jpg?resize=525%2C300 1.5x"},"classes":[]}],"jetpack_sharing_enabled":true,"jetpack_likes_enabled":true,"_links":{"self":[{"href":"https:\/\/www.24baires.com\/index.php?rest_route=\/wp\/v2\/posts\/80319","targetHints":{"allow":["GET"]}}],"collection":[{"href":"https:\/\/www.24baires.com\/index.php?rest_route=\/wp\/v2\/posts"}],"about":[{"href":"https:\/\/www.24baires.com\/index.php?rest_route=\/wp\/v2\/types\/post"}],"author":[{"embeddable":true,"href":"https:\/\/www.24baires.com\/index.php?rest_route=\/wp\/v2\/users\/4"}],"replies":[{"embeddable":true,"href":"https:\/\/www.24baires.com\/index.php?rest_route=%2Fwp%2Fv2%2Fcomments&post=80319"}],"version-history":[{"count":1,"href":"https:\/\/www.24baires.com\/index.php?rest_route=\/wp\/v2\/posts\/80319\/revisions"}],"predecessor-version":[{"id":80322,"href":"https:\/\/www.24baires.com\/index.php?rest_route=\/wp\/v2\/posts\/80319\/revisions\/80322"}],"wp:attachment":[{"href":"https:\/\/www.24baires.com\/index.php?rest_route=%2Fwp%2Fv2%2Fmedia&parent=80319"}],"wp:term":[{"taxonomy":"category","embeddable":true,"href":"https:\/\/www.24baires.com\/index.php?rest_route=%2Fwp%2Fv2%2Fcategories&post=80319"},{"taxonomy":"post_tag","embeddable":true,"href":"https:\/\/www.24baires.com\/index.php?rest_route=%2Fwp%2Fv2%2Ftags&post=80319"}],"curies":[{"name":"wp","href":"https:\/\/api.w.org\/{rel}","templated":true}]}}