{"id":8009,"date":"2012-12-05T16:15:43","date_gmt":"2012-12-05T19:15:43","guid":{"rendered":"http:\/\/www.24baires.com\/?p=8009"},"modified":"2012-12-05T15:27:39","modified_gmt":"2012-12-05T18:27:39","slug":"docentes-bonaerenses-recibiran-una-guia-para-actuar-frente-a-hechos-de-violencia","status":"publish","type":"post","link":"https:\/\/www.24baires.com\/?p=8009","title":{"rendered":"Docentes bonaerenses recibir\u00e1n una gu\u00eda para actuar frente a hechos de violencia"},"content":{"rendered":"<p>La Direcci\u00f3n de Educaci\u00f3n bonaerense lanz\u00f3 recientemente una gu\u00eda de actuaci\u00f3n para situaciones conflictivas que ser\u00e1 distribuida en todas las escuelas de la Provincia, a fin de que los docentes tengan una gu\u00eda para intervenir en este tipo de hechos.<!--more--><\/p>\n<p>Ante el creciente nivel de violencia del que las escuelas son escenario en los \u00faltimos a\u00f1os, la iniciativa, que fue articulada con otros organismos del Estado provincial, busca la contenci\u00f3n y protecci\u00f3n de alumnos y docentes en todos los niveles educativos.<\/p>\n<p>Entre las \u00e1reas que participaron del proyecto junto a Educaci\u00f3n figuran la Secretar\u00eda de Ni\u00f1ez, el ministerio de Seguridad y Justicia, el ministerio de Salud y la ONG Mar\u00eda Pueblo, abocada a situaciones de violencia familiar.<\/p>\n<p>\u201cNo hay recetas \u00fanicas para la intervenci\u00f3n de los docentes ante situaciones de violencia o conflicto, pero s\u00ed una orientaci\u00f3n que permita contenerlos a ellos y ellos a los chicos\u201d, explica la directora de Psicolog\u00eda Comunitaria y Pedagog\u00eda Social de la Direcci\u00f3n de Escuelas, Eliana V\u00e1zquez, a cargo del proyecto.<\/p>\n<p>V\u00e1zquez subray\u00f3 que todos los organismos del Estado son corresponsables en estos hechos de conflicto: \u201cLa escuela no debe derivar sino tratar el problema en un trabajo articulado con distintas \u00e1reas\u201d.<\/p>\n<p>Y sobre la gu\u00eda, que es la \u00fanica en todo el pa\u00eds, agreg\u00f3: \u201cBuscamos que determinadas cosas no sucedan; pero si suceden, que la situaci\u00f3n no devaste a la escuela, que el docente tenga una herramienta para poder actuar\u201d.<\/p>\n<p>Entre distintos ejemplos de situaciones conflictivas frente a las que puede verse un docente se encuentran las de violencia familiar y maltrato infanto juvenil, problema por el que docente debe recurrir al Servicio local de Promoci\u00f3n y Protecci\u00f3n de los Derechos de los Ni\u00f1os, que depende la secretar\u00eda de Ni\u00f1ez.<\/p>\n<p>En otros casos, como el de chicos sometidos a trabajo, debe dar lugar a la intervenci\u00f3n y el trabajo mancomunado con el ministerio de Trabajo bonaerense.<\/p>\n<p>V\u00e1zquez explica que entre los temas de orientaci\u00f3n que se\u00f1ala la gu\u00eda tambi\u00e9n se encuentra el de la presencia de un arma de fuego en el aula, ante lo que el maestro debe intentar hablar con el alumno para poder hacerse del arma antes de la intervenci\u00f3n de la Polic\u00eda, pero insiste en que es s\u00f3lo un \u00edtem entre muchas otras circunstancias, desde conflicto entre adultos, conflicto entre adultos y menores, el fallecimiento de una persona, un intento de suicidio y abuso sexual y trata de personas.<\/p>\n<p>Si bien admite que la cantidad de hechos violentos ha crecido en las escuelas, tambi\u00e9n subraya que \u201cson manifestaciones del conflicto social, la violencia no se genera en la escuela sino que la escuela es un lugar m\u00e1s donde se vive esa violencia\u201d.<\/p>\n<p>Y remarca: \u201cA pesar de cualquier situaci\u00f3n, los docentes hacen muchas cosas para que los chicos elijan ir a la escuela, asumen y se enfrentan a cosas que antes no pasaban, pero nunca solos, siempre en el marco de un trabajo interministerial\u201d.<\/p>\n","protected":false},"excerpt":{"rendered":"<p>La Direcci\u00f3n de Educaci\u00f3n bonaerense lanz\u00f3 recientemente una gu\u00eda de actuaci\u00f3n para situaciones conflictivas que ser\u00e1 distribuida en todas las escuelas de la Provincia, a fin de que los docentes tengan una gu\u00eda para intervenir en este tipo de hechos.<\/p>\n","protected":false},"author":4,"featured_media":0,"comment_status":"open","ping_status":"open","sticky":false,"template":"","format":"standard","meta":{"_jetpack_newsletter_access":"","_jetpack_dont_email_post_to_subs":false,"_jetpack_newsletter_tier_id":0,"_jetpack_memberships_contains_paywalled_content":false,"_jetpack_memberships_contains_paid_content":false,"footnotes":""},"categories":[1],"tags":[],"class_list":["post-8009","post","type-post","status-publish","format-standard","hentry","category-sociedad"],"jetpack_featured_media_url":"","jetpack_shortlink":"https:\/\/wp.me\/p2JWE0-25b","jetpack-related-posts":[{"id":97425,"url":"https:\/\/www.24baires.com\/?p=97425","url_meta":{"origin":8009,"position":0},"title":"SUTEBA se reuni\u00f3 con Ritondo para poner un \u201cfreno al accionar represivo de la polic\u00eda en las escuelas\u201d","author":"GB","date":"14\/09\/2017","format":false,"excerpt":"El titular del gremio docente, Roberto Baradel, se reuni\u00f3 con el Ministro de Seguridad de la provincia de Buenos Aires. Acordaron elaborar un protocolo en los cuales la polic\u00eda podr\u00eda intervenir en los establecimientos educativos. El mi\u00e9rcoles, el secretario general del SUTEBA, Roberto Baradel, se reuni\u00f3 con el Ministro de\u2026","rel":"","context":"En \u00abProvincia\u00bb","block_context":{"text":"Provincia","link":"https:\/\/www.24baires.com\/?cat=40"},"img":{"alt_text":"","src":"https:\/\/i0.wp.com\/www.24baires.com\/wp-content\/uploads\/2017\/09\/baradel-ritondo.jpg?resize=350%2C200","width":350,"height":200,"srcset":"https:\/\/i0.wp.com\/www.24baires.com\/wp-content\/uploads\/2017\/09\/baradel-ritondo.jpg?resize=350%2C200 1x, https:\/\/i0.wp.com\/www.24baires.com\/wp-content\/uploads\/2017\/09\/baradel-ritondo.jpg?resize=525%2C300 1.5x"},"classes":[]},{"id":120146,"url":"https:\/\/www.24baires.com\/?p=120146","url_meta":{"origin":8009,"position":1},"title":"Docentes fueron a Educaci\u00f3n con reclamos \u00aburgentes\u00bb","author":"GB","date":"02\/06\/2023","format":false,"excerpt":"El Frente de Unidad Docente Bonaerense present\u00f3 una nota en la Direcci\u00f3n General de Cultura y Educaci\u00f3n con cuatro demandas. Como lo hab\u00edan anticipado, ayer el Frente de Unidad Docente Bonaerense (FUDB) realiz\u00f3 una presentaci\u00f3n formal ante la Direcci\u00f3n General de Cultura y Educaci\u00f3n de Alberto Sileoni. Los gremios est\u00e1n\u2026","rel":"","context":"En \u00abProvincia\u00bb","block_context":{"text":"Provincia","link":"https:\/\/www.24baires.com\/?cat=40"},"img":{"alt_text":"","src":"https:\/\/i0.wp.com\/www.24baires.com\/wp-content\/uploads\/2023\/06\/fueb-docentes.webp?resize=350%2C200","width":350,"height":200,"srcset":"https:\/\/i0.wp.com\/www.24baires.com\/wp-content\/uploads\/2023\/06\/fueb-docentes.webp?resize=350%2C200 1x, https:\/\/i0.wp.com\/www.24baires.com\/wp-content\/uploads\/2023\/06\/fueb-docentes.webp?resize=525%2C300 1.5x, https:\/\/i0.wp.com\/www.24baires.com\/wp-content\/uploads\/2023\/06\/fueb-docentes.webp?resize=700%2C400 2x"},"classes":[]},{"id":118283,"url":"https:\/\/www.24baires.com\/?p=118283","url_meta":{"origin":8009,"position":2},"title":"Gremios docentes y autoridades se reunieron para buscar soluciones a la violencia escolar","author":"GB","date":"30\/11\/2021","format":false,"excerpt":"El FUDB hab\u00eda solicitado la reuni\u00f3n frente al aumento de la violencia escolar en el mar de la vuelta a la presencialidad Este lunes se realiz\u00f3 la reuni\u00f3n interministerial solicitada por el Frente de Unidad Docente Bonaerense (FUDB), con el fin abordar de manera integral las situaciones de violencia escolar\u2026","rel":"","context":"En \u00abProvincia\u00bb","block_context":{"text":"Provincia","link":"https:\/\/www.24baires.com\/?cat=40"},"img":{"alt_text":"","src":"https:\/\/i0.wp.com\/www.24baires.com\/wp-content\/uploads\/2021\/11\/fub.jpeg?resize=350%2C200","width":350,"height":200,"srcset":"https:\/\/i0.wp.com\/www.24baires.com\/wp-content\/uploads\/2021\/11\/fub.jpeg?resize=350%2C200 1x, https:\/\/i0.wp.com\/www.24baires.com\/wp-content\/uploads\/2021\/11\/fub.jpeg?resize=525%2C300 1.5x"},"classes":[]},{"id":103895,"url":"https:\/\/www.24baires.com\/?p=103895","url_meta":{"origin":8009,"position":3},"title":"Docentes bonaerenses marchan a la Direcci\u00f3n de Escuelas","author":"GB","date":"15\/08\/2018","format":false,"excerpt":"Junto a estatales, el Frente de Unidad Docente reclamar\u00e1 frente a la cartera educativa \"soluciones urgentes\" para la crisis de infraestructura y el servicio de comedores escolares. Los gremios docentes y los estatales bonaerenses marchan en estos momentos a la Direcci\u00f3n General de Escuelas para reclamar \"mejoras urgentes\" en materia\u2026","rel":"","context":"En \u00abProvincia\u00bb","block_context":{"text":"Provincia","link":"https:\/\/www.24baires.com\/?cat=40"},"img":{"alt_text":"","src":"https:\/\/i0.wp.com\/www.24baires.com\/wp-content\/uploads\/2018\/06\/docentes-en-lucha.jpg?resize=350%2C200","width":350,"height":200,"srcset":"https:\/\/i0.wp.com\/www.24baires.com\/wp-content\/uploads\/2018\/06\/docentes-en-lucha.jpg?resize=350%2C200 1x, https:\/\/i0.wp.com\/www.24baires.com\/wp-content\/uploads\/2018\/06\/docentes-en-lucha.jpg?resize=525%2C300 1.5x"},"classes":[]},{"id":108639,"url":"https:\/\/www.24baires.com\/?p=108639","url_meta":{"origin":8009,"position":4},"title":"Docentes bonaerenses denuncian que Vidal no cumple la paritaria","author":"AF","date":"07\/06\/2019","format":false,"excerpt":"Los docentes bonaerenses agrupados en Suteba y en la FEB denunciaron el incumplimiento del acuerdo paritario por parte del gobierno de Mar\u00eda Eugenia Vidal por un descuento \"indiscriminado\" de los d\u00edas de paro. \"Considerando el car\u00e1cter alimentario que tiene el salario de los docentes, exigimos una urgente devoluci\u00f3n de los\u2026","rel":"","context":"En \u00abSociedad\u00bb","block_context":{"text":"Sociedad","link":"https:\/\/www.24baires.com\/?cat=1"},"img":{"alt_text":"","src":"https:\/\/i0.wp.com\/www.24baires.com\/wp-content\/uploads\/2018\/10\/baradel.jpg?resize=350%2C200","width":350,"height":200,"srcset":"https:\/\/i0.wp.com\/www.24baires.com\/wp-content\/uploads\/2018\/10\/baradel.jpg?resize=350%2C200 1x, https:\/\/i0.wp.com\/www.24baires.com\/wp-content\/uploads\/2018\/10\/baradel.jpg?resize=525%2C300 1.5x"},"classes":[]},{"id":122695,"url":"https:\/\/www.24baires.com\/?p=122695","url_meta":{"origin":8009,"position":5},"title":"Mar del Plata: gremios docentes lazan un paro distrital por la violencia en las escuelas","author":"GB","date":"12\/11\/2025","format":false,"excerpt":"La decisi\u00f3n se tom\u00f3 tras lo ocurrido en el barrio Jorge Newbery donde familiares de dos nenas presuntamente abusadas por un alumno causaron destrozos. Tras la violenta situaci\u00f3n ocurrida este martes en una escuela de Mar del Plata, donde familiares de dos alumnas realizaron destrozos tras denunciar que un alumno\u2026","rel":"","context":"En \u00abMunicipios\u00bb","block_context":{"text":"Municipios","link":"https:\/\/www.24baires.com\/?cat=44"},"img":{"alt_text":"","src":"https:\/\/i0.wp.com\/www.24baires.com\/wp-content\/uploads\/2025\/11\/violencia-en-escuelas.webp?resize=350%2C200","width":350,"height":200,"srcset":"https:\/\/i0.wp.com\/www.24baires.com\/wp-content\/uploads\/2025\/11\/violencia-en-escuelas.webp?resize=350%2C200 1x, https:\/\/i0.wp.com\/www.24baires.com\/wp-content\/uploads\/2025\/11\/violencia-en-escuelas.webp?resize=525%2C300 1.5x, https:\/\/i0.wp.com\/www.24baires.com\/wp-content\/uploads\/2025\/11\/violencia-en-escuelas.webp?resize=700%2C400 2x"},"classes":[]}],"jetpack_sharing_enabled":true,"jetpack_likes_enabled":true,"_links":{"self":[{"href":"https:\/\/www.24baires.com\/index.php?rest_route=\/wp\/v2\/posts\/8009","targetHints":{"allow":["GET"]}}],"collection":[{"href":"https:\/\/www.24baires.com\/index.php?rest_route=\/wp\/v2\/posts"}],"about":[{"href":"https:\/\/www.24baires.com\/index.php?rest_route=\/wp\/v2\/types\/post"}],"author":[{"embeddable":true,"href":"https:\/\/www.24baires.com\/index.php?rest_route=\/wp\/v2\/users\/4"}],"replies":[{"embeddable":true,"href":"https:\/\/www.24baires.com\/index.php?rest_route=%2Fwp%2Fv2%2Fcomments&post=8009"}],"version-history":[{"count":2,"href":"https:\/\/www.24baires.com\/index.php?rest_route=\/wp\/v2\/posts\/8009\/revisions"}],"predecessor-version":[{"id":8011,"href":"https:\/\/www.24baires.com\/index.php?rest_route=\/wp\/v2\/posts\/8009\/revisions\/8011"}],"wp:attachment":[{"href":"https:\/\/www.24baires.com\/index.php?rest_route=%2Fwp%2Fv2%2Fmedia&parent=8009"}],"wp:term":[{"taxonomy":"category","embeddable":true,"href":"https:\/\/www.24baires.com\/index.php?rest_route=%2Fwp%2Fv2%2Fcategories&post=8009"},{"taxonomy":"post_tag","embeddable":true,"href":"https:\/\/www.24baires.com\/index.php?rest_route=%2Fwp%2Fv2%2Ftags&post=8009"}],"curies":[{"name":"wp","href":"https:\/\/api.w.org\/{rel}","templated":true}]}}