{"id":80083,"date":"2016-03-13T14:00:03","date_gmt":"2016-03-13T17:00:03","guid":{"rendered":"http:\/\/www.24baires.com\/?p=80083"},"modified":"2016-03-13T10:39:05","modified_gmt":"2016-03-13T13:39:05","slug":"indio-solari-tengo-un-parkinson-que-me-esta-pisando-los-talones","status":"publish","type":"post","link":"https:\/\/www.24baires.com\/?p=80083","title":{"rendered":"Indio Solari: \u00abTengo un Parkinson que me est\u00e1 pisando los talones\u00bb"},"content":{"rendered":"<p><img data-recalc-dims=\"1\" loading=\"lazy\" decoding=\"async\" src=\"https:\/\/i0.wp.com\/www.24baires.com\/wp-content\/uploads\/2016\/03\/indio.jpg?resize=560%2C370\" alt=\"indio\" width=\"560\" height=\"370\" class=\"aligncenter size-full wp-image-80084\" srcset=\"https:\/\/i0.wp.com\/www.24baires.com\/wp-content\/uploads\/2016\/03\/indio.jpg?w=560&amp;ssl=1 560w, https:\/\/i0.wp.com\/www.24baires.com\/wp-content\/uploads\/2016\/03\/indio.jpg?resize=300%2C198&amp;ssl=1 300w\" sizes=\"auto, (max-width: 560px) 100vw, 560px\" \/>El m\u00fasico inicio su show en el Hip\u00f3dromo de Tandil a las 21.05 y sorprendi\u00f3 a sus fan\u00e1ticos con un fuerte mensaje. M\u00e1s de 200 mil espectadores se acercaron a la ciudad para vivir el primer show del 2016 del m\u00edtico cantante.<!--more--><\/p>\n<p>\u00abAnda circulando una versi\u00f3n de que estoy enfermo, y es verdad. Mister Parkinson me est\u00e1 pisando los talones, pero ac\u00e1 estoy\u00bb, fueron las primeras palabras de \u00abEl Indio\u00bb Solari al subir al escenario del Hip\u00f3dromo de Tandil, pasadas las 21:05 de este s\u00e1bado.<\/p>\n<p>Luego de su declaraci\u00f3n lleg\u00f3 la ovaci\u00f3n por parte de los m\u00e1s de 200.000 espectadores que se acercaron a vivir el show en Tandil. Unos minutos despu\u00e9s, a las 21:30 en punto y tal cual hab\u00eda sido anunciado, sonaron los acordes del primer tema musical <\/p>\n","protected":false},"excerpt":{"rendered":"<p>El m\u00fasico inicio su show en el Hip\u00f3dromo de Tandil a las 21.05 y sorprendi\u00f3 a sus fan\u00e1ticos con un fuerte mensaje. M\u00e1s de 200 mil espectadores se acercaron a la ciudad para vivir el primer show del 2016 del m\u00edtico cantante.<\/p>\n","protected":false},"author":8,"featured_media":0,"comment_status":"open","ping_status":"open","sticky":false,"template":"","format":"standard","meta":{"_jetpack_newsletter_access":"","_jetpack_dont_email_post_to_subs":false,"_jetpack_newsletter_tier_id":0,"_jetpack_memberships_contains_paywalled_content":false,"_jetpack_memberships_contains_paid_content":false,"footnotes":""},"categories":[41],"tags":[],"class_list":["post-80083","post","type-post","status-publish","format-standard","hentry","category-espectaculos"],"jetpack_featured_media_url":"","jetpack_shortlink":"https:\/\/wp.me\/p2JWE0-kPF","jetpack-related-posts":[{"id":27209,"url":"https:\/\/www.24baires.com\/?p=27209","url_meta":{"origin":80083,"position":0},"title":"El pr\u00f3ximo 9 de julio se estrenar\u00e1 un documental sobre el Indio Solari","author":"AF","date":"29\/06\/2013","format":false,"excerpt":"El pr\u00f3ximo 9 de julio, a trav\u00e9s de Vorterix, se estrena oficialmente Piedra que late. El documental dirigido por Julio Leiva que retrata uno de los multitudinarios shows del ex-cantante de los Redondos en Tandil. A dos meses del desembarco del Indio Solari en Mendoza, en el \u00fanico concierto que\u2026","rel":"","context":"En \u00abEspectaculos\u00bb","block_context":{"text":"Espectaculos","link":"https:\/\/www.24baires.com\/?cat=41"},"img":{"alt_text":"indio solari","src":"https:\/\/i0.wp.com\/www.24baires.com\/wp-content\/uploads\/2013\/06\/indio-solari.jpg?resize=350%2C200","width":350,"height":200,"srcset":"https:\/\/i0.wp.com\/www.24baires.com\/wp-content\/uploads\/2013\/06\/indio-solari.jpg?resize=350%2C200 1x, https:\/\/i0.wp.com\/www.24baires.com\/wp-content\/uploads\/2013\/06\/indio-solari.jpg?resize=525%2C300 1.5x"},"classes":[]},{"id":77759,"url":"https:\/\/www.24baires.com\/?p=77759","url_meta":{"origin":80083,"position":1},"title":"Comenz\u00f3 la venta de entradas para el pr\u00f3ximo show del Indio en Tandil","author":"AF","date":"18\/01\/2016","format":false,"excerpt":"A trav\u00e9s del portal Tu Entrada, comienza la cuenta regresiva para su concierto del 12 de marzo en la ciudad serrana. Casi dos meses antes del primer acorde 2016 de los Fundamentalistas del Aire Acondicionado, acaba de largarse la cuenta regresiva. Hace unas horas, a trav\u00e9s del portal Tu Entrada,\u2026","rel":"","context":"En \u00abEspectaculos\u00bb","block_context":{"text":"Espectaculos","link":"https:\/\/www.24baires.com\/?cat=41"},"img":{"alt_text":"indio tandil","src":"https:\/\/i0.wp.com\/www.24baires.com\/wp-content\/uploads\/2016\/01\/indio-tandil.jpg?resize=350%2C200","width":350,"height":200,"srcset":"https:\/\/i0.wp.com\/www.24baires.com\/wp-content\/uploads\/2016\/01\/indio-tandil.jpg?resize=350%2C200 1x, https:\/\/i0.wp.com\/www.24baires.com\/wp-content\/uploads\/2016\/01\/indio-tandil.jpg?resize=525%2C300 1.5x"},"classes":[]},{"id":29850,"url":"https:\/\/www.24baires.com\/?p=29850","url_meta":{"origin":80083,"position":2},"title":"Salen a la venta 50 mil nuevas entradas para el recital del Indio Solari","author":"GB","date":"09\/08\/2013","format":false,"excerpt":"El gobernador de Mendoza, Francisco P\u00e9rez, anunci\u00f3 que el recital del Indio cambi\u00f3 otra vez de sede y se realizar\u00e1 el 14 de septiembre en el Aut\u00f3dromo del departamento de San Mart\u00edn, a 50 kil\u00f3metros de la capital provincial. El recital de que Carlos \"El Indio\" Solari cambi\u00f3 nuevamente de\u2026","rel":"","context":"En \u00abEspectaculos\u00bb","block_context":{"text":"Espectaculos","link":"https:\/\/www.24baires.com\/?cat=41"},"img":{"alt_text":"Indio Solari","src":"https:\/\/i0.wp.com\/www.24baires.com\/wp-content\/uploads\/2013\/08\/Indio-Solari.jpg?resize=350%2C200","width":350,"height":200,"srcset":"https:\/\/i0.wp.com\/www.24baires.com\/wp-content\/uploads\/2013\/08\/Indio-Solari.jpg?resize=350%2C200 1x, https:\/\/i0.wp.com\/www.24baires.com\/wp-content\/uploads\/2013\/08\/Indio-Solari.jpg?resize=525%2C300 1.5x"},"classes":[]},{"id":92980,"url":"https:\/\/www.24baires.com\/?p=92980","url_meta":{"origin":80083,"position":3},"title":"Olavarr\u00eda: todo listo para el recital anual del Indio Solari","author":"AF","date":"11\/03\/2017","format":false,"excerpt":"Carlos \u201cEl Indio\u201d Solari ofrecer\u00e1 este s\u00e1bado, a las 21.30, su show anual en el Predio Rural La Colmena. Ser\u00e1 en medio de rumores sobre la posibilidad de que se trate de su \u00faltimo concierto, debido a problemas de salud. Carlos \u201cEl Indio\u201d Solari ofrecer\u00e1 este s\u00e1bado, a las 21.30,\u2026","rel":"","context":"En \u00abSociedad\u00bb","block_context":{"text":"Sociedad","link":"https:\/\/www.24baires.com\/?cat=1"},"img":{"alt_text":"","src":"https:\/\/i0.wp.com\/www.24baires.com\/wp-content\/uploads\/2016\/03\/indio.jpg?resize=350%2C200","width":350,"height":200,"srcset":"https:\/\/i0.wp.com\/www.24baires.com\/wp-content\/uploads\/2016\/03\/indio.jpg?resize=350%2C200 1x, https:\/\/i0.wp.com\/www.24baires.com\/wp-content\/uploads\/2016\/03\/indio.jpg?resize=525%2C300 1.5x"},"classes":[]},{"id":54449,"url":"https:\/\/www.24baires.com\/?p=54449","url_meta":{"origin":80083,"position":4},"title":"Comenz\u00f3 la venta de entradas para el show del Indio Solari en Mendoza","author":"AF","date":"29\/09\/2014","format":false,"excerpt":"Desde este lunes, comenz\u00f3 el expendio de entradas en 13 puntos de venta del pa\u00eds para el segundo show que el Indio Solari ofrecer\u00e1 el pr\u00f3ximo 13 de diciembre en el aut\u00f3dromo Jorge \u00c1ngel Pena, en San Mart\u00edn. En Mendoza auguran que concurrir\u00e1n m\u00e1s personas que las 120.000 que asistieron\u2026","rel":"","context":"En \u00abEspectaculos\u00bb","block_context":{"text":"Espectaculos","link":"https:\/\/www.24baires.com\/?cat=41"},"img":{"alt_text":"indio","src":"https:\/\/i0.wp.com\/www.24baires.com\/wp-content\/uploads\/2014\/05\/indio.jpg?resize=350%2C200","width":350,"height":200,"srcset":"https:\/\/i0.wp.com\/www.24baires.com\/wp-content\/uploads\/2014\/05\/indio.jpg?resize=350%2C200 1x, https:\/\/i0.wp.com\/www.24baires.com\/wp-content\/uploads\/2014\/05\/indio.jpg?resize=525%2C300 1.5x"},"classes":[]},{"id":40118,"url":"https:\/\/www.24baires.com\/?p=40118","url_meta":{"origin":80083,"position":5},"title":"El pogo \u00abm\u00e1s grande del mundo\u00bb llega a Entre R\u00edos","author":"Grupo Sierra","date":"09\/02\/2014","format":false,"excerpt":"El Indio Solari, ex l\u00edder de Los Redondos, se presentar\u00e1 por primera vez en la provincia de Entre R\u00edos el pr\u00f3ximo 12 de abril cuando muestre en vivo en la ciudad de Gualeguaych\u00fa \u201cPajaritos, bravos muchachitos\u201d, su m\u00e1s reciente material discogr\u00e1fico. Si bien no hubo precisiones posteriores acerca del concierto,\u2026","rel":"","context":"En \u00abEspectaculos\u00bb","block_context":{"text":"Espectaculos","link":"https:\/\/www.24baires.com\/?cat=41"},"img":{"alt_text":"INDIO SOLARI","src":"https:\/\/i0.wp.com\/www.24baires.com\/wp-content\/uploads\/2013\/09\/INDIO-SOLARI.jpg?resize=350%2C200","width":350,"height":200,"srcset":"https:\/\/i0.wp.com\/www.24baires.com\/wp-content\/uploads\/2013\/09\/INDIO-SOLARI.jpg?resize=350%2C200 1x, https:\/\/i0.wp.com\/www.24baires.com\/wp-content\/uploads\/2013\/09\/INDIO-SOLARI.jpg?resize=525%2C300 1.5x"},"classes":[]}],"jetpack_sharing_enabled":true,"jetpack_likes_enabled":true,"_links":{"self":[{"href":"https:\/\/www.24baires.com\/index.php?rest_route=\/wp\/v2\/posts\/80083","targetHints":{"allow":["GET"]}}],"collection":[{"href":"https:\/\/www.24baires.com\/index.php?rest_route=\/wp\/v2\/posts"}],"about":[{"href":"https:\/\/www.24baires.com\/index.php?rest_route=\/wp\/v2\/types\/post"}],"author":[{"embeddable":true,"href":"https:\/\/www.24baires.com\/index.php?rest_route=\/wp\/v2\/users\/8"}],"replies":[{"embeddable":true,"href":"https:\/\/www.24baires.com\/index.php?rest_route=%2Fwp%2Fv2%2Fcomments&post=80083"}],"version-history":[{"count":1,"href":"https:\/\/www.24baires.com\/index.php?rest_route=\/wp\/v2\/posts\/80083\/revisions"}],"predecessor-version":[{"id":80085,"href":"https:\/\/www.24baires.com\/index.php?rest_route=\/wp\/v2\/posts\/80083\/revisions\/80085"}],"wp:attachment":[{"href":"https:\/\/www.24baires.com\/index.php?rest_route=%2Fwp%2Fv2%2Fmedia&parent=80083"}],"wp:term":[{"taxonomy":"category","embeddable":true,"href":"https:\/\/www.24baires.com\/index.php?rest_route=%2Fwp%2Fv2%2Fcategories&post=80083"},{"taxonomy":"post_tag","embeddable":true,"href":"https:\/\/www.24baires.com\/index.php?rest_route=%2Fwp%2Fv2%2Ftags&post=80083"}],"curies":[{"name":"wp","href":"https:\/\/api.w.org\/{rel}","templated":true}]}}