{"id":80071,"date":"2016-03-12T17:00:54","date_gmt":"2016-03-12T20:00:54","guid":{"rendered":"http:\/\/www.24baires.com\/?p=80071"},"modified":"2016-03-12T11:23:43","modified_gmt":"2016-03-12T14:23:43","slug":"las-categorias-de-arroyo-el-piloto-de-dios","status":"publish","type":"post","link":"https:\/\/www.24baires.com\/?p=80071","title":{"rendered":"Las categor\u00edas de Arroyo, el piloto de Dios"},"content":{"rendered":"<p><strong><img data-recalc-dims=\"1\" loading=\"lazy\" decoding=\"async\" class=\"aligncenter size-full wp-image-71912\" src=\"https:\/\/i0.wp.com\/www.24baires.com\/wp-content\/uploads\/2015\/09\/arroyo.jpg?resize=560%2C341\" alt=\"arroyo\" width=\"560\" height=\"341\" srcset=\"https:\/\/i0.wp.com\/www.24baires.com\/wp-content\/uploads\/2015\/09\/arroyo.jpg?w=560&amp;ssl=1 560w, https:\/\/i0.wp.com\/www.24baires.com\/wp-content\/uploads\/2015\/09\/arroyo.jpg?resize=300%2C183&amp;ssl=1 300w\" sizes=\"auto, (max-width: 560px) 100vw, 560px\" \/>MAR DEL PLATA &#8211; <\/strong>Luego del esc\u00e1ndalo de repercusiones nacionales que fue la detenci\u00f3n de Emiliano Giri, ahora ex funcionario de Arroyo, podemos tomarnos un ratito para analizar algunas cuestiones. No ser\u00e1 este un texto que opine sobre la situaci\u00f3n judicial del empresario y mano derecha del Intendente, no s\u00f3lo porque esto reci\u00e9n comienza y hay que tener prudencia y responsabilidad en lo que se dice (o escribe), sino porque de eso se encarga la Justicia, esperemos que con independencia. <!--more--><\/p>\n<p>Luego llegar\u00e1 el tiempo de pensar juntos en esta columna qu\u00e9 hizo Giri, si es que lo hizo, pero hoy prefiero avanzar un poco en las declaraciones de Arroyo a dos medios marplatenses, Canal 8 y Radio Brisas. Porque me han dejado consternada, cuando no asustada y un poco indignada. Les cuento por qu\u00e9.<br \/>\nEn dicho canal, consultado sobre el caso Giri, Arroyo manifest\u00f3: \u201cUn funcionario de la jerarqu\u00eda de \u00e9l, que pertenece a una familia muy importante de Mar del Plata, que tiene una s\u00f3lida posici\u00f3n econ\u00f3mica, no se lo detiene a las dos de la ma\u00f1ana\u201d, y agreg\u00f3: \u201cEsto fue innecesario para una persona de esta categor\u00eda\u201d. Bien, es innegable el elitismo que chorrean esas palabras, el desprecio que escupe el intendente con su desparpajo caracter\u00edstico. Parece ser que si uno no viene de una familia \u201cmuy importante\u201d, si no tiene una s\u00f3lida posici\u00f3n econ\u00f3mica, puede ser sacado de su casa a las dos de la ma\u00f1ana por la polic\u00eda, recibiendo un trato que el intendente juzga ingrato, porque su procedencia familiar y su poco o nulo dinero as\u00ed lo justifican.<br \/>\nDuele escuchar a un gobernante hablar de \u201ccategor\u00edas\u201d al referirse a las personas, porque eso demuestra a las claras su estructura de pensamiento, escalonada, donde acomoda a la gente seg\u00fan su \u201cnivel\u201d, sus ingresos y su estatus social. Pero aunque duela hay que o\u00edrlo, no s\u00f3lo porque Arroyo lo dice sin verg\u00fcenza, sino porque es importante entender qu\u00e9 dice cuando dice eso.<br \/>\nEn Brisas repiti\u00f3 palabras m\u00e1s, palabras menos, esa idea absurda, al menos para m\u00ed, donde los escalafones econ\u00f3micos son los separadores que usa para seleccionar qu\u00e9 derechos tenemos unos y cuales otros.<br \/>\n\u201cSi me lo hubieran mandado a m\u00ed, lo llevo yo personalmente\u201d. Dice en la radio, porque, explica, no entiende el procedimiento. Yo no entiendo qui\u00e9n le ten\u00eda que avisar a Arroyo de lo que iba a hacer la Polic\u00eda y la Justicia. Y, m\u00e1s a\u00fan, por qu\u00e9 motivo habr\u00eda que informarle a \u00e9l de ello. Pero, al conocer sus opiniones sobre s\u00ed mismo, no extra\u00f1a que se crea el sheriff del condado, la autoridad m\u00e1xima, cuasi militar.<br \/>\n\u201cToda mi vida estudi\u00e9 estrategia militar. Esto es una batalla, no la guerra. Y en las batallas siempre hay bajas, esto es evidente\u201d, relata confirmando esa presunci\u00f3n. Giri parece ser una baja en su t\u00e1ctica de guerra. Y contin\u00faa diciendo como si hablase a conscriptos y no a vecinos: \u201cYo, 48 horas antes de las elecciones dije que el d\u00eda de las elecciones iba a ser el D\u00eda D. Cuando dije \u201cEl D\u00eda D\u201d era el Desembarco de Normand\u00eda, \u00bfse acuerda de eso? 1944, en las costas de Francia. Se cumpli\u00f3. Gan\u00e9 las elecciones, lleg\u00f3 el D\u00eda D. En ese d\u00eda murieron 30.000 infantes norteamericanos y canadienses para comenzar a luchar contra los nazis, para tirar el muro del atl\u00e1ntico. Fue sangriento, pero fue el comienzo del fin. Nosotros estamos combatiendo, vamos a luchar hasta el final, no tenga ninguna duda\u201d. La lucha contra los nazis comenz\u00f3 mucho antes claro. Yo no me acuerdo, como \u00e9l, pero lo le\u00ed alguna que otra vez. Ni qu\u00e9 decir de los republicanos espa\u00f1oles que luchaban contra el fascismo a\u00fan antes que los norteamericanos contra Hitler. Pero en fin, la coordenada militar en la que Arroyo gusta colocar sus dichos, no s\u00f3lo flaquea en historia, sino que abunda en un mensaje de violencia que cuesta soslayar.<br \/>\n\u201cHay gente que sin t\u00edtulos ni conocimientos de ninguna clase ha dirigido direcciones como Transporte y Tr\u00e1nsito. Una irresponsabilidad absoluta de parte quien los coloc\u00f3 en ese lugar\u201d, contin\u00faa el intendente en di\u00e1logo con la radio, donde nada se le repregunta, donde con un \u201cah\u00e1\u201d lo invitan a seguir hablando. Una pena, hubiera sido interesante saber qu\u00e9 t\u00edtulos ten\u00eda Giri para ocupar la presidencia del EMTUR, o qu\u00e9 sab\u00eda del \u00e1rea de deportes y cultura, que aglutinaron subsumi\u00e9ndolas a turismo.<br \/>\n\u201cA mi nadie me va a exigir nada, y menos gente que no est\u00e9 preparada. Respeto al conocimiento, respeto a los que saben\u201d, se enfada. Lamento comunicarle, se\u00f1or intendente, que cada uno de los habitantes del partido de General Pueyrredon est\u00e1 en \u00f3ptimas condiciones de exigirle, aunque muchos quiz\u00e1 no tengan t\u00edtulos. El voto es soberano, y la democracia sigue siendo el poder del pueblo, que delegamos con el voto en nuestros representantes. Podemos y debemos exigirle todo.<br \/>\nOtro punto que quiero destacar es uno que siempre me genera molestia, como una piedrecita en el zapato: \u201cA m\u00ed no me importa el gobierno, no me importa la pol\u00edtica\u201d, dice Arroyo, quien hace pol\u00edtica hace d\u00e9cadas, quien es el principal funcionario del gobierno de Mar del Plata y Bat\u00e1n. La antipol\u00edtica, muy com\u00fan en las declaraciones de los referentes de Cambiemos, es una moneda peligrosa a invertir, porque as\u00ed es como luego nos gobiernan los CEOS de empresas, que nada tienen que ver con los intereses populares, y nada hacen por ellos. La pol\u00edtica no es mala palabra, es la mejor herramienta para transformar la sociedad, todo depende de c\u00f3mo se utilice esa herramienta. Que, claro est\u00e1, tanto Arroyo como todos los que, desde la pol\u00edtica, afirman que no les interesa la pol\u00edtica, usan.<br \/>\nLuego, casi sin poder alejarse m\u00e1s de dos frases de los comentarios b\u00e9licos, afirma: \u201cYo soy como esos soldados de guerra, \u00bfvio?: cuanto m\u00e1s heridas, y cicatrizan r\u00e1pido, m\u00e1s duro me hago. Esto es simplemente una batalla, pero la guerra reci\u00e9n empez\u00f3. Hemos bajado en Normand\u00eda, algunas bajas no significan que vamos a perder la guerra. Ahora comienza el avance sobre la capital enemiga\u201d.<br \/>\nConsultado sobre si hab\u00eda tomado contacto con la Gobernadora, dijo que \u201cNo es fundamental, la batalla la voy a dirigir yo, la voy a llevar yo al frente. La Gobernadora tendr\u00e1 que ayudar o no s\u00e9&#8230; ser espectadora\u201d. Y contin\u00faa: \u201cYo tengo un lema: &#8216;Dios es mi copiloto&#8217;, \u00bfentiende? Yo soy el piloto de un gran avi\u00f3n. Mi copiloto es Dios\u201d. Si entiende, que explique, por favor. Me confunde el juego de palabras que existe cuando hace referencias a ser el piloto, porque se me viene a la mente ese gastado sobretodo azul.<br \/>\nSigamos. \u201cEn todas las \u00e1reas de control (\u2026) tengo gente de primer\u00edsimo nivel y todos profesionales y especialistas. Absolutamente probados y recontracomprobados en cuanto a su honestidad y capacidad. En las dem\u00e1s \u00e1reas tengo la mejor gente que pude conseguir\u201d. Otra vez me apena que no haya repreguntas, porque ser\u00eda interesante que nos cuente si en esa lista de probos y honrados profesionales de gran nivel se encuentran Emiliano Giri y Miguel Guzm\u00e1n, desplazado recientemente de su cargo en el Emvial (Ente Municipal de Vialidad y Alumbrado ) por corrupci\u00f3n.<br \/>\nLuego habla de su proyecto de ciudad, que asegura que muchos no entienden, pero que \u00e9l no explica. Quiz\u00e1 contin\u00faa con esa idea asombrosa que estamp\u00f3 en plena campa\u00f1a: que no contaba sus proyectos porque se los iban a robar. Ocurre que ya gan\u00f3, gobierna hace m\u00e1s de tres meses. Ahora es \u00e9l, con su equipo de especialistas de primera y los otros que pudo conseguir, quienes deben llevar adelante los destinos del municipio. No estar\u00eda mal que los habitantes de General Pueyrredon sepamos de qu\u00e9 trata ese proyecto tan fant\u00e1stico, incomprendido y secreto. Nosotros y la Gobernadora, que de seguro no gusta de ser una simple espectadora de lo que ocurre en la ciudad vidriera de la Provincia de Buenos Aires.<br \/>\n\u201cYo tengo un equipo de gente que no es muy numeroso, pero es gente que siente la bandera. Nosotros luchamos por algo m\u00e1s que la ciudad, tenemos la bandera celeste y blanca\u201d. Se escucha un nuevo \u201cah\u00e1\u201d&#8230; yo no me animo a escribir m\u00e1s que otro ah\u00e1.<br \/>\n\u201cSin un centavo se han hecho cosas, como todo lo que logr\u00f3 el Doctor Blanco, la reparaci\u00f3n de distintas&#8230; y esto contin\u00faa, porque ahora la se\u00f1ora Sonia Fava va a reparar una parte de una unidad sanitaria&#8230; y otras personas m\u00e1s van a hacer otras cosas m\u00e1s&#8230; Ac\u00e1 hay todo un trabajo que es extraordinario. (\u2026) Yo me acuerdo de un tipo que compr\u00f3 \u00e1lamos y los pag\u00f3 40 millones de pesos cada uno, cosas as\u00ed, barbaridades\u201d. Dixit. Palabra por palabra. \u00bfQu\u00e9 hizo Blanco? \u00bfPor qu\u00e9 y c\u00f3mo una empresaria va a arreglar dependencias municipales? \u00bfQu\u00e9 otras personas har\u00e1n qu\u00e9 cosas? Y, sobre todo, \u00bfQui\u00e9n compr\u00f3 \u00e1lamos tan caros y c\u00f3mo no nos dimos ni cuenta? Las repreguntas, ay, ay, ay. Ah\u00e1. Ah\u00e1. Ah\u00e1. Supongo que cada uno pregunta lo que quiere saber, o prefieren que Arroyo les siga dando notas, sabiendo que no es af\u00edn a responder consultas que lo incomoden. O eligen que cada uno saque sus propias conclusiones, que es lo que me propongo hacer en este simple an\u00e1lisis.<br \/>\n\u201cTenga en cuenta que yo hablo con radios independientes, no se olvide de eso, je je je\u201d, finaliza la entrevista el intendente entre risitas, poniendo en un brete al entrevistador, que no sabe si aceptar o no el halago. A m\u00ed me resulta inaceptable que hable as\u00ed de los medios a los que no le concede notas, medios chicos, esforzados y abiertos a todas las voces, por ejemplo. Pero bueno, si les hago una lista de las cosas que dijo que me resultan inaceptables, me extender\u00eda mucho. O capaz ya hice esa lista desde el t\u00edtulo hasta ac\u00e1, pienso mientras miro a izquierda y derecha: no tengo copiloto y poseo apenas un t\u00edtulo terciario. En la categorizaci\u00f3n de Arroyo quiz\u00e1 ni siquiera puedo opinar estas l\u00edneas. Qui\u00e9n sabe. Ah\u00e1.<\/p>\n","protected":false},"excerpt":{"rendered":"<p>MAR DEL PLATA &#8211; Luego del esc\u00e1ndalo de repercusiones nacionales que fue la detenci\u00f3n de Emiliano Giri, ahora ex funcionario de Arroyo, podemos tomarnos un ratito para analizar algunas cuestiones. No ser\u00e1 este un texto que opine sobre la situaci\u00f3n judicial del empresario y mano derecha del Intendente, no s\u00f3lo porque esto reci\u00e9n comienza y hay que tener prudencia y [&#8230;]<\/p>\n","protected":false},"author":4,"featured_media":0,"comment_status":"open","ping_status":"open","sticky":false,"template":"","format":"standard","meta":{"_jetpack_newsletter_access":"","_jetpack_dont_email_post_to_subs":false,"_jetpack_newsletter_tier_id":0,"_jetpack_memberships_contains_paywalled_content":false,"_jetpack_memberships_contains_paid_content":false,"footnotes":""},"categories":[64],"tags":[],"class_list":["post-80071","post","type-post","status-publish","format-standard","hentry","category-opinion"],"jetpack_featured_media_url":"","jetpack_shortlink":"https:\/\/wp.me\/p2JWE0-kPt","jetpack-related-posts":[{"id":79880,"url":"https:\/\/www.24baires.com\/?p=79880","url_meta":{"origin":80071,"position":0},"title":"Tras su detenci\u00f3n, Renunci\u00f3 Emiliano Giri a su cargo en el Emtur","author":"GB","date":"08\/03\/2016","format":false,"excerpt":"MAR DEL PLATA-El intendente le acept\u00f3 la renuncia. Giri est\u00e1 detenido en La Plata por un caso de corrupci\u00f3n Luego de ser detenido este martes a la madrugada por orden de la Justicia platense en el marco de una causa de corrupci\u00f3n y malversaci\u00f3n de fondos en los pagos de\u2026","rel":"","context":"En \u00abLocales\u00bb","block_context":{"text":"Locales","link":"https:\/\/www.24baires.com\/?cat=38"},"img":{"alt_text":"giri","src":"https:\/\/i0.wp.com\/www.24baires.com\/wp-content\/uploads\/2016\/03\/giri.jpg?resize=350%2C200","width":350,"height":200,"srcset":"https:\/\/i0.wp.com\/www.24baires.com\/wp-content\/uploads\/2016\/03\/giri.jpg?resize=350%2C200 1x, https:\/\/i0.wp.com\/www.24baires.com\/wp-content\/uploads\/2016\/03\/giri.jpg?resize=525%2C300 1.5x"},"classes":[]},{"id":105331,"url":"https:\/\/www.24baires.com\/?p=105331","url_meta":{"origin":80071,"position":1},"title":"Emiliano Giri asume como director en Obras Sanitarias","author":"GB","date":"08\/11\/2018","format":false,"excerpt":"El ex presidente del Emtur vuelve a la gesti\u00f3n municipal. \"El objetivo es ampliar la mirada de la empresa\", dijo En el marco de un proceso de reestructuraci\u00f3n del directorio de Obras Sanitarias, el intendente municipal design\u00f3 a Emiliano Giri como director en la presidencia en OSSE. \"Agradezco al intendente\u2026","rel":"","context":"En \u00abMunicipios\u00bb","block_context":{"text":"Municipios","link":"https:\/\/www.24baires.com\/?cat=44"},"img":{"alt_text":"","src":"https:\/\/i0.wp.com\/www.24baires.com\/wp-content\/uploads\/2016\/03\/giri.jpg?resize=350%2C200","width":350,"height":200,"srcset":"https:\/\/i0.wp.com\/www.24baires.com\/wp-content\/uploads\/2016\/03\/giri.jpg?resize=350%2C200 1x, https:\/\/i0.wp.com\/www.24baires.com\/wp-content\/uploads\/2016\/03\/giri.jpg?resize=525%2C300 1.5x"},"classes":[]},{"id":66973,"url":"https:\/\/www.24baires.com\/?p=66973","url_meta":{"origin":80071,"position":2},"title":"Carlos Arroyo ser\u00e1 precandidato a intendente de Mar del Plata por el PRO","author":"GB","date":"03\/06\/2015","format":false,"excerpt":"El concejal de Agrupaci\u00f3n Atl\u00e1ntica participar\u00e1 en las PASO y competir\u00e1 con Vilma Baragiola el pr\u00f3ximo 9 de agosto. Carlos Arroyo, concejal de la Agrupaci\u00f3n Atl\u00e1ntica, finalmente se decidi\u00f3 y participar\u00e1 en las PASO como precandidato a intendente por el PRO. El edil, apoyado por Emiliano Giri, cerr\u00f3 el acuerdo\u2026","rel":"","context":"En \u00abElecciones 2015\u00bb","block_context":{"text":"Elecciones 2015","link":"https:\/\/www.24baires.com\/?cat=74"},"img":{"alt_text":"arroyo PO","src":"https:\/\/i0.wp.com\/www.24baires.com\/wp-content\/uploads\/2015\/06\/arroyo-PO.jpg?resize=350%2C200","width":350,"height":200,"srcset":"https:\/\/i0.wp.com\/www.24baires.com\/wp-content\/uploads\/2015\/06\/arroyo-PO.jpg?resize=350%2C200 1x, https:\/\/i0.wp.com\/www.24baires.com\/wp-content\/uploads\/2015\/06\/arroyo-PO.jpg?resize=525%2C300 1.5x"},"classes":[]},{"id":79839,"url":"https:\/\/www.24baires.com\/?p=79839","url_meta":{"origin":80071,"position":3},"title":"Detuvieron al Secretario de Turismo de Mar del Plata por peculado","author":"AF","date":"08\/03\/2016","format":false,"excerpt":"El presidente del Ente Municipal de Turismo, Emiliano Giri, est\u00e1 acusado por malversaci\u00f3n de fondos p\u00fablicos. El presidente del Ente Municipal de Turismo de Mar del Plata, Emiliano Giri, fue detenido y trasladado a La Plata este martes. As\u00ed lo orden\u00f3 la Justicia, en el marco de una investigaci\u00f3n de\u2026","rel":"","context":"En \u00abLocales\u00bb","block_context":{"text":"Locales","link":"https:\/\/www.24baires.com\/?cat=38"},"img":{"alt_text":"giri","src":"https:\/\/i0.wp.com\/www.24baires.com\/wp-content\/uploads\/2016\/03\/giri.jpg?resize=350%2C200","width":350,"height":200,"srcset":"https:\/\/i0.wp.com\/www.24baires.com\/wp-content\/uploads\/2016\/03\/giri.jpg?resize=350%2C200 1x, https:\/\/i0.wp.com\/www.24baires.com\/wp-content\/uploads\/2016\/03\/giri.jpg?resize=525%2C300 1.5x"},"classes":[]},{"id":80785,"url":"https:\/\/www.24baires.com\/?p=80785","url_meta":{"origin":80071,"position":4},"title":"Mar del Plata: El fiscal de la causa pidi\u00f3 que Giri vuelva a estar preso","author":"GB","date":"30\/03\/2016","format":false,"excerpt":"El ex titular del Emtur dijo que todav\u00eda no fue notificado. \"Me sorprende enterarme por los medios\", afirm\u00f3. El fiscal Jorge Paolini solicit\u00f3 que sea revocada la excarcelaci\u00f3n que se le otorg\u00f3 al ex titular del Emtur, Emiliano Giri, por el caso del Astillero R\u00edo Santiago. \u201cPed\u00ed la inhibici\u00f3n de\u2026","rel":"","context":"En \u00abPoliciales\u00bb","block_context":{"text":"Policiales","link":"https:\/\/www.24baires.com\/?cat=49"},"img":{"alt_text":"giri","src":"https:\/\/i0.wp.com\/www.24baires.com\/wp-content\/uploads\/2016\/03\/giri.jpg?resize=350%2C200","width":350,"height":200,"srcset":"https:\/\/i0.wp.com\/www.24baires.com\/wp-content\/uploads\/2016\/03\/giri.jpg?resize=350%2C200 1x, https:\/\/i0.wp.com\/www.24baires.com\/wp-content\/uploads\/2016\/03\/giri.jpg?resize=525%2C300 1.5x"},"classes":[]},{"id":2616,"url":"https:\/\/www.24baires.com\/?p=2616","url_meta":{"origin":80071,"position":5},"title":"Lanzan el PROA desde Mar del Plata para la Quinta Secci\u00f3n con la presencia de Michetti","author":"Grupo Sierra","date":"19\/10\/2012","format":false,"excerpt":"En un acto realizado en el Teatro Roxy se lanz\u00f3 el PROA Mar del Plata y en la 5ta secci\u00f3n electoral y la Mesa Mauricio 2015. Emiliano Giri fue el anfitri\u00f3n de la diputada nacional Gabriela Michetti y el referente del PROA Daniel Angelici, entre otros presentes. En una sala\u2026","rel":"","context":"En \u00abPol\u00edtica\u00bb","block_context":{"text":"Pol\u00edtica","link":"https:\/\/www.24baires.com\/?cat=51"},"img":{"alt_text":"","src":"","width":0,"height":0},"classes":[]}],"jetpack_sharing_enabled":true,"jetpack_likes_enabled":true,"_links":{"self":[{"href":"https:\/\/www.24baires.com\/index.php?rest_route=\/wp\/v2\/posts\/80071","targetHints":{"allow":["GET"]}}],"collection":[{"href":"https:\/\/www.24baires.com\/index.php?rest_route=\/wp\/v2\/posts"}],"about":[{"href":"https:\/\/www.24baires.com\/index.php?rest_route=\/wp\/v2\/types\/post"}],"author":[{"embeddable":true,"href":"https:\/\/www.24baires.com\/index.php?rest_route=\/wp\/v2\/users\/4"}],"replies":[{"embeddable":true,"href":"https:\/\/www.24baires.com\/index.php?rest_route=%2Fwp%2Fv2%2Fcomments&post=80071"}],"version-history":[{"count":1,"href":"https:\/\/www.24baires.com\/index.php?rest_route=\/wp\/v2\/posts\/80071\/revisions"}],"predecessor-version":[{"id":80072,"href":"https:\/\/www.24baires.com\/index.php?rest_route=\/wp\/v2\/posts\/80071\/revisions\/80072"}],"wp:attachment":[{"href":"https:\/\/www.24baires.com\/index.php?rest_route=%2Fwp%2Fv2%2Fmedia&parent=80071"}],"wp:term":[{"taxonomy":"category","embeddable":true,"href":"https:\/\/www.24baires.com\/index.php?rest_route=%2Fwp%2Fv2%2Fcategories&post=80071"},{"taxonomy":"post_tag","embeddable":true,"href":"https:\/\/www.24baires.com\/index.php?rest_route=%2Fwp%2Fv2%2Ftags&post=80071"}],"curies":[{"name":"wp","href":"https:\/\/api.w.org\/{rel}","templated":true}]}}