{"id":8000,"date":"2012-12-05T15:12:35","date_gmt":"2012-12-05T18:12:35","guid":{"rendered":"http:\/\/www.24baires.com\/?p=8000"},"modified":"2012-12-05T15:14:50","modified_gmt":"2012-12-05T18:14:50","slug":"se-realizo-la-charla-debate-en-el-senado-bonaerense-con-los-periodistas-denunciados-por-clarin","status":"publish","type":"post","link":"https:\/\/www.24baires.com\/?p=8000","title":{"rendered":"Charla debate en el Senado bonaerense con los periodistas denunciados por Clar\u00edn"},"content":{"rendered":"<p><img data-recalc-dims=\"1\" loading=\"lazy\" decoding=\"async\" class=\"alignleft size-medium wp-image-8001\" title=\"debate 7d\" src=\"https:\/\/i0.wp.com\/www.24baires.com\/wp-content\/uploads\/2012\/12\/debate-7d.jpg?resize=300%2C198\" alt=\"\" width=\"300\" height=\"198\" srcset=\"https:\/\/i0.wp.com\/www.24baires.com\/wp-content\/uploads\/2012\/12\/debate-7d.jpg?resize=300%2C198&amp;ssl=1 300w, https:\/\/i0.wp.com\/www.24baires.com\/wp-content\/uploads\/2012\/12\/debate-7d.jpg?w=560&amp;ssl=1 560w\" sizes=\"auto, (max-width: 300px) 100vw, 300px\" \/>Los periodistas Horacio Vertbitsky, Javier Vicente, Roberto Caballero, Sandra Russo, Cynthia Garc\u00eda y Orlando Barone, y el abogado Damian Loreti participaron de la charla debate realizada en el Senado bonaerense. Acompa\u00f1ados por el vicegobernador Gabriel Mariotto, debatieron sobre el 7D, ante los reiterados intentos del Grupo Clar\u00edn de extender la medida cautelar e incumplir la Ley de Medios.<!--more--><\/p>\n<p>En el edificio anexo \u00abEva Per\u00f3n\u00bb del Senado provincial, el vicegobernador Gabriel Mariotto recibi\u00f3 al titular del Centro de Estudios Legales y Sociales (CELS), Horacio Verbitsky, y a los periodistas hostigados recientemente por el Grupo Clar\u00edn.<\/p>\n<p>Durante la charla, denominada \u00abLey de Medios: muchas voces, m\u00e1s democracia\u00bb, Mariotto afirm\u00f3 que \u00abestos periodistas presentes son payadores perseguidos, porque a los grandes grupos medi\u00e1ticos les molesta. Suponen que la libertad de expresi\u00f3n se limita a sus matices y querer encarcelar a los periodistas es inadmisible como tambien lo es que una orden de un juez sea mas fuerte que una ley votada en el Congreso\u00bb.<\/p>\n<p>De la misma manera, explic\u00f3 que \u00aben poco tiempo cumplimos 29 a\u00f1os de democracia inentirrumpidos y ya las acciones de los grupos se pueden advertir como hizo la presidenta Cristina Fern\u00e1ndez de Kirchner\u00bb.<\/p>\n<p>\u00abNo fuimos al Congreso a sacar la ley automaticamente, sino que le dimos cuerpo a una ley discutida en los foros, que le dieron mucho volumen y reflexi\u00f3n. Los diputados tenian la presion de los grupos monopolicos pero tambi\u00e9n contaban con el apoyo del pueblo que sab\u00eda lo que quer\u00eda\u00bb, remarc\u00f3.<\/p>\n<p>A su vez, sostuvo que la estrategia los jueces y los medios que frenan la Ley de Servicios de Comunicaci\u00f3n Audiovisual \u00abes ganar tiempo para poder seguir difamando, pero el pueblo esta presente\u00bb.<\/p>\n<p>\u00abEsto no es un lecho de rosas, es una construcci\u00f3n que debe llevarse con mucha comprensi\u00f3n. S\u00f3lo con amor podemos llevar adelante todas las transformaciones que se han llevado adelante desde el 2003\u00bb, dijo.<\/p>\n<p>\u00abPor eso queremos saber qui\u00e9nes son los jueces de la justicia de la Provincia, queremos que la defensa sea aut\u00f3noma, y siempre con iluminaci\u00f3n porque las justicia parace que es para pocos. Cuando se iluminan las cosas se eidencia que los mecanismos que parecian naturales no lo eran\u00bb, agreg\u00f3 haciendo referencia a los proyecto de ley que se impulsan desde el Senado.<\/p>\n<p>Uno de los redactores de la Ley de Medios, Damian Loreti, explic\u00f3 que la norma \u00abse encarga de cumplir con todos los derechos de los manuales de libertad de expresi\u00f3n, que es un derecho universal. Es una ley absolutamente respetuosa de los derechos humanos. El grave problema que dicen que hay muchos, es que nos hicimos cargo de cumplir con un mandato de derechos humanos\u00bb.<\/p>\n<p>Asimismo, el titular del Centro de Estudios Legales y Sociales (CELS), Horacio Vertvinsky, realiz\u00f3 un extenso recorrido hist\u00f3rico desde la d\u00e9cada del \u201870 a la actualidad y destac\u00f3 que \u00abno debemos pensar que porque tenemos un fallo de la justicia ya est\u00e1 todo hecho, hay que militar y poner el cuerpo para que muchas veces las cosas cambien, y necesitamos la organizaci\u00f3n para trabajar todos juntos\u00bb.<\/p>\n<p>Por su parte, el periodista Orlando Barone, uno de los trabajadores acusados por Clar\u00edn de \u00abincitaci\u00f3n a la violencia y coacci\u00f3n agravada\u00bb, sostuvo que \u00abestoy ac\u00e1 en calidad de damnificado judicial pero me siento protegido por ustedes y por lo que hay detr\u00e1s, que son olas de masas\u00bb.<\/p>\n<p>Agreg\u00f3, adem\u00e1s, que \u00ablos medios privados forman lo que se llaman dictaduras privadas que est\u00e1n escondidas por detr\u00e1s de la democracia. Nuestro pa\u00eds podr\u00eda haberse llamado Clar\u00edn en un futuro, pero gracias a todo esto dejaremos de llamarnos Clar\u00edn para volver a ser Argentina. De ahora m\u00e1s la frase ser\u00e1 que algo cambie para que nada siga igual\u00bb.<\/p>\n<p>De igual manera, la periodista Cynthia Garc\u00eda confes\u00f3 que \u00abme siento una trabajadora de prensa de base y me gustar\u00eda reconocer a todos mis compa\u00f1eros de prensa. No son lo mismo los medios que los periodistas, por eso cada uno de nosotros nos tenemos que hacer cargo de este momento y debemos pelear por la Ley de Medios. Hay que poner el cuerpo y la cabeza, defendernos con argumentos para entender que estamos en una bisagra de un poder pol\u00edtico que se enfrenta ineditamente a los grupos monop\u00f3licos\u00bb.<\/p>\n<p>Por su parte, el periodista deportivo Javier Vicente sostuvo que \u00abla ley de medios es muy transcendente para todos los argentinos, de la misma manera que fue el Futbol para Todos presentado por la presidenta Cristina Kirchner, por el da\u00f1o que nos hac\u00edan al no poder ver a nuestros equipos mientras que los relatores pod\u00edan ver lo que el hincha no ve\u00eda desde su casa. Con la ley mostramos la verdadera cara de los medios monop\u00f3lico, y lo que no mata fortalece, asi que todav\u00eda seguimos de pie a pesar de las denuncias\u00bb.<\/p>\n<p>La periodista Sandra Russo, agradeci\u00f3 al vicegobernador y al CELS por la defensa ante la denuncia de Clar\u00edn y explic\u00f3 que con su persecuci\u00f3n \u00abClar\u00edn demostr\u00f3 b\u00e1sicamente que no le interesa la libertad ni la democracia. Debemos tener presente que van a apostar a la palabra violencia, como har\u00eda cualquiera que esta desesperado\u00bb.<\/p>\n<p>\u00abEsto que desemboca en la denuncia y que intenta quitarnos nuestra condici\u00f3n de periodistas fue puesta en un discurso que se promulg\u00f3 desde nuestra salida en 6,7,8 en 2009. Hemos tenido que soportar que publiquen nuestros honorarios y nos han tildado de chorros. Al tema de mercenarios hay que ponerle un l\u00edmite, yo estoy harta que me llamen as\u00ed. Pero tenemos que evitar el cuerpo a cuerpo y la violencia, porque es lo que ellos est\u00e1n buscando en este momento, que es el mejor de nuestras vidas\u00bb, concluy\u00f3 la periodista.<\/p>\n<p>Por \u00faltimo, el periodista Roberto Caballero, explic\u00f3 que \u00aben esta democracia no est\u00e1 en riesgo la libertad de expresi\u00f3n de ninguno de los presentes, lo que est\u00e1 en peligro es la democracia acorralada por una corporaci\u00f3n\u00bb.<\/p>\n<p>Recordando la orden de N\u00e9stor Kirchner de bajar los cuadros de los militares que actuaron en la \u00faltima dictadura c\u00edvico-militar, adelant\u00f3 que \u00abya hemos conseguido una victoria que es que la gente hable y sepa que es la libertad de expresi\u00f3n, y este 7 de diciembre tenemos que apoyar a la presidenta Cristina Fern\u00e1ndez de Kirchner para que baje el cuadro de Magnetto\u00bb.<\/p>\n<p>Para la jornada que encabez\u00f3 Mariotto, estaba prevista la participaci\u00f3n del titular dela Autoridad Federal de Servicios de Comunicaci\u00f3n Audiovisual (AFSCA), Martin Sabatella, quien no pudo asistir por \u00abcuestiones de agenda\u00bb referidas a la aplicaci\u00f3n de la ley.<\/p>\n<p>Seg\u00fan indic\u00f3 Vertbitsky, Sabbatella podr\u00eda anunciar en las pr\u00f3ximas horas importantes novedades sobre el plan de adecuaci\u00f3n del Grupo Clar\u00edn.<\/p>\n<p>Durante el acto, tambi\u00e9n se transmiti\u00f3 en vivo y en directo la conferencia de prensa que brind\u00f3 el ministro de Justicia y Derechos Humanos de la Naci\u00f3n, Julio Alak, sobre el incumplimiento del Grupo Clar\u00edn y las diversas irregularidades que implicaron a los jueces que permitieron la medida cautelar contra el pleno ejercicio del art\u00edculo 161 de la Ley de Servicios de Comunicaci\u00f3n Audiovisual.<\/p>\n<p>En el Anexo del Senado estuvieron presentes la madre y hermana de la presidenta Cristina Fern\u00e1ndez de Kirchner, Ofelia y Giselle Fern\u00e1ndez, la presidenta del FpV en la C\u00e1mara alta, Cristina Fioramonti, y su par de la C\u00e1mara de Diputados, Juan de Jes\u00fas, y representantes de Madres y Abuelas de Plaza de Mayo, junto a la Comisi\u00f3n Provincial por la Memoria y otras organizaciones de Derechos Humanos.<\/p>\n","protected":false},"excerpt":{"rendered":"<p>Los periodistas Horacio Vertbitsky, Javier Vicente, Roberto Caballero, Sandra Russo, Cynthia Garc\u00eda y Orlando Barone, y el abogado Damian Loreti participaron de la charla debate realizada en el Senado bonaerense. Acompa\u00f1ados por el vicegobernador Gabriel Mariotto, debatieron sobre el 7D, ante los reiterados intentos del Grupo Clar\u00edn de extender la medida cautelar e incumplir la Ley de Medios.<\/p>\n","protected":false},"author":4,"featured_media":0,"comment_status":"open","ping_status":"open","sticky":false,"template":"","format":"standard","meta":{"_jetpack_newsletter_access":"","_jetpack_dont_email_post_to_subs":false,"_jetpack_newsletter_tier_id":0,"_jetpack_memberships_contains_paywalled_content":false,"_jetpack_memberships_contains_paid_content":false,"footnotes":""},"categories":[54],"tags":[],"class_list":["post-8000","post","type-post","status-publish","format-standard","hentry","category-medios"],"jetpack_featured_media_url":"","jetpack_shortlink":"https:\/\/wp.me\/p2JWE0-252","jetpack-related-posts":[{"id":3795,"url":"https:\/\/www.24baires.com\/?p=3795","url_meta":{"origin":8000,"position":0},"title":"Una reuni\u00f3n de Scioli con Mariotto fue un fest\u00edn para los medios hegem\u00f3nicos","author":"Grupo Sierra","date":"30\/10\/2012","format":false,"excerpt":"El Gobernador y el Vice repasaron la agenda parlamentaria y dieron lugar a m\u00faltiples lecturas pol\u00edticas. De alguna manera, rompieron con la inercia de un an\u00e1lisis medi\u00e1tico predominante que los muestra como parte de grupos enfrentados por el poder, casi como adversarios irreconciliables. Con \u201cmensajes\u201d y \u201csuspicacias\u201d reales o imaginadas\u2026","rel":"","context":"En \u00abMedios\u00bb","block_context":{"text":"Medios","link":"https:\/\/www.24baires.com\/?cat=54"},"img":{"alt_text":"","src":"https:\/\/i0.wp.com\/www.24baires.com\/wp-content\/uploads\/2012\/10\/scioli-mariotto.jpg?resize=350%2C200","width":350,"height":200,"srcset":"https:\/\/i0.wp.com\/www.24baires.com\/wp-content\/uploads\/2012\/10\/scioli-mariotto.jpg?resize=350%2C200 1x, https:\/\/i0.wp.com\/www.24baires.com\/wp-content\/uploads\/2012\/10\/scioli-mariotto.jpg?resize=525%2C300 1.5x"},"classes":[]},{"id":63280,"url":"https:\/\/www.24baires.com\/?p=63280","url_meta":{"origin":8000,"position":1},"title":"Mariotto y Scioli presentaron la conferencia de Ramonet","author":"GB","date":"17\/03\/2015","format":false,"excerpt":"El titular del Senado encabez\u00f3 un acto en el recinto de sesiones, donde el intelectual Ignacio Ramonet disert\u00f3 sobre la realidad latinoamericana bajo el eje \u201cDi\u00e1logo con los pueblos\u201d. Con la presencia de Daniel Scioli, el vicegobernador Gabriel Mariotto recibi\u00f3 en el Palacio legislativo al escritor y periodista Ignacio Ramonet,\u2026","rel":"","context":"En \u00abProvincia\u00bb","block_context":{"text":"Provincia","link":"https:\/\/www.24baires.com\/?cat=40"},"img":{"alt_text":"scioli 1","src":"https:\/\/i0.wp.com\/www.24baires.com\/wp-content\/uploads\/2015\/01\/scioli-1.jpg?resize=350%2C200","width":350,"height":200,"srcset":"https:\/\/i0.wp.com\/www.24baires.com\/wp-content\/uploads\/2015\/01\/scioli-1.jpg?resize=350%2C200 1x, https:\/\/i0.wp.com\/www.24baires.com\/wp-content\/uploads\/2015\/01\/scioli-1.jpg?resize=525%2C300 1.5x"},"classes":[]},{"id":8630,"url":"https:\/\/www.24baires.com\/?p=8630","url_meta":{"origin":8000,"position":2},"title":"Mariotto: \u201cLa ley de medios dej\u00f3 al descubierto la corporaci\u00f3n judicial\u201d","author":"Grupo Sierra","date":"10\/12\/2012","format":false,"excerpt":"El vicegobernador bonaerense, Gabriel Mariotto, critic\u00f3 la decisi\u00f3n de extender la medida cautelar que impide la plena aplicaci\u00f3n de la Ley de Servicios de Comunicaci\u00f3n Audiovisual, pero remarc\u00f3 que conf\u00eda en la Justicia: \"Criticamos a los jueces que tienen v\u00ednculo con el grupo Clar\u00edn y fallan a favor de sus\u2026","rel":"","context":"En \u00abMedios\u00bb","block_context":{"text":"Medios","link":"https:\/\/www.24baires.com\/?cat=54"},"img":{"alt_text":"","src":"","width":0,"height":0},"classes":[]},{"id":47612,"url":"https:\/\/www.24baires.com\/?p=47612","url_meta":{"origin":8000,"position":3},"title":"En el D\u00eda del Periodista, homenajearon a Rodolfo Walsh","author":"Grupo Sierra","date":"08\/06\/2014","format":false,"excerpt":"El vicegobernador bonaerense, Gabriel Mariotto, y la titular de Madres de Plaza de Mayo, Hebe de Bonafini, destacaron la figura del escritor y periodista, asesinado por la \u00faltima dictadura c\u00edvico militar, y reconocieron a \"los trabajadores de prensa comprometidos que siguen resistiendo y opinando\". En un acto conmemorativo del \"D\u00eda\u2026","rel":"","context":"En \u00abSociedad\u00bb","block_context":{"text":"Sociedad","link":"https:\/\/www.24baires.com\/?cat=1"},"img":{"alt_text":"mariotto bonafini","src":"https:\/\/i0.wp.com\/www.24baires.com\/wp-content\/uploads\/2014\/06\/mariotto-bonafini.jpg?resize=350%2C200","width":350,"height":200,"srcset":"https:\/\/i0.wp.com\/www.24baires.com\/wp-content\/uploads\/2014\/06\/mariotto-bonafini.jpg?resize=350%2C200 1x, https:\/\/i0.wp.com\/www.24baires.com\/wp-content\/uploads\/2014\/06\/mariotto-bonafini.jpg?resize=525%2C300 1.5x"},"classes":[]},{"id":32257,"url":"https:\/\/www.24baires.com\/?p=32257","url_meta":{"origin":8000,"position":4},"title":"\u201cOtra vez Naci\u00f3n y Clar\u00edn, m\u00e1s impresentables que nunca. Ahora las calzas de CFK\u00bb","author":"Grupo Sierra","date":"22\/09\/2013","format":false,"excerpt":"La Presidenta se refiri\u00f3 a trav\u00e9s de Twitter a la cobertura que realiz\u00f3 la prensa opositora de la inauguraci\u00f3n del Centro Recreativo Nacional de Ezeiza y se\u00f1al\u00f3 que \u201cel objetivo era otro, hab\u00eda que hablar de las calzas y no de la formidable reconstrucci\u00f3n de un \u00edcono del Peronismo\". A\u2026","rel":"","context":"En \u00abPol\u00edtica\u00bb","block_context":{"text":"Pol\u00edtica","link":"https:\/\/www.24baires.com\/?cat=51"},"img":{"alt_text":"cristina twitter 2013","src":"https:\/\/i0.wp.com\/www.24baires.com\/wp-content\/uploads\/2013\/09\/cristina-twitter-2013.jpg?resize=350%2C200","width":350,"height":200,"srcset":"https:\/\/i0.wp.com\/www.24baires.com\/wp-content\/uploads\/2013\/09\/cristina-twitter-2013.jpg?resize=350%2C200 1x, https:\/\/i0.wp.com\/www.24baires.com\/wp-content\/uploads\/2013\/09\/cristina-twitter-2013.jpg?resize=525%2C300 1.5x"},"classes":[]},{"id":37501,"url":"https:\/\/www.24baires.com\/?p=37501","url_meta":{"origin":8000,"position":5},"title":"Necochea: Tellechea espera una resoluci\u00f3n de la Corte","author":"Grupo Sierra","date":"27\/12\/2013","format":false,"excerpt":"El intendente destituido por los opositores que responden al \u201cMomo\u201d Venegas destac\u00f3 las modificaciones que realiz\u00f3 el Senado a esa norma clave para los distritos bonaerenses y reclam\u00f3 su sanci\u00f3n definitiva. El pr\u00f3ximo 9 de febrero se cumplir\u00e1 un a\u00f1o del golpe institucional orquestado contra el intendente de Necochea, Horacio\u2026","rel":"","context":"En \u00abLocales\u00bb","block_context":{"text":"Locales","link":"https:\/\/www.24baires.com\/?cat=38"},"img":{"alt_text":"","src":"","width":0,"height":0},"classes":[]}],"jetpack_sharing_enabled":true,"jetpack_likes_enabled":true,"_links":{"self":[{"href":"https:\/\/www.24baires.com\/index.php?rest_route=\/wp\/v2\/posts\/8000","targetHints":{"allow":["GET"]}}],"collection":[{"href":"https:\/\/www.24baires.com\/index.php?rest_route=\/wp\/v2\/posts"}],"about":[{"href":"https:\/\/www.24baires.com\/index.php?rest_route=\/wp\/v2\/types\/post"}],"author":[{"embeddable":true,"href":"https:\/\/www.24baires.com\/index.php?rest_route=\/wp\/v2\/users\/4"}],"replies":[{"embeddable":true,"href":"https:\/\/www.24baires.com\/index.php?rest_route=%2Fwp%2Fv2%2Fcomments&post=8000"}],"version-history":[{"count":3,"href":"https:\/\/www.24baires.com\/index.php?rest_route=\/wp\/v2\/posts\/8000\/revisions"}],"predecessor-version":[{"id":8004,"href":"https:\/\/www.24baires.com\/index.php?rest_route=\/wp\/v2\/posts\/8000\/revisions\/8004"}],"wp:attachment":[{"href":"https:\/\/www.24baires.com\/index.php?rest_route=%2Fwp%2Fv2%2Fmedia&parent=8000"}],"wp:term":[{"taxonomy":"category","embeddable":true,"href":"https:\/\/www.24baires.com\/index.php?rest_route=%2Fwp%2Fv2%2Fcategories&post=8000"},{"taxonomy":"post_tag","embeddable":true,"href":"https:\/\/www.24baires.com\/index.php?rest_route=%2Fwp%2Fv2%2Ftags&post=8000"}],"curies":[{"name":"wp","href":"https:\/\/api.w.org\/{rel}","templated":true}]}}