{"id":79928,"date":"2016-03-09T22:00:24","date_gmt":"2016-03-10T01:00:24","guid":{"rendered":"http:\/\/www.24baires.com\/?p=79928"},"modified":"2016-03-09T20:04:20","modified_gmt":"2016-03-09T23:04:20","slug":"las-paritarias-y-la-disputa-del-empleo-publico-tras-el-acuerdo-docente-en-la-provincia","status":"publish","type":"post","link":"https:\/\/www.24baires.com\/?p=79928","title":{"rendered":"Las paritarias y la disputa del empleo p\u00fablico tras el acuerdo docente en la Provincia"},"content":{"rendered":"<p><img data-recalc-dims=\"1\" loading=\"lazy\" decoding=\"async\" class=\"aligncenter size-full wp-image-79150\" src=\"https:\/\/i0.wp.com\/www.24baires.com\/wp-content\/uploads\/2016\/02\/docentes-vidal.jpg?resize=560%2C397\" alt=\"docentes vidal\" width=\"560\" height=\"397\" srcset=\"https:\/\/i0.wp.com\/www.24baires.com\/wp-content\/uploads\/2016\/02\/docentes-vidal.jpg?w=560&amp;ssl=1 560w, https:\/\/i0.wp.com\/www.24baires.com\/wp-content\/uploads\/2016\/02\/docentes-vidal.jpg?resize=300%2C213&amp;ssl=1 300w\" sizes=\"auto, (max-width: 560px) 100vw, 560px\" \/><\/p>\n<p>La postal de la semana pasada fue el acuerdo con los docentes y el inicio de clases en fecha. Quiz\u00e1s la nota anterior al referirme al acuerdo fui exageradamente cr\u00edtico. Puede que no haya sido tan mal acuerdo. Verdaderamente comprometidas est\u00e1n otras negociaciones salariales. La incertidumbre, la situaci\u00f3n m\u00e1s cr\u00edtica se halla en otros colectivos del empleo p\u00fablico y privado.<!--more--><br \/>\nDesde ya que el acuerdo no fue para celebrar con bombos y platillos. Aparece f\u00e1cilmente la incertidumbre en cuanto a la inflaci\u00f3n, cierta desconfianza de una supuesta predisposici\u00f3n a rever el aumento llegado el caso. Se ve que no es un acuerdo que de golpe se haga sentir como una recomposici\u00f3n de poder adquisitivo y que si reanudado el ciclo lectivo luego del receso invernal no se da otro aumento que cubra una inflaci\u00f3n posterior finalmente con todas las letras se ver\u00e1 un ataque al bolsillo docente.<br \/>\nDe inmediato surge el comentario de que el colectivo docente tiene sus cosas que lo distinguen. Habr\u00e1 quienes digan que despu\u00e9s de todo no cobran tan mal comparado con amplios colectivos de trabajadores, se caracterizan por la estabilidad, la formalidad del empleo, un r\u00e9gimen previsional con cierto atractivo, etc\u00e9tera, etc\u00e9tera, etc\u00e9tera. Siempre es bueno se\u00f1alar la muy diversa situaci\u00f3n del colectivo docente.<\/p>\n<p>Tengo mis dudas respecto a que verdaderamente vengan con gran vocaci\u00f3n de ajuste por all\u00ed, imagino que tendr\u00e1n sus reparos pero tal vez me equivoque. Quiz\u00e1s a causa de los escasos esfuerzos por robustecer el sistema educativo no haya mucho margen para el ajuste.<br \/>\nUn Estado que garantice m\u00ednimamente el acceso a la educaci\u00f3n m\u00e1s elemental nadie lo pone en duda. La funci\u00f3n, el trabajo del docente, ese alcance m\u00ednimo del Estado no est\u00e1 en cuesti\u00f3n. En cambio, s\u00ed pueden poner en cuesti\u00f3n vastas atribuciones del Estado, cierto alcance del mismo y con ello muchos otros empleos.<br \/>\nA diferencia de otras negociaciones del Estado con sus trabajadores, la negociaci\u00f3n docente se ve marcada por una temporalidad clara como es aquella que marca la necesariedad del inicio del ciclo lectivo, un hecho que queda a la vista del p\u00fablico en general y en que un amplio p\u00fablico de alguna u otra manera se ve implicado. M\u00e1s que cualquier otra pone en juego el poder adquisitivo de un numeroso colectivo de familias y acaso tambi\u00e9n moviliza una sensibilidad social mayor. No por nada fue el primero y hasta aqu\u00ed \u00fanico acuerdo salarial de la gesti\u00f3n Vidal.<\/p>\n<p>A las puertas de los despachos de gobernaci\u00f3n a\u00fan golpean los reclamos de celeridad y las reivindicaciones salariales de otros grupos de trabajadores bonaerenses por medio de las organizaciones gremiales que los representan. Vemos en la actitud, en la pr\u00e9dica, en las primeras decisiones que han tomado y en sus ofrecimientos la pretensi\u00f3n de reducir en apreciable magnitud el empleo p\u00fablico y de negociar en la mayor parte de los casos salarios reales a la baja, por debajo del aumento del costo de vida.<\/p>\n<p>Distintos colectivos de trabajadores no conforman en n\u00famero lo que los docentes y de ah\u00ed que su visibilidad sea menor, en lo que respecta a muchos su funci\u00f3n es m\u00e1s f\u00e1cilmente puesta en cuesti\u00f3n, no cuentan con una temporalidad tal que marque la necesaria celeridad de la negociaci\u00f3n, sus medidas de fuerza no logran la eficacia deseada en virtud de que no amontonan a un p\u00fablico tan amplio y numeroso de damnificados que pueden ser un p\u00fablico m\u00e1s ocasional, especifico y reducido.<br \/>\nQueda el ojo puesto en posibles despidos. En otra oportunidad advert\u00edamos de como prorrogaron por plazos de tres meses n\u00fameros contratos que iba a quedar sujetos a revisi\u00f3n. Es de esperarse que con la puesta en cuesti\u00f3n de cierto nivel de gasto y ciertos alcances del Estado se geste una envestida contra numerosos empleos p\u00fablicos en ciertos \u00e1mbitos del Estado. Se juega el salario y tambi\u00e9n el empleo.<\/p>\n<p>Por m\u00e1s pr\u00e9dica que vengan a imponer, que cala hondo en el sentido com\u00fan y acaso tambi\u00e9n reposa en \u00e9l, aqu\u00ed no sobran empleados p\u00fablicos. Por cierto, tampoco hay mucho por defender acaloradamente en cuanto al alcance del Estado alcanzado por la anterior gesti\u00f3n provincial, la cual ha sido criticada en ciertas manifestaciones y por sus conocidas deficiencias en la gesti\u00f3n.<\/p>\n<p>El reciente ofrecimiento para los estatales de la administraci\u00f3n central ha sido m\u00e1s que insuficiente. El ofrecimiento fue de un 15% a partir del corriente mes de marzo y hasta julio sumado a un \u201cpago retroactivo\u201d del 5% con referencia a enero y febrero. Salta a la vista lo muy distante que est\u00e1 del aumento del costo de vida, queda bien en claro que buscan acuerdos que van muy por debajo de la inflaci\u00f3n. Recordemos que el primer ofrecimiento para los docentes rond\u00f3 el 23% en 3 tramos.<br \/>\nLa oferta se halla muy lejana del 35 o 40% exigido desde ATE, CICOP o AJB. Hoy es d\u00eda de paro movilizaci\u00f3n desde estos mismos gremios estatales.<br \/>\nSe avizora una estrategia desde gobernaci\u00f3n orientada a partir aguas entre los trabajadores negociando lo m\u00e1s por separado posible, de manera diferencial, menguando su poder de negociaci\u00f3n, su visibilidad.<\/p>\n<p>Movilizar\u00e1n -que duda cabe: las cartas ya est\u00e1n puestas sobre la mesa- el andamiaje represivo puesto ya en marcha en pos de menguar el poder de movilizaci\u00f3n y desalentar\u00e1n la fuerza de los reclamos con la pol\u00edtica de marcar a los combativos y con la no muy nueva por cierto y acostumbrada pr\u00e1ctica de descontar del salario los d\u00edas parados por el trabajador. Por lo menos a juzgar por lo que vienen haciendo y han dicho expresamente. Si quedara alguna duda de su inclinaci\u00f3n por reprimir valga anoticiarse de la represi\u00f3n de ayer por la ma\u00f1ana que aconteci\u00f3 cuando los trabajadores del gremio SOEME se movilizaron y manifestaron pac\u00edficamente a las puertas del Ministerio de Educaci\u00f3n.<\/p>\n<p>&nbsp;<\/p>\n<p>&nbsp;<\/p>\n<p>&nbsp;<\/p>\n","protected":false},"excerpt":{"rendered":"<p>La postal de la semana pasada fue el acuerdo con los docentes y el inicio de clases en fecha. Quiz\u00e1s la nota anterior al referirme al acuerdo fui exageradamente cr\u00edtico. Puede que no haya sido tan mal acuerdo. Verdaderamente comprometidas est\u00e1n otras negociaciones salariales. La incertidumbre, la situaci\u00f3n m\u00e1s cr\u00edtica se halla en otros colectivos del empleo p\u00fablico y privado.<\/p>\n","protected":false},"author":11,"featured_media":0,"comment_status":"open","ping_status":"open","sticky":false,"template":"","format":"standard","meta":{"_jetpack_newsletter_access":"","_jetpack_dont_email_post_to_subs":false,"_jetpack_newsletter_tier_id":0,"_jetpack_memberships_contains_paywalled_content":false,"_jetpack_memberships_contains_paid_content":false,"footnotes":""},"categories":[64],"tags":[],"class_list":["post-79928","post","type-post","status-publish","format-standard","hentry","category-opinion"],"jetpack_featured_media_url":"","jetpack_shortlink":"https:\/\/wp.me\/p2JWE0-kNa","jetpack-related-posts":[{"id":117833,"url":"https:\/\/www.24baires.com\/?p=117833","url_meta":{"origin":79928,"position":0},"title":"El Gobierno bonaerense y estatales vuelven a discutir aumentos salariales","author":"GB","date":"12\/07\/2021","format":false,"excerpt":"El Gobierno bonaerense recibir\u00e1 a representantes de los gremios de los distintos sectores estatales -docentes, profesionales de la salud, judiciales y trabajadores de la administraci\u00f3n p\u00fablica- para analizar posibles recomposiciones a los acuerdos salariales acordados en marzo. Por aquel entonces, se paut\u00f3 una suba en tres tramos de entre el\u2026","rel":"","context":"En \u00abLocales\u00bb","block_context":{"text":"Locales","link":"https:\/\/www.24baires.com\/?cat=38"},"img":{"alt_text":"","src":"https:\/\/i0.wp.com\/www.24baires.com\/wp-content\/uploads\/2016\/10\/gobernaci%C3%B3n.jpg?resize=350%2C200","width":350,"height":200,"srcset":"https:\/\/i0.wp.com\/www.24baires.com\/wp-content\/uploads\/2016\/10\/gobernaci%C3%B3n.jpg?resize=350%2C200 1x, https:\/\/i0.wp.com\/www.24baires.com\/wp-content\/uploads\/2016\/10\/gobernaci%C3%B3n.jpg?resize=525%2C300 1.5x"},"classes":[]},{"id":117983,"url":"https:\/\/www.24baires.com\/?p=117983","url_meta":{"origin":79928,"position":1},"title":"Kicillof convoc\u00f3 a los docentes a paritaria salarial","author":"GB","date":"11\/08\/2021","format":false,"excerpt":"A tono con la reapertura de la discusi\u00f3n a nivel nacional, el gobernador bonaerense busca avanzar con un nuevo acuerdo para que los trabajadores no pierdan frente ala inflaci\u00f3n Este viernes a partir de las 10:30 de la ma\u00f1ana se volver\u00e1n a reunir representantes de los gremios docentes con sus\u2026","rel":"","context":"En \u00abProvincia\u00bb","block_context":{"text":"Provincia","link":"https:\/\/www.24baires.com\/?cat=40"},"img":{"alt_text":"","src":"https:\/\/i0.wp.com\/www.24baires.com\/wp-content\/uploads\/2021\/08\/kicillof-docentes.jpg?resize=350%2C200","width":350,"height":200,"srcset":"https:\/\/i0.wp.com\/www.24baires.com\/wp-content\/uploads\/2021\/08\/kicillof-docentes.jpg?resize=350%2C200 1x, https:\/\/i0.wp.com\/www.24baires.com\/wp-content\/uploads\/2021\/08\/kicillof-docentes.jpg?resize=525%2C300 1.5x"},"classes":[]},{"id":117732,"url":"https:\/\/www.24baires.com\/?p=117732","url_meta":{"origin":79928,"position":2},"title":"Docentes formalizaron el pedido de reapertura de paritarias","author":"GB","date":"10\/06\/2021","format":false,"excerpt":"El objetivo es acelerar la revisi\u00f3n de los acuerdos firmados a principios de a\u00f1o y corregir los aumentos en funci\u00f3n de los nuevos datos de inflaci\u00f3n Desde el Frente de Unidad Docente Bonaerense (FUDB) le solicitaron formalmente a la Ministra de Trabajo, Mara Ruiz Malec, que convoque a la Comisi\u00f3n\u2026","rel":"","context":"En \u00abProvincia\u00bb","block_context":{"text":"Provincia","link":"https:\/\/www.24baires.com\/?cat=40"},"img":{"alt_text":"","src":"https:\/\/i0.wp.com\/www.24baires.com\/wp-content\/uploads\/2019\/03\/docentes.jpg?resize=350%2C200","width":350,"height":200,"srcset":"https:\/\/i0.wp.com\/www.24baires.com\/wp-content\/uploads\/2019\/03\/docentes.jpg?resize=350%2C200 1x, https:\/\/i0.wp.com\/www.24baires.com\/wp-content\/uploads\/2019\/03\/docentes.jpg?resize=525%2C300 1.5x"},"classes":[]},{"id":121122,"url":"https:\/\/www.24baires.com\/?p=121122","url_meta":{"origin":79928,"position":3},"title":"Dos gremios estatales aceptaron paritarias del 13,5% para marzo","author":"GB","date":"15\/03\/2024","format":false,"excerpt":"La Provincia cerr\u00f3 las paritarias de marzo para los estatales. Volver\u00e1n a negociar en abril, y ma\u00f1ana ser\u00e1 el turno de los docentes. Dos gremios estatales aceptaron la oferta del Gobierno bonaerense en paritarias, de un 13,5 por ciento de aumento para los empleados nucleados bajo la Ley 10.430 y\u2026","rel":"","context":"En \u00abProvincia\u00bb","block_context":{"text":"Provincia","link":"https:\/\/www.24baires.com\/?cat=40"},"img":{"alt_text":"","src":"https:\/\/i0.wp.com\/www.24baires.com\/wp-content\/uploads\/2024\/03\/paritarias-estatales.webp?resize=350%2C200","width":350,"height":200,"srcset":"https:\/\/i0.wp.com\/www.24baires.com\/wp-content\/uploads\/2024\/03\/paritarias-estatales.webp?resize=350%2C200 1x, https:\/\/i0.wp.com\/www.24baires.com\/wp-content\/uploads\/2024\/03\/paritarias-estatales.webp?resize=525%2C300 1.5x, https:\/\/i0.wp.com\/www.24baires.com\/wp-content\/uploads\/2024\/03\/paritarias-estatales.webp?resize=700%2C400 2x"},"classes":[]},{"id":103478,"url":"https:\/\/www.24baires.com\/?p=103478","url_meta":{"origin":79928,"position":4},"title":"Este lunes por orden judicial, gobierno y docentes vuelven a negociar paritarias","author":"Grupo Sierra","date":"22\/07\/2018","format":false,"excerpt":"El gobierno de Mar\u00eda Eugenia Vidal afina una nueva propuesta de aumento salarial que tiene foco en equiparar la evoluci\u00f3n de la inflaci\u00f3n en lo que va del a\u00f1o y podr\u00eda ser adelantada el lunes cuando vuelva a negociar con los gremios docentes, que por su parte ya decidieron que\u2026","rel":"","context":"En \u00abSindicales\u00bb","block_context":{"text":"Sindicales","link":"https:\/\/www.24baires.com\/?cat=326"},"img":{"alt_text":"","src":"https:\/\/i0.wp.com\/www.dib.com.ar\/gestion\/images\/blogmanagement\/noticias\/thumb\/5b53959e84aca1532204446.jpg?resize=350%2C200","width":350,"height":200,"srcset":"https:\/\/i0.wp.com\/www.dib.com.ar\/gestion\/images\/blogmanagement\/noticias\/thumb\/5b53959e84aca1532204446.jpg?resize=350%2C200 1x, https:\/\/i0.wp.com\/www.dib.com.ar\/gestion\/images\/blogmanagement\/noticias\/thumb\/5b53959e84aca1532204446.jpg?resize=525%2C300 1.5x"},"classes":[]},{"id":118343,"url":"https:\/\/www.24baires.com\/?p=118343","url_meta":{"origin":79928,"position":5},"title":"El Gobierno acord\u00f3 un 50% de aumento total para docentes y no docentes universitarios","author":"GB","date":"15\/12\/2021","format":false,"excerpt":"Con este acuerdo alcanzado, se cumple con la promesa del presidente Alberto Fern\u00e1ndez de que el aumento de los sueldos del personal universitario le gane a la inflaci\u00f3n anual. ministro de Educaci\u00f3n de la Naci\u00f3n, Jaime Perczyk, encabez\u00f3 una nueva mesa paritaria de seguimiento para docentes y no docentes, junto\u2026","rel":"","context":"En \u00abSociedad\u00bb","block_context":{"text":"Sociedad","link":"https:\/\/www.24baires.com\/?cat=1"},"img":{"alt_text":"","src":"","width":0,"height":0},"classes":[]}],"jetpack_sharing_enabled":true,"jetpack_likes_enabled":true,"_links":{"self":[{"href":"https:\/\/www.24baires.com\/index.php?rest_route=\/wp\/v2\/posts\/79928","targetHints":{"allow":["GET"]}}],"collection":[{"href":"https:\/\/www.24baires.com\/index.php?rest_route=\/wp\/v2\/posts"}],"about":[{"href":"https:\/\/www.24baires.com\/index.php?rest_route=\/wp\/v2\/types\/post"}],"author":[{"embeddable":true,"href":"https:\/\/www.24baires.com\/index.php?rest_route=\/wp\/v2\/users\/11"}],"replies":[{"embeddable":true,"href":"https:\/\/www.24baires.com\/index.php?rest_route=%2Fwp%2Fv2%2Fcomments&post=79928"}],"version-history":[{"count":3,"href":"https:\/\/www.24baires.com\/index.php?rest_route=\/wp\/v2\/posts\/79928\/revisions"}],"predecessor-version":[{"id":79933,"href":"https:\/\/www.24baires.com\/index.php?rest_route=\/wp\/v2\/posts\/79928\/revisions\/79933"}],"wp:attachment":[{"href":"https:\/\/www.24baires.com\/index.php?rest_route=%2Fwp%2Fv2%2Fmedia&parent=79928"}],"wp:term":[{"taxonomy":"category","embeddable":true,"href":"https:\/\/www.24baires.com\/index.php?rest_route=%2Fwp%2Fv2%2Fcategories&post=79928"},{"taxonomy":"post_tag","embeddable":true,"href":"https:\/\/www.24baires.com\/index.php?rest_route=%2Fwp%2Fv2%2Ftags&post=79928"}],"curies":[{"name":"wp","href":"https:\/\/api.w.org\/{rel}","templated":true}]}}